{"id":26722,"date":"2009-06-05T17:28:56","date_gmt":"2009-06-05T14:28:56","guid":{"rendered":"http:\/\/www.korhanyilmaz.com\/?p=26722"},"modified":"2009-06-05T17:28:56","modified_gmt":"2009-06-05T14:28:56","slug":"akpden-bassavci-yalcinkayaya-ilk-tepki","status":"publish","type":"post","link":"http:\/\/www.korhanyilmaz.com\/?p=26722","title":{"rendered":"AKP&#039;den Ba\u015fsavc\u0131 Yal\u00e7\u0131nkaya&#039;ya ilk tepki"},"content":{"rendered":"<p><a href=\"http:\/\/www.korhanyilmaz.com\/wp-content\/uploads\/2010\/10\/208.jpg\"  class=\"lightview\"><img loading=\"lazy\" decoding=\"async\" class=\"aligncenter size-full wp-image-26723\" src=\"http:\/\/www.korhanyilmaz.com\/wp-content\/uploads\/2010\/10\/208.jpg\" alt=\"\" width=\"325\" height=\"218\" \/><\/a><\/p>\n<p style=\"text-align: justify;\">AKP Grup Ba\u015fkanvekili Bekir Bozda\u011f, laikli\u011fin, T\u00fcrkiye Cumhuriyeti&#8217;nin sigortas\u0131 oldu\u011funu s\u00f6yledi.<\/p>\n<p style=\"text-align: justify;\">Bozda\u011f, gazetecilerin, Yarg\u0131tay Cumhuriyet Ba\u015fsavc\u0131s\u0131 Abdurrahman Yal\u00e7\u0131nkaya&#8217;n\u0131n a\u00e7\u0131klamalar\u0131yla ilgili sorular\u0131n\u0131 yan\u0131tlarken, hukuk devletinde ele\u015ftirilmez kararlar olmad\u0131\u011f\u0131n\u0131 belirterek, mahkeme kararlar\u0131n\u0131n ele\u015ftirilebilece\u011fini vurgulad\u0131. Bozda\u011f, &#8221;Nitekim Anayasa Mahkemesi, Yarg\u0131tay ve Dan\u0131\u015ftay ba\u015fkanlar\u0131 ba\u015fta olmak \u00fczere pek \u00e7ok hukuk\u00e7u, mahkeme kararlar\u0131n\u0131n ele\u015ftirilebilece\u011fini ifade etmi\u015ftir&#8221; dedi. <!--more--><\/p>\n<p style=\"text-align: justify;\">Mahkeme kararlar\u0131n\u0131 ele\u015ftirmek ile karara uyman\u0131n birbirine kar\u0131\u015ft\u0131r\u0131lmamas\u0131 gere\u011fine dikkati \u00e7eken Bozda\u011f, &#8221;Mahkeme kararlar\u0131 elbette ki uygulanacakt\u0131r. Bu ayr\u0131 \u015fey. Ama kararda bir yanl\u0131\u015fl\u0131k varsa, bunlar\u0131 da ele\u015ftirmek hukuk devleti olman\u0131n asgari gere\u011fidir. Bunu farkl\u0131 de\u011ferlendirmemek laz\u0131m. Laiklik, T\u00fcrkiye Cumhuriyeti&#8217;nin sigortas\u0131d\u0131r. AK Parti olarak buna inand\u0131k, bu inan\u00e7la kurulduk ve bug\u00fcne kadar da bu inan\u00e7la geldik ve bu inan\u00e7la da hizmet ediyoruz&#8221; diye konu\u015ftu.<\/p>\n<p style=\"text-align: justify;\"><strong>&#8220;B\u00d6YLE ANAL\u0130ZLER YAPMAK YARGI G\u00d6REVL\u0130LER\u0130N\u0130N \u0130\u015e\u0130 DE\u011e\u0130LD\u0130R<\/strong><\/p>\n<p style=\"text-align: justify;\">&#8220;Yarg\u0131tay Cumhuriyet Ba\u015fsavc\u0131s\u0131n\u0131n, hukuki de\u011ferlendirmeler yapmas\u0131, hukuki d\u00fczenlemeler hakk\u0131nda g\u00f6r\u00fc\u015f beyan etmesi kadar do\u011fal bir \u015feyin olmayaca\u011f\u0131n\u0131 kaydeden Bozda\u011f, \u015f\u00f6yle konu\u015ftu:<\/p>\n<p style=\"text-align: justify;\">&#8221;Elbette ki Yarg\u0131tay Cumhuriyet Ba\u015fsavc\u0131s\u0131 da bu konularda g\u00f6r\u00fc\u015flerini a\u00e7\u0131klayacakt\u0131r. Ama yarg\u0131 mensuplar\u0131n\u0131n siyasal i\u00e7erikli de\u011ferlendirmeler ve analizler yapmas\u0131 ve bir siyasi parti genel ba\u015fkan\u0131 gibi konu\u015fmas\u0131, her \u015feyden \u00f6nce kendilerine ve kurumlar\u0131na zarar verir. \u00c7\u00fcnk\u00fc siyasi de\u011ferlendirmeler ve analizler yapmak, yarg\u0131 g\u00f6revi yapanlar\u0131n de\u011fil, siyaset yapanlar\u0131n i\u015fidir. Yarg\u0131 g\u00f6revi yapanlar, g\u00f6revlerinde ba\u011f\u0131ms\u0131zd\u0131rlar; Anayasa, kanunlar ve hukuka uygun olarak vicdani kanaatleriyle verdikleri kararlarla konu\u015furlar. Ama asla niyet okumazlar. Niyet okuyarak de\u011ferlendirme yap\u0131p kararlar olu\u015fturmazlar ve olu\u015fturamazlar. G\u00f6r\u00fclen davalarla ilgili pek \u00e7ok ele\u015ftiri yapan siyasilere, hatta savc\u0131lar\u0131 darbe yapmakla su\u00e7layan, yarg\u0131y\u0131 ta\u015feronlukla su\u00e7layan siyasiler oldu. G\u00f6n\u00fcl isterdi ki Cumhuriyet savc\u0131lar\u0131na ve yarg\u0131ya yap\u0131lan bu haks\u0131z ithamlar kar\u015f\u0131s\u0131nda onlar\u0131n hakk\u0131n\u0131 hukukunu savunan bir a\u00e7\u0131klama yap\u0131lsayd\u0131 daha iyi olurdu. Ama yap\u0131lmad\u0131. Bu, baz\u0131lar\u0131n\u0131n yarg\u0131ya her t\u00fcrl\u00fc sayg\u0131s\u0131zl\u0131\u011f\u0131 yapmas\u0131 konusunda imtiyazl\u0131 bir konumu mu var sorusunu akla getiriyor.&#8221;<\/p>\n<p style=\"text-align: justify;\"><strong>&#8221;AK PART\u0130&#8221;, &#8221;AKP&#8221; TARTI\u015eMASI&#8230;<\/strong><\/p>\n<p style=\"text-align: justify;\">Bozda\u011f, partilerinin k\u0131sa ad\u0131yla ilgili tart\u0131\u015fmalar konusunda ise \u015funlar\u0131 kaydetti:<\/p>\n<p style=\"text-align: justify;\">&#8221;Herkes kendisine, kendi ismiyle hitap edilmesini ister. Kendi iste\u011fi d\u0131\u015f\u0131nda bir isimle hitap edilmesi do\u011fru olur mu? Elbette ki olmaz. Partimizin ad\u0131, Adalet ve Kalk\u0131nma Parti&#8217;sidir, k\u0131salt\u0131lm\u0131\u015f\u0131 ise AK Parti&#8217;dir. Bizim iste\u011fimiz, bize ismimizle hitap edilmesidir. Bu benimsenmedi\u011fi takdirde, her parti i\u00e7in bir isim ya da yak\u0131\u015ft\u0131rma yap\u0131labilir ama bu do\u011fru olmaz. Ben \u015fimdi MHP&#8217;nin ba\u015f\u0131na herhangi bir harf koyup, &#8216;siz \u015f\u00f6yle bir partisiniz&#8217; desem do\u011fru, ahlaki, insani olur mu? Elbette olmaz. Onun i\u00e7in biz AK Parti olarak herkese kendi ismiyle hitap ediyoruz, herkesin de bize ismimizle hitap etmesini beklemeye hakk\u0131m\u0131z oldu\u011funu d\u00fc\u015f\u00fcn\u00fcyoruz. Burada yanl\u0131\u015f olan ne?&#8221;<\/p>\n<p style=\"text-align: justify;\">Bekir Bozda\u011f, Genelkurmay Ba\u015fkan\u0131 Orgeneral \u0130lker Ba\u015fbu\u011f&#8217;un may\u0131n temizleme konusundaki a\u00e7\u0131klamalar\u0131n\u0131, &#8221;do\u011fru bir a\u00e7\u0131klama&#8221; olarak nitelendirdi.<\/p>\n<p style=\"text-align: justify;\"><a href=\"http:\/\/arsiv.gazeteport.com.tr\/NEWS\/GP_474440?WebsiteSearch=true\" target=\"_blank\"><span style=\"color: #888888;\">Kaynak : GAZETEPORT<\/span><\/a><\/p>\n","protected":false},"excerpt":{"rendered":"<\/p>\n<p style=\"text-align: justify;\">AKP Grup Ba\u015fkanvekili Bekir Bozda\u011f, laikli\u011fin, T\u00fcrkiye Cumhuriyeti&#8217;nin sigortas\u0131 oldu\u011funu s\u00f6yledi.<\/p>\n<p style=\"text-align: justify;\">Bozda\u011f, gazetecilerin, Yarg\u0131tay Cumhuriyet Ba\u015fsavc\u0131s\u0131 Abdurrahman Yal\u00e7\u0131nkaya&#8217;n\u0131n a\u00e7\u0131klamalar\u0131yla ilgili sorular\u0131n\u0131 yan\u0131tlarken, hukuk devletinde ele\u015ftirilmez kararlar olmad\u0131\u011f\u0131n\u0131 belirterek, mahkeme kararlar\u0131n\u0131n ele\u015ftirilebilece\u011fini vurgulad\u0131. Bozda\u011f, &#8221;Nitekim Anayasa Mahkemesi, Yarg\u0131tay ve Dan\u0131\u015ftay ba\u015fkanlar\u0131 ba\u015fta olmak \u00fczere pek \u00e7ok hukuk\u00e7u, mahkeme kararlar\u0131n\u0131n ele\u015ftirilebilece\u011fini ifade <\/p>\n","protected":false},"author":1,"featured_media":0,"comment_status":"open","ping_status":"closed","sticky":false,"template":"","format":"standard","meta":{"footnotes":""},"categories":[105],"tags":[111,112],"class_list":["post-26722","post","type-post","status-publish","format-standard","hentry","category-gundem","tag-abdurrahman-yalcinkaya","tag-bekir-bozdag","odd"],"_links":{"self":[{"href":"http:\/\/www.korhanyilmaz.com\/index.php?rest_route=\/wp\/v2\/posts\/26722","targetHints":{"allow":["GET"]}}],"collection":[{"href":"http:\/\/www.korhanyilmaz.com\/index.php?rest_route=\/wp\/v2\/posts"}],"about":[{"href":"http:\/\/www.korhanyilmaz.com\/index.php?rest_route=\/wp\/v2\/types\/post"}],"author":[{"embeddable":true,"href":"http:\/\/www.korhanyilmaz.com\/index.php?rest_route=\/wp\/v2\/users\/1"}],"replies":[{"embeddable":true,"href":"http:\/\/www.korhanyilmaz.com\/index.php?rest_route=%2Fwp%2Fv2%2Fcomments&post=26722"}],"version-history":[{"count":0,"href":"http:\/\/www.korhanyilmaz.com\/index.php?rest_route=\/wp\/v2\/posts\/26722\/revisions"}],"wp:attachment":[{"href":"http:\/\/www.korhanyilmaz.com\/index.php?rest_route=%2Fwp%2Fv2%2Fmedia&parent=26722"}],"wp:term":[{"taxonomy":"category","embeddable":true,"href":"http:\/\/www.korhanyilmaz.com\/index.php?rest_route=%2Fwp%2Fv2%2Fcategories&post=26722"},{"taxonomy":"post_tag","embeddable":true,"href":"http:\/\/www.korhanyilmaz.com\/index.php?rest_route=%2Fwp%2Fv2%2Ftags&post=26722"}],"curies":[{"name":"wp","href":"https:\/\/api.w.org\/{rel}","templated":true}]}}