{"id":26687,"date":"2010-10-27T11:03:50","date_gmt":"2010-10-27T08:03:50","guid":{"rendered":"http:\/\/www.korhanyilmaz.com\/?p=26687"},"modified":"2010-10-27T11:03:50","modified_gmt":"2010-10-27T08:03:50","slug":"yok-baskani-10-gunde-ikinci-kez-koskte","status":"publish","type":"post","link":"http:\/\/www.korhanyilmaz.com\/?p=26687","title":{"rendered":"Y\u00d6K Ba\u015fkan\u0131 10 g\u00fcnde ikinci kez K\u00f6\u015fk&#8217;te"},"content":{"rendered":"<p style=\"text-align: justify;\"><a href=\"http:\/\/www.korhanyilmaz.com\/wp-content\/uploads\/2010\/10\/203.jpg\"  class=\"lightview\"><img loading=\"lazy\" decoding=\"async\" class=\"aligncenter size-full wp-image-26688\" src=\"http:\/\/www.korhanyilmaz.com\/wp-content\/uploads\/2010\/10\/203.jpg\" alt=\"\" width=\"292\" height=\"224\" \/><\/a><\/p>\n<p style=\"text-align: justify;\">Y\u00d6K Ba\u015fkan\u0131 Yusuf Ziya \u00d6zcan, son 10 g\u00fcnde ikinci kez \u00c7ankaya K\u00f6\u015fk\u00fc&#8217;ne \u00e7\u0131k\u0131yor. G\u00f6r\u00fc\u015fmenin g\u00fcndeminde \u00fcniversitelere ili\u015fkin genel konular oldu\u011fu belirtildi. Ancak \u00d6zcan&#8217;\u0131n Cumhurba\u015fkan\u0131 Abdullah G\u00fcl ile t\u00fcrban tart\u0131\u015fmalar\u0131n\u0131 da de\u011ferlendirmesi bekleniyor. <!--more--><\/p>\n<p style=\"text-align: justify;\">Y\u00d6K Ba\u015fkan\u0131 ile randevu, Cumhurba\u015fkan\u0131 G\u00fcl&#8217;\u00fcn resmi program\u0131nda yer almad\u0131.<\/p>\n<p style=\"text-align: justify;\">G\u00fcl&#8217;\u00fcn tek program\u0131 saat 13:30&#8217;da ba\u015flayacak olan Milli G\u00fcvenlik Kurulu olarak duyuruldu.<\/p>\n<p style=\"text-align: justify;\">Ancak CNN T\u00dcRK&#8217;\u00fcn edindi\u011fi bilgilere g\u00f6re, MGK toplant\u0131s\u0131ndan \u00f6nce saat 11:30&#8217;da Y\u00d6K Ba\u015fkan\u0131, K\u00f6\u015fk&#8217;\u00fcn konu\u011fu olacak.<\/p>\n<p style=\"text-align: justify;\">\u00d6zcan son 10 g\u00fcnde ikinci kez Cumhurba\u015fkan\u0131 ile bir araya gelecek.<\/p>\n<p style=\"text-align: justify;\">G\u00fcndemde rekt\u00f6r atamalar\u0131, \u00fcniversitelere ili\u015fkin genel konular var denilse de, t\u00fcrban konusu kritik ba\u015fl\u0131k.<\/p>\n<p style=\"text-align: justify;\">Ayr\u0131ca Y\u00d6K&#8217;\u00fcn Milli E\u011fitim Bakanl\u0131\u011f\u0131&#8217;na sundu\u011fu \u00d6SYM ile ilgili yasa tasar\u0131s\u0131 ile Y\u00d6K Kanunu ile ilgili baz\u0131 d\u00fczenlemeler de g\u00fcndeme gelebilir.<\/p>\n<p style=\"text-align: justify;\">Y\u00d6K Ba\u015fkan\u0131 \u00d6zcan, g\u00f6r\u00fc\u015fmeden sonra Mu\u015f&#8217;a gidecek.<\/p>\n<p style=\"text-align: justify;\"><a href=\"http:\/\/www.cnnturk.com\/2010\/turkiye\/10\/27\/yok.baskani.10.gunde.ikinci.kez.koskte\/594475.0\/index.html\" target=\"_blank\"><span style=\"color: #888888;\">CNN T\u00dcRK<\/span><\/a><\/p>\n","protected":false},"excerpt":{"rendered":"<p style=\"text-align: justify;\">\n<p style=\"text-align: justify;\">Y\u00d6K Ba\u015fkan\u0131 Yusuf Ziya \u00d6zcan, son 10 g\u00fcnde ikinci kez \u00c7ankaya K\u00f6\u015fk\u00fc&#8217;ne \u00e7\u0131k\u0131yor. G\u00f6r\u00fc\u015fmenin g\u00fcndeminde \u00fcniversitelere ili\u015fkin genel konular oldu\u011fu belirtildi. Ancak \u00d6zcan&#8217;\u0131n Cumhurba\u015fkan\u0131 Abdullah G\u00fcl ile t\u00fcrban tart\u0131\u015fmalar\u0131n\u0131 da de\u011ferlendirmesi bekleniyor. <\/p>\n","protected":false},"author":1,"featured_media":0,"comment_status":"open","ping_status":"closed","sticky":false,"template":"","format":"standard","meta":{"footnotes":""},"categories":[105],"tags":[],"class_list":["post-26687","post","type-post","status-publish","format-standard","hentry","category-gundem","odd"],"_links":{"self":[{"href":"http:\/\/www.korhanyilmaz.com\/index.php?rest_route=\/wp\/v2\/posts\/26687","targetHints":{"allow":["GET"]}}],"collection":[{"href":"http:\/\/www.korhanyilmaz.com\/index.php?rest_route=\/wp\/v2\/posts"}],"about":[{"href":"http:\/\/www.korhanyilmaz.com\/index.php?rest_route=\/wp\/v2\/types\/post"}],"author":[{"embeddable":true,"href":"http:\/\/www.korhanyilmaz.com\/index.php?rest_route=\/wp\/v2\/users\/1"}],"replies":[{"embeddable":true,"href":"http:\/\/www.korhanyilmaz.com\/index.php?rest_route=%2Fwp%2Fv2%2Fcomments&post=26687"}],"version-history":[{"count":0,"href":"http:\/\/www.korhanyilmaz.com\/index.php?rest_route=\/wp\/v2\/posts\/26687\/revisions"}],"wp:attachment":[{"href":"http:\/\/www.korhanyilmaz.com\/index.php?rest_route=%2Fwp%2Fv2%2Fmedia&parent=26687"}],"wp:term":[{"taxonomy":"category","embeddable":true,"href":"http:\/\/www.korhanyilmaz.com\/index.php?rest_route=%2Fwp%2Fv2%2Fcategories&post=26687"},{"taxonomy":"post_tag","embeddable":true,"href":"http:\/\/www.korhanyilmaz.com\/index.php?rest_route=%2Fwp%2Fv2%2Ftags&post=26687"}],"curies":[{"name":"wp","href":"https:\/\/api.w.org\/{rel}","templated":true}]}}