{"id":26679,"date":"2010-10-27T11:37:31","date_gmt":"2010-10-27T08:37:31","guid":{"rendered":"http:\/\/www.korhanyilmaz.com\/?p=26679"},"modified":"2010-10-27T11:37:31","modified_gmt":"2010-10-27T08:37:31","slug":"kilicdaroglu-tuzuk-uyarisinin-geregi-yapilir","status":"publish","type":"post","link":"http:\/\/www.korhanyilmaz.com\/?p=26679","title":{"rendered":"K\u0131l\u0131\u00e7daro\u011flu: &#8220;T\u00fcz\u00fck uyar\u0131s\u0131n\u0131n gere\u011fi yap\u0131l\u0131r&#8221;"},"content":{"rendered":"<p style=\"text-align: justify;\"><a href=\"http:\/\/www.korhanyilmaz.com\/wp-content\/uploads\/2010\/10\/2011.jpg\"  class=\"lightview\"><img loading=\"lazy\" decoding=\"async\" class=\"aligncenter size-full wp-image-26680\" src=\"http:\/\/www.korhanyilmaz.com\/wp-content\/uploads\/2010\/10\/2011.jpg\" alt=\"\" width=\"292\" height=\"206\" \/><\/a><\/p>\n<p style=\"text-align: justify;\">CHP lideri Kemal K\u0131l\u0131\u00e7daro\u011flu, Yarg\u0131tay Cumhuriyet Ba\u015fsavc\u0131l\u0131\u011f\u0131&#8217;ndan CHP&#8217;ye t\u00fcz\u00fck de\u011fi\u015fikli\u011fi konusunda g\u00f6nderilen yaz\u0131ya ili\u015fkin olarak, &#8220;Hukuk devletiyiz, e\u011fer bir yaz\u0131 gelmi\u015fse gere\u011fini yapaca\u011f\u0131z&#8221; dedi.<\/p>\n<p style=\"text-align: justify;\">K\u0131l\u0131\u00e7daro\u011flu, \u0130stanbul&#8217;a hareketinden \u00f6nce Esenbo\u011fa Havaliman\u0131&#8217;nda gazetecilerin sorular\u0131n\u0131 yan\u0131tlad\u0131. <!--more--><\/p>\n<p style=\"text-align: justify;\">Yarg\u0131tay Cumhuriyet Ba\u015fsavc\u0131l\u0131\u011f\u0131n\u0131n t\u00fcz\u00fck de\u011fi\u015fikli\u011fine ili\u015fkin CHP&#8217;ye uyar\u0131 yaz\u0131s\u0131 g\u00f6nderdi\u011fi hat\u0131rlat\u0131larak, bu konudaki tav\u0131rlar\u0131n\u0131n ne olaca\u011f\u0131n\u0131n sorulmas\u0131 \u00fczerine K\u0131l\u0131\u00e7daro\u011flu, &#8220;Hukuk devletiyiz, e\u011fer bir yaz\u0131 gelmi\u015fse gere\u011fini yapaca\u011f\u0131z&#8221; dedi.<\/p>\n<p style=\"text-align: justify;\">K\u0131l\u0131\u00e7daro\u011flu, kurultaya gidilip gidilmeyece\u011fi sorusuna da &#8220;E\u011fer yaz\u0131 b\u00f6yle ise kurultaya gideriz. Yaz\u0131 \u00f6yle de\u011filse yaz\u0131n\u0131n gere\u011fi ne ise onu yapar\u0131z. Sonu\u00e7ta hukuk kurallar\u0131 i\u00e7inde gere\u011fi ne ise yerine getirilecektir&#8221; kar\u015f\u0131l\u0131\u011f\u0131n\u0131 verdi.<\/p>\n<p style=\"text-align: justify;\">Bir gazetecinin, &#8220;Daha \u00f6nce kurultaya gidilebilece\u011fi&#8221; y\u00f6n\u00fcnde a\u00e7\u0131klamalar\u0131 oldu\u011funu ve Yarg\u0131tay Cumhuriyet Ba\u015fsavc\u0131l\u0131\u011f\u0131n\u0131n yaz\u0131s\u0131nda da 15 g\u00fcn i\u00e7inde t\u00fcz\u00fc\u011f\u00fcn y\u00fcr\u00fcrl\u00fc\u011fe konulmas\u0131n\u0131n istedi\u011finin hat\u0131rlatmas\u0131 \u00fczerine de K\u0131l\u0131\u00e7daro\u011flu, &#8220;Biz de t\u00fcz\u00fc\u011f\u00fc uygulamaya koyar\u0131z, bu kadar basit&#8221; dedi.<\/p>\n<p style=\"text-align: justify;\">K\u0131l\u0131\u00e7daro\u011flu, herhangi bir karar verilmeden \u00f6nce yaz\u0131y\u0131 g\u00f6rmesinin gerekti\u011fini de vurgulad\u0131.<\/p>\n<p style=\"text-align: justify;\">CHP&#8217;deki t\u00fcz\u00fck de\u011fi\u015fikli\u011fi<\/p>\n<p style=\"text-align: justify;\">CHP, 2008 y\u0131l\u0131nda ger\u00e7ekle\u015ftirdi\u011fi t\u00fcz\u00fck kurultay\u0131nda t\u00fcz\u00fck de\u011fi\u015fikli\u011fine gitmi\u015f ve de\u011fi\u015fiklik ile 20 ki\u015filik Merkez Y\u00f6netim Kurulu&#8217;nun yap\u0131s\u0131 de\u011fi\u015ftirilmi\u015fti.<\/p>\n<p style=\"text-align: justify;\">Yeni yap\u0131da Merkez Y\u00f6netim Kurulu, yetki ve sorumluluk alanlar\u0131 belirlenen 13 genel ba\u015fkan Yard\u0131mc\u0131s\u0131 ile bir genel sekreterden olu\u015fuyordu.<\/p>\n<p style=\"text-align: justify;\">T\u00fcz\u00fck de\u011fi\u015fikli\u011finin y\u00fcr\u00fcrl\u00fck tarihi ise Parti Meclisi karar\u0131na b\u0131rak\u0131lm\u0131\u015ft\u0131.<\/p>\n<p style=\"text-align: justify;\">Kemal K\u0131l\u0131\u00e7daro\u011flu&#8217;nun genel ba\u015fkan se\u00e7ildi\u011fi bu y\u0131l\u0131n May\u0131s ay\u0131nda yap\u0131lan 14. Ola\u011fan\u00fcst\u00fc Kurultay&#8217;da ise t\u00fcz\u00fck de\u011fi\u015fikli\u011finin y\u00fcr\u00fcrl\u00fck tarihi ertelenmi\u015fti.<\/p>\n<p style=\"text-align: justify;\">Yarg\u0131tay Cumhuriyet Ba\u015fsavc\u0131l\u0131\u011f\u0131 CHP Genel Merkezi&#8217;ne g\u00f6nderdi\u011fi yaz\u0131 ile 2008 y\u0131l\u0131nda yap\u0131lan t\u00fcz\u00fck de\u011fi\u015fikli\u011finin y\u00fcr\u00fcrl\u00fckte oldu\u011funu, buna g\u00f6re uygulama yap\u0131lmas\u0131 gerekti\u011fini bildirdi.<\/p>\n<p style=\"text-align: justify;\"><strong>Resepsiyon tart\u0131\u015fmalar\u0131 <\/strong><\/p>\n<p style=\"text-align: justify;\">CHP lideri, \u00c7ankaya K\u00f6\u015fk\u00fc&#8217;ndeki 29 Ekim Cumhuriyet Bayram\u0131 resepsiyonuna kat\u0131l\u0131p kat\u0131lmayaca\u011f\u0131na ili\u015fkin soruyu da yan\u0131tlad\u0131.<\/p>\n<p style=\"text-align: justify;\">K\u0131l\u0131\u00e7daro\u011flu, &#8220;Resepsiyonu niye bu kadar b\u00fcy\u00fct\u00fcyorsunuz arkada\u015flar. CHP grubunu serbest b\u0131rakt\u0131k arzu eden arkada\u015flar kat\u0131l\u0131r arzu etmeyenler kat\u0131lmaz. Sonu\u00e7ta o kadar b\u00fcy\u00fck bir i\u015f de\u011fil ki bu. Bu \u00fclkede yoksulluk var, a\u00e7l\u0131k var. Bu \u00fclkede bir s\u00fcr\u00fc sorun var. As\u0131l sorunlar onlar ben resepsiyona gitsem ne olur gitmesem ne olur. Parti serbest, isteyen gider istemeyen gitmez. Say\u0131n Cumhurba\u015fkan\u0131&#8217;n\u0131n daveti vard\u0131r, o davete isteyen kat\u0131l\u0131r, istemeyen kat\u0131lmaz. Ne b\u00f6yle bir \u00f6n yarg\u0131m\u0131z var ne de Say\u0131n Cumhurba\u015fkan\u0131&#8217;na kar\u015f\u0131 bir \u00f6n yarg\u0131 besliyoruz. Dolay\u0131s\u0131yla bir resepsiyondur. T\u00f6rene kat\u0131laca\u011f\u0131z ama durum olur, ko\u015fullar olur gider kat\u0131l\u0131r\u0131z ya da kat\u0131lmay\u0131z. S\u0131n\u0131rlama s\u00f6z konusu de\u011fil, arzu eden milletvekillerimiz giderler, kat\u0131l\u0131rlar. Yani b\u00f6yle bir boykot havam\u0131z da s\u00f6z konusu de\u011fil asl\u0131nda, b\u00f6yle bir d\u00fc\u015f\u00fcncemiz de yok&#8221; dedi.<\/p>\n<p style=\"text-align: justify;\">K\u0131l\u0131\u00e7daro\u011flu, ba\u015f\u00f6rt\u00fcs\u00fc d\u00fczenlemesinin se\u00e7im sonras\u0131na kald\u0131\u011f\u0131n\u0131n ifade edilmesi \u00fczerine ise &#8220;Onu siz \u00f6nce Say\u0131n Ba\u015fbakan&#8217;a bir sorun bakal\u0131m. Benim sordu\u011fum iki soru vard\u0131, \u00f6nce onlara bir yan\u0131t versin Say\u0131n Ba\u015fbakan&#8221; dedi.<\/p>\n<p style=\"text-align: justify;\"><a href=\"http:\/\/www.cnnturk.com\/2010\/turkiye\/10\/27\/kilicdaroglu.tuzuk.uyarisinin.geregi.yapilir\/594463.0\/index.html\" target=\"_blank\"><span style=\"color: #888888;\">CNN T\u00dcRK<\/span><\/a><\/p>\n","protected":false},"excerpt":{"rendered":"<p style=\"text-align: justify;\">\n<p style=\"text-align: justify;\">CHP lideri Kemal K\u0131l\u0131\u00e7daro\u011flu, Yarg\u0131tay Cumhuriyet Ba\u015fsavc\u0131l\u0131\u011f\u0131&#8217;ndan CHP&#8217;ye t\u00fcz\u00fck de\u011fi\u015fikli\u011fi konusunda g\u00f6nderilen yaz\u0131ya ili\u015fkin olarak, &#8220;Hukuk devletiyiz, e\u011fer bir yaz\u0131 gelmi\u015fse gere\u011fini yapaca\u011f\u0131z&#8221; dedi.<\/p>\n<p style=\"text-align: justify;\">K\u0131l\u0131\u00e7daro\u011flu, \u0130stanbul&#8217;a hareketinden \u00f6nce Esenbo\u011fa Havaliman\u0131&#8217;nda gazetecilerin sorular\u0131n\u0131 yan\u0131tlad\u0131. <\/p>\n","protected":false},"author":1,"featured_media":0,"comment_status":"open","ping_status":"closed","sticky":false,"template":"","format":"standard","meta":{"footnotes":""},"categories":[105],"tags":[],"class_list":["post-26679","post","type-post","status-publish","format-standard","hentry","category-gundem","odd"],"_links":{"self":[{"href":"http:\/\/www.korhanyilmaz.com\/index.php?rest_route=\/wp\/v2\/posts\/26679","targetHints":{"allow":["GET"]}}],"collection":[{"href":"http:\/\/www.korhanyilmaz.com\/index.php?rest_route=\/wp\/v2\/posts"}],"about":[{"href":"http:\/\/www.korhanyilmaz.com\/index.php?rest_route=\/wp\/v2\/types\/post"}],"author":[{"embeddable":true,"href":"http:\/\/www.korhanyilmaz.com\/index.php?rest_route=\/wp\/v2\/users\/1"}],"replies":[{"embeddable":true,"href":"http:\/\/www.korhanyilmaz.com\/index.php?rest_route=%2Fwp%2Fv2%2Fcomments&post=26679"}],"version-history":[{"count":0,"href":"http:\/\/www.korhanyilmaz.com\/index.php?rest_route=\/wp\/v2\/posts\/26679\/revisions"}],"wp:attachment":[{"href":"http:\/\/www.korhanyilmaz.com\/index.php?rest_route=%2Fwp%2Fv2%2Fmedia&parent=26679"}],"wp:term":[{"taxonomy":"category","embeddable":true,"href":"http:\/\/www.korhanyilmaz.com\/index.php?rest_route=%2Fwp%2Fv2%2Fcategories&post=26679"},{"taxonomy":"post_tag","embeddable":true,"href":"http:\/\/www.korhanyilmaz.com\/index.php?rest_route=%2Fwp%2Fv2%2Ftags&post=26679"}],"curies":[{"name":"wp","href":"https:\/\/api.w.org\/{rel}","templated":true}]}}