{"id":26659,"date":"2010-10-16T19:48:27","date_gmt":"2010-10-16T16:48:27","guid":{"rendered":"http:\/\/www.korhanyilmaz.com\/?p=26659"},"modified":"2010-10-16T19:48:27","modified_gmt":"2010-10-16T16:48:27","slug":"darbe-dusunen-timarhaneye-yatirilmali","status":"publish","type":"post","link":"http:\/\/www.korhanyilmaz.com\/?p=26659","title":{"rendered":"&#8220;Darbe d\u00fc\u015f\u00fcnen t\u0131marhaneye yat\u0131r\u0131lmal\u0131&#8221;"},"content":{"rendered":"<p style=\"text-align: center;\"><a href=\"http:\/\/www.korhanyilmaz.com\/wp-content\/uploads\/2010\/10\/143.jpg\"  class=\"lightview\"><img loading=\"lazy\" decoding=\"async\" class=\"aligncenter size-full wp-image-26660\" src=\"http:\/\/www.korhanyilmaz.com\/wp-content\/uploads\/2010\/10\/143.jpg\" alt=\"\" width=\"307\" height=\"236\" \/><\/a><\/p>\n<p style=\"text-align: justify;\">Eski Genelkurmay Ba\u015fkan\u0131 emekli  Orgeneral Ya\u015far B\u00fcy\u00fckan\u0131t, hi\u00e7kimsenin 21. y\u00fczy\u0131lda bir darbe d\u00fc\u015f\u00fcncesi i\u00e7inde olmamas\u0131 gerekti\u011fini ifade etti, &#8220;Olan\u0131 da normal bulmamak laz\u0131m. Hatta darbe giri\u015fiminde bulunduysa, yarg\u0131lamadan \u00f6nce t\u0131marhaneye g\u00f6t\u00fcr\u00fcp tedavi ettirmeli ve ondan sonra yarg\u0131lanmal\u0131d\u0131r&#8221; dedi. <!--more--><\/p>\n<p style=\"text-align: justify;\">Beykent \u00dcniversitesi Stratejik Ara\u015ft\u0131rmalar Merkezinin d\u00fczenledi\u011fi &#8220;Asker ve Devlet&#8221; konulu seminerde konu\u015fan B\u00fcy\u00fckan\u0131t, bazen T\u00fcrk Silahl\u0131 Kuvvetlerinin (TSK) sanki ayr\u0131 bir Cumhuriyet, b\u00fct\u00fcn kurallar\u0131n\u0131 kendisi koyan, kimseye hesap vermeyen kurum oldu\u011fu y\u00f6n\u00fcnde bir hava yarat\u0131ld\u0131\u011f\u0131n\u0131 s\u00f6yledi.<\/p>\n<p style=\"text-align: justify;\">Ba\u015fkomutanl\u0131\u011f\u0131n, T\u00fcrkiye&#8217;de TBMM&#8217;nin manevi varl\u0131\u011f\u0131nda, Cumhurba\u015fkanl\u0131\u011f\u0131 taraf\u0131ndan temsil olundu\u011funu ifade eden B\u00fcy\u00fckan\u0131t, dolay\u0131s\u0131yla Ba\u015fkomutanl\u0131\u011f\u0131n, TBMM&#8217;nin, T\u00fcrk milletinin kontrol\u00fc alt\u0131nda oldu\u011funu belirtti.<\/p>\n<p style=\"text-align: justify;\">Milli G\u00fcvenlik Kanunu&#8217;nun 2. maddesinde, milli g\u00fcvenli\u011fin, &#8220;devletin anayasa \u00fczerinde milli varl\u0131\u011f\u0131n\u0131n, b\u00fct\u00fcnl\u00fc\u011f\u00fcn\u00fcn milletler aras\u0131 siyasi, sosyal, k\u00fclt\u00fcrel, b\u00fct\u00fcn menfaatlerinin her t\u00fcrl\u00fc i\u00e7 ve d\u0131\u015f tehditlere kar\u015f\u0131 korunmas\u0131 ve kollanmas\u0131d\u0131r&#8221; \u015feklinde tan\u0131mland\u0131\u011f\u0131n\u0131 an\u0131msatan B\u00fcy\u00fckan\u0131t, &#8220;\u015eimdi bunda antidemokratik ne vard\u0131r? Ya ben tam anlayam\u0131yorum ya ba\u015fka bir \u015fey. Bu kanunun mevcut hali. Bu uygulamaya ba\u011fl\u0131 bir \u015fey. \u0130yi kanun vard\u0131r, k\u00f6t\u00fc kanun vard\u0131r. Kanunlar\u0131 insanlar yapar. Ama hukukun evrensel kriterleri vard\u0131r. Onlar\u0131 korudu\u011funuz s\u00fcrece, hatta kanunlar\u0131 o evrensel boyutlarda irdeledi\u011finiz takdirde bir ideal kanun olmu\u015f olur&#8221; dedi.<\/p>\n<p style=\"text-align: justify;\"><strong>&#8220;G\u00fcvenlik i\u00e7, d\u0131\u015f diye ayr\u0131lamaz&#8221;<br \/>\n<\/strong><\/p>\n<p style=\"text-align: justify;\">TSK \u0130\u00e7 Hizmet Kanunu&#8217;nun 35. maddesinde TSK&#8217;n\u0131n vazifesinin T\u00fcrk yurdunu ve anayasayla tayin edilmi\u015f olan T\u00fcrkiye Cumhuriyeti&#8217;ni korumak ve kollamak oldu\u011funu anlatan B\u00fcy\u00fckan\u0131t, &#8220;TSK \u0130\u00e7 Hizmetler Y\u00f6netmeli\u011fi&#8217;nin 85. maddesinde ise Silahl\u0131 Kuvvetlerin vazifesinin T\u00fcrkiye Cumhuriyeti&#8217;ni, i\u00e7e d\u0131\u015fa kar\u015f\u0131 l\u00fczumunda silahla koruma onuru verilir. AB, s\u00f6z konusu maddelerin de\u011fi\u015ftirilmesini talep etmek suretiyle, TSK&#8217;n\u0131n sadece d\u0131\u015f g\u00fcvenli\u011fi sa\u011flayan bir kurum haline d\u00f6n\u00fc\u015ft\u00fcrmesini istemektedir. &#8216;Sen d\u0131\u015f g\u00fcvenli\u011fi koru&#8217; deniyor. Peki bu d\u0131\u015f g\u00fcveni\u011fin i\u00e7inde PKK&#8217;dan nas\u0131l koruyacaks\u0131n\u0131z? PKK i\u00e7erde. G\u00fcvenlik, i\u00e7 d\u0131\u015f diye ayr\u0131lamaz. G\u00fcvenlik b\u00fct\u00fcnd\u00fcr. G\u00fcn\u00fcm\u00fczde g\u00fcvenlik kavram\u0131 \u00e7ok geli\u015fmi\u015ftir. G\u00fcvenlik ya her yerde vard\u0131r ya da hi\u00e7 yoktur. Di\u011fer \u00fclkelerde de oldu\u011fu gibi T\u00fcrkiye&#8217;de de bir i\u00e7 tehdit mevcuttur. Kimse \u0130talya&#8217;y\u0131, Fransa&#8217;y\u0131 b\u00f6lmeye \u00e7al\u0131\u015fm\u0131yor. Ama T\u00fcrkiye&#8217;de 1984&#8217;den beri bir b\u00f6l\u00fcc\u00fc ter\u00f6r mevcuttur. Fransa, \u0130ngiltere, \u0130spanya, Avusturya, Almanya, Finlandiya gibi daha bir\u00e7ok farkl\u0131 \u00fclkede milli g\u00fcvenlik kavram\u0131, yaln\u0131z s\u0131n\u0131rlar\u0131n\u0131 konvensiyonel sald\u0131r\u0131lara kar\u015f\u0131 koruma olarak alg\u0131lanmamakta. Baz\u0131 yazar \u00e7izerler Amerika&#8217;y\u0131 \u00f6rnek al\u0131yor. O yanl\u0131\u015f bir \u015fey. Biz AB&#8217;den bahsediyoruz. Bunun i\u00e7inde bu \u00f6rne\u011fi uygulamam\u0131z laz\u0131m&#8221; dedi.<\/p>\n<p style=\"text-align: justify;\"><strong>35. Madde ve darbe <\/strong><\/p>\n<p style=\"text-align: justify;\">Di\u011fer \u00fclkelerin anayasalar\u0131na bak\u0131ld\u0131\u011f\u0131nda, 35. maddenin (TSK \u0130\u00e7 Hizmet Kanunu 35. maddesi) benzer ifadeler ta\u015f\u0131d\u0131\u011f\u0131n\u0131n g\u00f6r\u00fcld\u00fc\u011f\u00fcn\u00fc bildiren B\u00fcy\u00fckan\u0131t, &#8220;Deniyor ki bu 35. madde darbelere sebep olur. Bunun kadar komik bir \u015fey olamaz. Hi\u00e7 kimsenin 21. y\u00fczy\u0131lda bir darbe d\u00fc\u015f\u00fcncesi i\u00e7inde olmamas\u0131 laz\u0131m. Olan\u0131 da normal bulmamak laz\u0131m. Hatta darbe giri\u015fiminde bulunduysa yarg\u0131lamadan \u00f6nce t\u0131marhaneye g\u00f6t\u00fcr\u00fcp tedavi ettirmeli ve ondan sonra yarg\u0131lanmal\u0131d\u0131r&#8221; dedi.<\/p>\n<p style=\"text-align: justify;\">T\u00fcrkiye&#8217;de, Cumhuriyetin kurulu\u015fundan bug\u00fcne kadar s\u00fcrekli olarak i\u00e7 tehditler oldu\u011funu ifade eden B\u00fcy\u00fckan\u0131t, &#8220;G\u00fcneydo\u011fu&#8217;daki, Do\u011fu&#8217;daki ayaklanmalar\u0131 d\u00fc\u015f\u00fcn\u00fcn. Cumhuriyetin ilk y\u0131llar\u0131ndan beri bu tehditlerle kar\u015f\u0131 kar\u015f\u0131ya kal\u0131nm\u0131\u015ft\u0131r. Sonu\u00e7 olarak Kopenhang Kriterleri kapsam\u0131nda her \u00fclke i\u00e7in ge\u00e7erli olabilecek bir kriter mevcut de\u011fildir. Demokrasi uygulamalar\u0131 ve sivil asker ili\u015fkileri \u00fclkeden \u00fclkeye de\u011fi\u015fmekte. Bu anlamda Fransa ordusunun rol\u00fcyle \u0130spanya ordusunun rol\u00fc, T\u00fcrk ordusunun rol\u00fc ile Bel\u00e7ika ordusunun rol\u00fc farkl\u0131d\u0131r. \u00dclkeler taraf\u0131ndan kullan\u0131lan modellerin, di\u011ferleri taraf\u0131ndan aynen uygulanmas\u0131 \u00fclkelerin tarihi g\u00fcvenlik m\u00fcnazaralar\u0131 ve sosyal ger\u00e7eklerine de uymas\u0131 m\u00fcmk\u00fcn de\u011fildir. Tabii olarak AB \u00fclkelerindeki uygulamalar da farkl\u0131l\u0131klar g\u00f6stermekte&#8221; dedi.<\/p>\n<p style=\"text-align: justify;\"><strong>TSK&#8217;n\u0131n rol\u00fc ve g\u00f6revleri <\/strong><\/p>\n<p style=\"text-align: justify;\">Genelkurmay Ba\u015fkanl\u0131\u011f\u0131n\u0131n, AB, NATO ve Avrupa G\u00fcvenlik ve \u0130\u015fbirli\u011fi Te\u015fkilat\u0131 standartlar\u0131na uygun olarak Milli Savunma Bakanl\u0131\u011f\u0131na kar\u015f\u0131 sorumlu olmas\u0131n\u0131n da ilk defa 2000 y\u0131l\u0131ndaki raporda yer ald\u0131\u011f\u0131n\u0131 anlatan B\u00fcy\u00fckan\u0131t, &#8220;TSK \u00fczerindeki sivil otoritenin denetiminin AB \u00fclkelerindeki uygulamalara uyumlu hale getirilmesine devam edilmesi, ba\u015fta ulusal g\u00fcvenlik stratejisinin \u015fekillenmesi, sivil idarenin denetimsel i\u015flevini tam olarak kullanmas\u0131n\u0131n sa\u011flanmas\u0131, g\u00fcvenlik i\u015flerinin idaresinde daha geni\u015f mali sorumluluk ve \u015feffafl\u0131k getirilmesi y\u00f6n\u00fcnde ad\u0131mlar at\u0131lmas\u0131 konular\u0131 2004-2005 y\u0131llar\u0131nda T\u00fcrkiye&#8217;ye iletilmi\u015ftir&#8221; dedi.<\/p>\n<p style=\"text-align: justify;\">Silahl\u0131 Kuvvetlerin demokratik kontrol\u00fc konusunda Avrupa&#8217;da kabul edilmi\u015f bir standart uygulama oldu\u011funu vurgulayan B\u00fcy\u00fckan\u0131t, t\u00fcm \u00fclkeler i\u00e7in ge\u00e7erli olabilecek bir model ve uygulaman\u0131n da mevcut bulundu\u011funu s\u00f6yledi.<\/p>\n<p style=\"text-align: justify;\">B\u00fcy\u00fckan\u0131t, &#8220;Her \u00fclke, sivil-asker ili\u015fkilerini tesis ederken kendi y\u00f6ntemini se\u00e7me hakk\u0131na sahiptir. Tek bir model yaratamazs\u0131n ki, co\u011frafya farkl\u0131, stratejiler farkl\u0131. Tek model, tek tip bir elbise, b\u00f6yle bir \u015fey yok&#8221; diye konu\u015ftu.<\/p>\n<p style=\"text-align: justify;\"><strong>Siyasi otorite ve TSK<\/strong><\/p>\n<p style=\"text-align: justify;\">Genelkurmay Ba\u015fkanl\u0131\u011f\u0131n\u0131n kendi ba\u015f\u0131na askeri strateji ortaya koyamayaca\u011f\u0131n\u0131 vurgulayan B\u00fcy\u00fckan\u0131t, &#8220;B\u00fct\u00fcn bunlar siyasi otorite taraf\u0131ndan kontrol ve denetim alt\u0131ndad\u0131r. Milli askeri stratejinin \u00f6ng\u00f6rd\u00fc\u011f\u00fc hedefler istikametinde Genelkurmay Ba\u015fkanl\u0131\u011f\u0131, planlama programlama gereken konulara, mevcut imkanlar\u0131n orta ve uzun vadeli olarak hangilerinin kar\u015f\u0131lanmas\u0131 gerekti\u011fi konusuna genel anlamda a\u00e7\u0131kl\u0131k getirir. Bu onaya gider, kendi ba\u015f\u0131na uygulamaz&#8221; dedi.<\/p>\n<p style=\"text-align: justify;\">B\u00fcy\u00fckan\u0131t, bir kat\u0131l\u0131mc\u0131n\u0131n, &#8220;Askerler g\u00fcle oynaya askere gidiyorlar ama geldiklerinde zaman zaman komutanlar\u0131n sert tav\u0131rlar\u0131ndan dolay\u0131 hayal k\u0131r\u0131kl\u0131\u011f\u0131 ya\u015fad\u0131klar\u0131n\u0131 s\u00f6yl\u00fcyorlar. Bunun nas\u0131l de\u011ferlendiriyorsunuz&#8221; sorusunu, &#8220;Bu konularda a\u015f\u0131r\u0131 genellemelerden ka\u00e7mak laz\u0131m. Askere iyi davranmamak bir su\u00e7 unsurudur. Asker hata yaparsa cezas\u0131n\u0131 \u00e7eker. Bazen askerler de terhis olduktan sonra abart\u0131yor. Foto\u011fraf \u00e7ekiliyorlar ve hepsi komando oluyor. Foto\u011fraf\u00e7\u0131lar tahtadan t\u00fcfek falan yapm\u0131\u015flar, k\u0131yafet alm\u0131\u015flar. Askerler de gidiyor ve buralarda foto\u011fraf \u00e7ektiriyorlar. Sonra da &#8216;Ben komando oldum&#8217; diye ailesine g\u00f6nderiyor. Cem Y\u0131lmaz bir g\u00f6sterisinde diyor ki; &#8216;Bakt\u0131m bu bizim Mehmet\u00e7iklerin hepsi komando. Eee mutfakta patatesi kim soyuyor?&#8217; Gen\u00e7lerin yapt\u0131klar\u0131 hatalar da oluyor ama T\u00fcrk Mehmet\u00e7i\u011fi gibi d\u00fcnyada yoktur, m\u00fcthi\u015f fedakard\u0131r&#8221; dedi.<\/p>\n<p style=\"text-align: justify;\"><a href=\"http:\/\/www.cnnturk.com\/2010\/turkiye\/10\/16\/darbe.dusunen.timarhaneye.yatirilmali\/593212.0\/index.html\" target=\"_blank\"><span style=\"color: #888888;\">CNN T\u00dcRK<\/span><\/a><\/p>\n","protected":false},"excerpt":{"rendered":"<p style=\"text-align: center;\">\n<p style=\"text-align: justify;\">Eski Genelkurmay Ba\u015fkan\u0131 emekli Orgeneral Ya\u015far B\u00fcy\u00fckan\u0131t, hi\u00e7kimsenin 21. y\u00fczy\u0131lda bir darbe d\u00fc\u015f\u00fcncesi i\u00e7inde olmamas\u0131 gerekti\u011fini ifade etti, &#8220;Olan\u0131 da normal bulmamak laz\u0131m. Hatta darbe giri\u015fiminde bulunduysa, yarg\u0131lamadan \u00f6nce t\u0131marhaneye g\u00f6t\u00fcr\u00fcp tedavi ettirmeli ve ondan sonra yarg\u0131lanmal\u0131d\u0131r&#8221; dedi. <\/p>\n","protected":false},"author":1,"featured_media":0,"comment_status":"open","ping_status":"closed","sticky":false,"template":"","format":"standard","meta":{"footnotes":""},"categories":[105],"tags":[],"class_list":["post-26659","post","type-post","status-publish","format-standard","hentry","category-gundem","odd"],"_links":{"self":[{"href":"http:\/\/www.korhanyilmaz.com\/index.php?rest_route=\/wp\/v2\/posts\/26659","targetHints":{"allow":["GET"]}}],"collection":[{"href":"http:\/\/www.korhanyilmaz.com\/index.php?rest_route=\/wp\/v2\/posts"}],"about":[{"href":"http:\/\/www.korhanyilmaz.com\/index.php?rest_route=\/wp\/v2\/types\/post"}],"author":[{"embeddable":true,"href":"http:\/\/www.korhanyilmaz.com\/index.php?rest_route=\/wp\/v2\/users\/1"}],"replies":[{"embeddable":true,"href":"http:\/\/www.korhanyilmaz.com\/index.php?rest_route=%2Fwp%2Fv2%2Fcomments&post=26659"}],"version-history":[{"count":0,"href":"http:\/\/www.korhanyilmaz.com\/index.php?rest_route=\/wp\/v2\/posts\/26659\/revisions"}],"wp:attachment":[{"href":"http:\/\/www.korhanyilmaz.com\/index.php?rest_route=%2Fwp%2Fv2%2Fmedia&parent=26659"}],"wp:term":[{"taxonomy":"category","embeddable":true,"href":"http:\/\/www.korhanyilmaz.com\/index.php?rest_route=%2Fwp%2Fv2%2Fcategories&post=26659"},{"taxonomy":"post_tag","embeddable":true,"href":"http:\/\/www.korhanyilmaz.com\/index.php?rest_route=%2Fwp%2Fv2%2Ftags&post=26659"}],"curies":[{"name":"wp","href":"https:\/\/api.w.org\/{rel}","templated":true}]}}