{"id":26647,"date":"2010-10-16T19:27:18","date_gmt":"2010-10-16T16:27:18","guid":{"rendered":"http:\/\/www.korhanyilmaz.com\/?p=26647"},"modified":"2010-10-16T19:27:18","modified_gmt":"2010-10-16T16:27:18","slug":"chpde-incenin-tavri-kurumsal-degil","status":"publish","type":"post","link":"http:\/\/www.korhanyilmaz.com\/?p=26647","title":{"rendered":"&#8220;CHP&#8217;de \u0130nce&#8217;nin tavr\u0131 kurumsal de\u011fil&#8221;"},"content":{"rendered":"<p style=\"text-align: justify;\"><a href=\"http:\/\/www.korhanyilmaz.com\/wp-content\/uploads\/2010\/10\/142.jpg\"  class=\"lightview\"><img loading=\"lazy\" decoding=\"async\" class=\"aligncenter size-full wp-image-26648\" src=\"http:\/\/www.korhanyilmaz.com\/wp-content\/uploads\/2010\/10\/142.jpg\" alt=\"\" width=\"413\" height=\"218\" \/><\/a><\/p>\n<p style=\"text-align: justify;\">Gazeteci Sabahattin \u00d6nkibar, CHP&#8217;nin \u0130stanbul&#8217;da d\u00fczenledi\u011fi &#8221;Siyasette Ba\u015far\u0131 Stratejisi Toplant\u0131s\u0131&#8221;nda &#8221;resepsiyon krizinin&#8221; de g\u00fcndeme geldi\u011fini belirterek, CHP Genel Ba\u015fkan\u0131 Kemal K\u0131l\u0131\u00e7daro\u011flu&#8217;nun bu konuda, &#8221;Onlar ki\u015fisel tav\u0131rlar, kurumsal olarak bir tavr\u0131m\u0131z yok&#8221; dedi\u011fini s\u00f6yledi.<!--more--><\/p>\n<p style=\"text-align: justify;\">\u0130STANBUL  &#8211; Gazeteci Sabahattin \u00d6nkibar, Swissotel&#8217;de yap\u0131lan toplant\u0131ya ara vermek \u00fczere salondan \u00e7\u0131kt\u0131\u011f\u0131 s\u0131rada gazetecilere a\u00e7\u0131klamada bulundu.<\/p>\n<p style=\"text-align: justify;\">Gazeteci \u00d6nkibar, CHP&#8217;nin se\u00e7im s\u00fcrecinde bir yol haritas\u0131 haz\u0131rlad\u0131\u011f\u0131n\u0131 ve oylar\u0131n\u0131 art\u0131rman\u0131n yolunu sorgulad\u0131\u011f\u0131n\u0131 dile getirerek, CHP&#8217;nin, &#8221;K\u00fcrt meselesinden t\u00fcrbana kadar pek \u00e7ok \u015feyi sorgulad\u0131\u011f\u0131n\u0131&#8221; belirtti.<\/p>\n<p style=\"text-align: justify;\">Toplant\u0131da CHP \u00f6rg\u00fct\u00fcn\u00fcn yap\u0131s\u0131 ve merkez sa\u011fdan oy almak i\u00e7in neler yap\u0131labilece\u011fi konular\u0131n\u0131n da g\u00fcndeme geldi\u011fini bildiren \u00d6nkibar, \u015f\u00f6yle konu\u015ftu:<\/p>\n<p style=\"text-align: justify;\">&#8221;Bu ba\u011flamda t\u00fcrban da konu\u015fuldu. CHP kendini sorguluyor. CHP, tabiri caizse yerden yere vuruluyor. Kemal K\u0131l\u0131\u00e7daro\u011flu&#8217;nu \u00e7ok esnek g\u00f6rd\u00fcm. Dine bak\u0131\u015f anlam\u0131nda alg\u0131lanmada sorunlar\u0131n\u0131n oldu\u011funu K\u0131l\u0131\u00e7daro\u011flu biliyor. Bildi\u011fi i\u00e7in de bir s\u00fcr\u00fc imaj ata\u011f\u0131 yapacak. K\u0131l\u0131\u00e7daro\u011flu, CHP&#8217;nin dinle sorunu olan bir parti olarak alg\u0131lanmas\u0131n\u0131 istemiyor ama CHP&#8217;de bir diren\u00e7 var. Bu da genel sekreterlik makam\u0131nda tecelli ediyor. Toplant\u0131da resepsiyon krizi konusu da g\u00fcndeme geldi. Bunun \u00fczerine Genel Ba\u015fkan Kemal K\u0131l\u0131\u00e7daro\u011flu, &#8216;Onlar ki\u015fisel tav\u0131rlar, kurumsal olarak bir tavr\u0131m\u0131z yok&#8217; dedi.&#8221;<\/p>\n<p style=\"text-align: justify;\">Kat\u0131l\u0131mc\u0131lardan gazeteci Nuray Mert de toplant\u0131da T\u00fcrkiye&#8217;nin siyasi ve toplumsal de\u011ferlendirmesinin yap\u0131ld\u0131\u011f\u0131n\u0131 belirtti.<\/p>\n<p style=\"text-align: justify;\">Toplant\u0131n\u0131n, arama konferans\u0131 \u015feklinde s\u00fcrd\u00fc\u011f\u00fcn\u00fc ifade eden Mert, CHP&#8217;den beklentilerin, T\u00fcrkiye&#8217;nin sorunlar\u0131n\u0131n da ele al\u0131nd\u0131\u011f\u0131n\u0131 dile getirdi.<\/p>\n<p style=\"text-align: justify;\">Mert, CHP Genel Ba\u015fkan\u0131 K\u0131l\u0131\u00e7daro\u011flu&#8217;nun konu\u015fmalar\u0131 dikkatle dinledi\u011fini vurgulayarak, aralarda \u00f6zel sohbetler yapt\u0131\u011f\u0131n\u0131 da s\u00f6yledi.<\/p>\n<p style=\"text-align: justify;\">Gazeteci Altan \u00d6ymen de bas\u0131na kapal\u0131 toplant\u0131n\u0131n arama konferans\u0131 \u015feklinde yap\u0131ld\u0131\u011f\u0131na i\u015faret ederek, bu nedenle \u00e7ok yorum yapmamak gerekti\u011fini ifade etti.<\/p>\n<p style=\"text-align: justify;\">&#8221;Siyasette Ba\u015far\u0131 Stratejisi Toplant\u0131s\u0131&#8221;na m\u00fczisyen Nejat Yava\u015fo\u011fullar\u0131, modac\u0131 Bahar Kor\u00e7an, Eski\u015fehir B\u00fcy\u00fck\u015fehir Belediye Ba\u015fkan\u0131 Y\u0131lmaz B\u00fcy\u00fcker\u015fen ve eski Diyarbak\u0131r Barosu Ba\u015fkan\u0131 Sezgin Tanr\u0131kulu da kat\u0131l\u0131yor.<\/p>\n<p style=\"text-align: justify;\">CHP&#8217;nin \u0130nce&#8217;nin tavr\u0131n\u0131 kurumsal olarak de\u011ferlendirmiyoruz g\u00f6r\u00fc\u015f\u00fc, toplant\u0131ya kat\u0131lanlar taraf\u0131ndan &#8220;CHP resepsiyona kat\u0131lacak&#8221; \u015feklinde yo\u0131rumland\u0131.<\/p>\n<p style=\"text-align: justify;\"><a href=\"http:\/\/www.gazeteport.com.tr\/SIYASET\/NEWS\/GP_782769\" target=\"_blank\"><span style=\"color: #888888;\">Kaynak : GAZETEPORT<\/span><\/a><\/p>\n","protected":false},"excerpt":{"rendered":"<p style=\"text-align: justify;\">\n<p style=\"text-align: justify;\">Gazeteci Sabahattin \u00d6nkibar, CHP&#8217;nin \u0130stanbul&#8217;da d\u00fczenledi\u011fi &#8221;Siyasette Ba\u015far\u0131 Stratejisi Toplant\u0131s\u0131&#8221;nda &#8221;resepsiyon krizinin&#8221; de g\u00fcndeme geldi\u011fini belirterek, CHP Genel Ba\u015fkan\u0131 Kemal K\u0131l\u0131\u00e7daro\u011flu&#8217;nun bu konuda, &#8221;Onlar ki\u015fisel tav\u0131rlar, kurumsal olarak bir tavr\u0131m\u0131z yok&#8221; dedi\u011fini s\u00f6yledi.<\/p>\n","protected":false},"author":1,"featured_media":0,"comment_status":"open","ping_status":"closed","sticky":false,"template":"","format":"standard","meta":{"footnotes":""},"categories":[105],"tags":[],"class_list":["post-26647","post","type-post","status-publish","format-standard","hentry","category-gundem","odd"],"_links":{"self":[{"href":"http:\/\/www.korhanyilmaz.com\/index.php?rest_route=\/wp\/v2\/posts\/26647","targetHints":{"allow":["GET"]}}],"collection":[{"href":"http:\/\/www.korhanyilmaz.com\/index.php?rest_route=\/wp\/v2\/posts"}],"about":[{"href":"http:\/\/www.korhanyilmaz.com\/index.php?rest_route=\/wp\/v2\/types\/post"}],"author":[{"embeddable":true,"href":"http:\/\/www.korhanyilmaz.com\/index.php?rest_route=\/wp\/v2\/users\/1"}],"replies":[{"embeddable":true,"href":"http:\/\/www.korhanyilmaz.com\/index.php?rest_route=%2Fwp%2Fv2%2Fcomments&post=26647"}],"version-history":[{"count":0,"href":"http:\/\/www.korhanyilmaz.com\/index.php?rest_route=\/wp\/v2\/posts\/26647\/revisions"}],"wp:attachment":[{"href":"http:\/\/www.korhanyilmaz.com\/index.php?rest_route=%2Fwp%2Fv2%2Fmedia&parent=26647"}],"wp:term":[{"taxonomy":"category","embeddable":true,"href":"http:\/\/www.korhanyilmaz.com\/index.php?rest_route=%2Fwp%2Fv2%2Fcategories&post=26647"},{"taxonomy":"post_tag","embeddable":true,"href":"http:\/\/www.korhanyilmaz.com\/index.php?rest_route=%2Fwp%2Fv2%2Ftags&post=26647"}],"curies":[{"name":"wp","href":"https:\/\/api.w.org\/{rel}","templated":true}]}}