{"id":26640,"date":"2010-10-16T11:55:36","date_gmt":"2010-10-16T08:55:36","guid":{"rendered":"http:\/\/www.korhanyilmaz.com\/?p=26640"},"modified":"2010-10-16T11:55:36","modified_gmt":"2010-10-16T08:55:36","slug":"hicbir-yer-cumhura-yasaklanamaz","status":"publish","type":"post","link":"http:\/\/www.korhanyilmaz.com\/?p=26640","title":{"rendered":"&#8216;Hi\u00e7bir yer cumhura yasaklanamaz&#8217;"},"content":{"rendered":"<p style=\"text-align: justify;\"><a href=\"http:\/\/www.korhanyilmaz.com\/wp-content\/uploads\/2010\/10\/140.jpg\"  class=\"lightview\"><img loading=\"lazy\" decoding=\"async\" class=\"aligncenter size-full wp-image-26641\" src=\"http:\/\/www.korhanyilmaz.com\/wp-content\/uploads\/2010\/10\/140.jpg\" alt=\"\" width=\"449\" height=\"231\" \/><\/a><\/p>\n<p style=\"text-align: justify;\">Partisinin K\u0131z\u0131lcahamam Kamp\u0131\u2019nda konu\u015fan Ba\u015fbakan Erdo\u011fan, cumhura ait olan hi\u00e7bir yerin cumhura yasaklanamayaca\u011f\u0131n\u0131 s\u00f6yledi.<\/p>\n<p style=\"text-align: justify;\">ANKARA &#8211; AKP Genel Ba\u015fkan\u0131 ve Ba\u015fbakan Recep Tayyip Erdo\u011fan, partisinin K\u0131z\u0131lcahamam kamp\u0131nda ba\u015f\u00f6rt\u00fcs\u00fc konusunda mesajlar verdi. Kameralar\u0131n \u00f6n\u00fcnde Grup Ba\u015fkanvekillerine ba\u015f\u00f6rt\u00fcs\u00fc konusunda \u00e7al\u0131\u015fma ba\u015flat\u0131lmas\u0131 talimat\u0131n\u0131 veren Erdo\u011fan, CHP Lideri Kemal K\u0131l\u0131\u00e7daro\u011flu\u2019na da ayn\u0131 talimat\u0131 vermesi \u00e7a\u011fr\u0131s\u0131nda bulundu. <!--more--><\/p>\n<p style=\"text-align: justify;\">Erdo\u011fan CHP\u2019nin 29 Ekim resepsiyonunu boykotuna ise sert \u00e7\u0131karak \u201cCumhura ait olan hi\u00e7bir yer cumhura yasaklanamaz\u201d  dedi. Konu\u015fmas\u0131nda Cumhuriyet\u2019e ba\u011fl\u0131l\u0131k konusuna vurgu da yapan Erdo\u011fan Cumhuriyet\u2019in halk\u0131 b\u00fct\u00fcn renkleri ve farkl\u0131l\u0131klar\u0131 ile kucaklad\u0131\u011f\u0131n\u0131, birilerinin, belli bir z\u00fcmrenin de\u011fil 73 milyonun Cumhuriyeti oldu\u011funu, seccadenin su\u00e7 say\u0131ld\u0131\u011f\u0131 d\u00f6nemler oldu\u011funu s\u00f6yledi.<\/p>\n<p style=\"text-align: justify;\">K\u0131z\u0131lcahamam Asya Termal Oteli\u2019nde bu y\u0131l 16.\u2019s\u0131 d\u00fczenlenen \u0130sti\u015fare ve De\u011ferlendirme Toplant\u0131s\u0131\u2019na AKP tam kadro kat\u0131ld\u0131. Toplant\u0131n\u0131n a\u00e7\u0131l\u0131\u015f konu\u015fmas\u0131n\u0131 yapan Genel Ba\u015fkan ve Ba\u015fbakan Recep Tayyip Erdo\u011fan, a\u011f\u0131rl\u0131kl\u0131 olarak ba\u015f\u00f6rt\u00fcs\u00fc ve Cumhuriyet vurgular\u0131 yapt\u0131. Cumhuriyet\u2019in y\u00f6netim \u015fekli olarak pek \u00e7ok \u00fclkede oldu\u011funu ancak T\u00fcrkiye\u2019de kurulu\u015f felsefesi olarak farkl\u0131l\u0131klar arz etti\u011fini dile getiren Erdo\u011fan \u201cBizim cumhuriyetimiz karde\u015flik, birlik ve beraberlik ruhu \u00fczerine in\u015fa edilmi\u015ftir. Cumhuru halk\u0131 b\u00fct\u00fcn renkleri farkl\u0131l\u0131klar\u0131 ile kucaklayan bir zihniyet \u00fczerine bina edilmi\u015ftir. Birilerinin de\u011fil belli bir z\u00fcmrenin de\u011fil, cumhurun yani halk\u0131n yani 73 milyon aziz milletimizin cumhuriyetidir\u201d dedi.<\/p>\n<p style=\"text-align: justify;\">Erdo\u011fan cumhura ait olan hi\u00e7bir yerin cumhura yasaklanamayaca\u011f\u0131na vurgu yapt\u0131\u011f\u0131 konu\u015fmas\u0131nda \u015funlar\u0131 kaydetti:<\/p>\n<p style=\"text-align: justify;\">\u201cBirilerinin cumhuru istedi\u011fimiz yere sokar\u0131z istedi\u011fimiz yere sokmay\u0131z gibi anlay\u0131\u015f\u0131 olamaz. Bunu anlamak durumundalar. S\u0131k\u0131nt\u0131n\u0131n kayna\u011f\u0131nda cumhuru tan\u0131mamak yat\u0131yor. Kimse bu \u00fclkenin belli fertlerini, b\u00f6lgelerini, etnik gruplar\u0131n\u0131, inan\u00e7 gruplar\u0131n\u0131 \u00f6telemek d\u0131\u015flamak haklar\u0131ndan mahrum etme hakk\u0131n\u0131 kendisinde g\u00f6remez. B\u00f6yle bir yakla\u015f\u0131m adalete hukuka vicdanlara ve insanl\u0131\u011fa ayk\u0131r\u0131 oldu\u011fu kadar, Cumhuriyetin temel felsefesine kurulu\u015f felsefesine de ayk\u0131r\u0131d\u0131r. Cumhuriyeti korumak ve kollamak onu d\u0131\u015fa kapatarak sanal d\u00fc\u015fmanlar \u00fcreterek kendi halk\u0131n\u0131 kendi milletini, yani cumhuru cumhuriyete kar\u015f\u0131 gibi d\u00fc\u015fman g\u00f6rerek olmuyor. Cumhuriyet cumhura sahip \u00e7\u0131karak cumhur i\u00e7in hizmet eser \u00fcreterek milletin hakk\u0131na hukukuna sahip \u00e7\u0131karak g\u00fc\u00e7lenir. Yak\u0131n tarih bize \u015funu g\u00f6stermi\u015ftir: Kendisini Cumhuriyetin as\u0131l ve tek sahibi g\u00f6renler, kendisine durumdan vazife \u00e7\u0131karanlar cumhuru a\u015fa\u011f\u0131layan cumhura g\u00fcvenmeyenler, ellerindeki b\u00fct\u00fcn o yetkiyi farkl\u0131 ama\u00e7lar i\u00e7in kullananlar bu \u00fclkeye ve millete oldu\u011fu kadar Cumhuriyet\u2019e de en b\u00fcy\u00fck zarar\u0131 vermi\u015flerdir. \u201c<\/p>\n<p style=\"text-align: justify;\"><strong>ESK\u0130 GENEL BA\u015eKANLARI DA B\u00d6YLEYD\u0130<\/strong><\/p>\n<p style=\"text-align: justify;\">Ba\u015fbakan Erdo\u011fan, CHP\u2019de Genel Ba\u015fkan K\u0131l\u0131\u00e7daro\u011flu ile Grup Ba\u015fkanvekili Muharrem \u0130nce\u2019nin resepsiyon konusundaki s\u00f6ylem farkl\u0131l\u0131klar\u0131na da dikkat \u00e7ekerek \u201cB\u00f6yle bir tenakuz, b\u00f6yle bir \u00e7at\u0131\u015fma olabilir mi\u201d dedi. Genel Ba\u015fkan K\u0131l\u0131\u00e7daro\u011flu\u2019nun s\u00fcrekli s\u00f6ylem de\u011fi\u015ftirdi\u011fine dikkat \u00e7eken Erdo\u011fan \u201cGenel ba\u015fkanlar\u0131 ak\u015fam ba\u015fka sabah ba\u015fta. Eskisi \u00f6yleydi bu farkl\u0131 olur sanm\u0131\u015ft\u0131k ama bu da ayn\u0131\u201d dedi. K\u0131l\u0131\u00e7daro\u011flu\u2019nun ba\u015f\u00f6rt\u00fcs\u00fc konusunda halk oylamas\u0131 s\u00fcrecinde verdi\u011fi s\u00f6z\u00fc de hat\u0131rlatan Erdo\u011fan \u015funlar\u0131 s\u00f6yledi:<\/p>\n<p style=\"text-align: justify;\">\u201c\u015eimdi ana muhalefet e\u011fer samimi iseniz d\u00fcr\u00fcstseniz hemen talimat\u0131n\u0131z\u0131 verin ben de talimat\u0131m\u0131 vereyim. Ayn\u0131 \u015fekilde MHP &#8216;ben de var\u0131m&#8217; diyor. BDP de kat\u0131laca\u011f\u0131n\u0131 s\u00f6yl\u00fcyor. Hep beraber bu i\u015fi bitirelim. Ben \u015fu anda Grup Ba\u015fkan vekili arkada\u015flar\u0131mla da talimat\u0131 veriyorum. Sizde grup ba\u015fkanvekilleri ile g\u00f6r\u00fc\u015f\u00fcn talimat al\u0131p almad\u0131klar\u0131n\u0131 \u00f6\u011frenin. Hemen g\u00f6r\u00fc\u015f\u00fcn, haz\u0131r olup olmad\u0131klar\u0131n\u0131 \u00f6\u011frenin. Biz de ayn\u0131 tarihte bunu kamuoyuna duyural\u0131m.<\/p>\n<p style=\"text-align: justify;\">Resepsiyona bir tanesi kat\u0131lmayacaklar\u0131n\u0131 a\u00e7\u0131klad\u0131. Genel Ba\u015fkan da &#8216;\u00e7ok var aram\u0131zda g\u00f6r\u00fc\u015f\u00fcz ederiz&#8217; dedi. Hani siz \u00f6zg\u00fcrl\u00fcklerden yanayd\u0131n\u0131z. Demokrasiden yanayd\u0131n\u0131z. Ma\u011fduriyetleri ortadan kald\u0131racakt\u0131n\u0131z. Hani art\u0131k de\u011fi\u015fecektiniz. Ba\u015fbakanl\u0131\u011f\u0131m\u0131n ilk y\u0131l\u0131na kadar e\u015fli ve ba\u015f\u00f6rt\u00fcl\u00fc olarak herkes \u00e7\u0131kabiliyordu. Ba\u015fbakanl\u0131\u011f\u0131m\u0131n birinci y\u0131l\u0131nda yine \u00f6yle \u00e7\u0131k\u0131lm\u0131\u015ft\u0131. Sonradan ne oldu ne bitti hava de\u011fi\u015fti. Bu herhalde meteorolojik bir de\u011fi\u015fimdi. Buras\u0131 kamusal alan dediler. O ana kadar kamusal alan de\u011fil miydi veya nerden \u00e7\u0131kt\u0131 bu kamusal alan. T\u00fcrkiye\u2019de kamusal alan dedi\u011finiz zaman kamuya ait alan demektir ki \u00f6yle alan \u00e7ok. Bu t\u00fcr \u015feyi anlamak m\u00fcmk\u00fcn de\u011fil. Yine anayasac\u0131lara i\u015f d\u00fc\u015f\u00fcyor. T\u00fcrk siyasi tarihinde de nice zik zaklar ya\u015fanm\u0131\u015ft\u0131r. Vaatler \u00e7i\u011fnenmi\u015ftir. Ama bir g\u00fcn, bir hafta, bir ay i\u00e7inde bu kadar \u00e7ok zik zak ya\u015fanmas\u0131 bir ilktir. Bir genel ba\u015fkan\u0131n g\u00fcn i\u00e7inde defalarca kendisini yalanlamas\u0131 \u00e7ark etmesi siyasi tarihimizde bir ilktir.\u201d<\/p>\n<p style=\"text-align: justify;\"><strong>SECCADE SU\u00c7 ALET\u0130 SAYILDI<\/strong><\/p>\n<p style=\"text-align: justify;\">Ba\u015fbakan Erdo\u011fan kendisinin ve kadrosunun daha \u00f6nce yasaklar ve s\u0131k\u0131nt\u0131lar ya\u015fad\u0131\u011f\u0131n\u0131 dile getirerek \u201cBiz dertli bir kadroyuz, damdan d\u00fc\u015fen bir kadroyuz. Biz damdan d\u00fc\u015fenin halini bilen bir kadroyuz. \u00d6zg\u00fcrl\u00fc\u011f\u00fcn k\u0131ymetini d\u00fc\u015f\u00fcnce ifade \u00f6zg\u00fcrl\u00fc\u011f\u00fcn\u00fcn hukukun adaletin de\u011ferini bilen bir kadroyuz\u201d dedi. CHP\u2019nin Cumhuriyet\u2019in temeli ile ters d\u00fc\u015fen hareketleri oldu\u011funa de\u011finerek \u201cBu \u00fclkede kitaplar\u0131n yak\u0131ld\u0131\u011f\u0131 d\u00f6nemler oldu. Bunu sizler de biliyorsunuz. Bu halk partisinin iktidar d\u00f6nemindedir. Bu \u00fclkede inan\u00e7lara ibadetlere ezan\u0131n okunu\u015funa m\u00fcdahale edildi\u011fi d\u00f6nemler oldu. Seccadeler su\u00e7 aleti say\u0131ld\u0131. Ba\u015fka bir \u00fclkeyi anlatm\u0131yorum. \u00dclkemi anlat\u0131yorum. \u00dclkem bunlar\u0131 ya\u015fad\u0131. \u0130\u015flerine geldi\u011fi zaman &#8216;biz Cumhuriyet\u2019i kuran partiyiz&#8217; diyenlerin yapt\u0131klar\u0131 bunlar. Bu ku\u015faklara bunlar\u0131 anlataca\u011f\u0131z ki ne denli samimi olup olmad\u0131klar\u0131n\u0131 iyi g\u00f6rs\u00fcnler iyi bilsinler\u201d diye konu\u015ftu.<\/p>\n<p style=\"text-align: justify;\">Ba\u015fbakan Recep Tayyip Erdo\u011fan, Y\u00d6K\u2019\u00fcn \u00fcniversitelerde ba\u015f\u00f6rt\u00fcs\u00fc ile e\u011fitimin \u00f6n\u00fcn\u00fc a\u00e7an karar\u0131na y\u00f6nelik ele\u015ftirilere de sert \u00e7\u0131kt\u0131. \u201cMahalle bask\u0131s\u0131, sivil diktat\u00f6rl\u00fck\u201d y\u00f6n\u00fcndeki ele\u015ftirileri de\u011ferlendiren Erdo\u011fan, \u201cLaiklik tehlike alt\u0131nda diyenler, laiklik ad\u0131na \u00f6zg\u00fcrl\u00fckleri k\u0131s\u0131tlama hakk\u0131n\u0131 kendilerinde g\u00f6renler, hem laikli\u011fe hem demokrasiye kar\u015f\u0131 olduklar\u0131n\u0131 kendilerinde g\u00f6rmeliler. Laiklik inanc\u0131ndan dolay\u0131 ba\u015f\u0131n\u0131 \u00f6rten i\u00e7in bir g\u00fcvencedir\u201d diye konu\u015ftu.<\/p>\n<p style=\"text-align: justify;\"><strong>D\u0130KTAT\u00d6RL\u00dc\u011e\u00dcN S\u0130V\u0130L\u0130 OLMAZ<\/strong><\/p>\n<p style=\"text-align: justify;\">Erdo\u011fan \u201cBaz\u0131 a\u00e7\u0131k k\u0131zlar okula giremeyecek diyorlar. \u00d6zg\u00fcrl\u00fckler k\u0131s\u0131tlanacak, mahalle bask\u0131s\u0131 olacak diyorlar. Sivil Diktat\u00f6rl\u00fck olacak diyorlar. Diktat\u00f6rl\u00fc\u011f\u00fcn sivili olmaz. Bu iki ifadeyi yan yana koyamazs\u0131n\u0131z\u201d dedi. Ele\u015ftiride bulunanlar\u0131n a\u011fz\u0131na ne gelirse onu s\u00f6yledi\u011fini savunan Erdo\u011fan 82 Anayasas\u0131\u2019nda yap\u0131lan laiklik tan\u0131m\u0131n\u0131 hat\u0131rlatarak \u201cLaiklik tehlike alt\u0131nda diyenler laiklik ad\u0131na \u00f6zg\u00fcrl\u00fckleri k\u0131s\u0131tlama hakk\u0131n\u0131 kendilerinde g\u00f6renler, hem laikli\u011fe hem demokrasiye kar\u015f\u0131 olduklar\u0131n\u0131 art\u0131k g\u00f6rmeliler. Baz\u0131 yorumcular \u00e7\u0131k\u0131yor inanc\u0131mdan dolay\u0131 \u00f6rt\u00fcyorum baz\u0131lar\u0131 inanc\u0131mdan dolay\u0131 \u00f6rtmedim diyor. Sa\u011fa sola \u00e7ekmeye gerek yok. Ben sadece inanc\u0131ndan dolay\u0131 ba\u015f\u0131n\u0131 \u00f6rtene s\u00f6yl\u00fcyorum. Laiklik inanc\u0131ndan dolay\u0131 ba\u015f\u0131n\u0131 \u00f6rten i\u00e7in bir g\u00fcvencedir. 1982 Anayasas\u0131\u2019n\u0131n gerek\u00e7esinden ben bunu anl\u0131yorum. Ba\u015f\u00f6rt\u00fcl\u00fc gezmeyi laikli\u011fe tehdit olarak g\u00f6sterme zorlama bir yakla\u015f\u0131md\u0131r. Bu yerine oturuyor \u015fimdi\u201d diye konu\u015ftu.<\/p>\n<p style=\"text-align: justify;\"><strong>SEN\u0130N PROFES\u00d6R\u00dcN VARSA BEN\u0130M DE VAR<\/strong><\/p>\n<p style=\"text-align: justify;\">Kimi ba\u015f\u00f6rt\u00fcs\u00fc yorumlar\u0131na da tepki g\u00f6steren Erdo\u011fan \u201cAnayasa profes\u00f6r\u00fcym\u00fc\u015f. Ne profes\u00f6r\u00fc olursan ol i\u015fin asl\u0131na bak. Bir tane Anayasa profes\u00f6r\u00fc yok ki \u00fclkede, \u00e7ok var. Sen farkl\u0131 yorumlarken ba\u015fkas\u0131 ba\u015fka yorumluyor\u201d dedi.<\/p>\n<p style=\"text-align: justify;\">Anayasa profes\u00f6rleri i\u00e7in \u201cSen de varsa bizde de var\u201d s\u00f6z\u00fcyle g\u00f6nderme yapan Erdo\u011fan \u015f\u00f6yle devam etti:<\/p>\n<p style=\"text-align: justify;\">\u201cYasalar hukuka ters olamaz. Zira hukuk yasalara g\u00f6re d\u00fczenlenemez. Yasa hukuka g\u00f6re d\u00fczenlenir. Haklara g\u00f6re d\u00fczenlenir. As\u0131l olan hakt\u0131r hukuktur. Bu halk oylamas\u0131nda biz hak ve \u00f6zg\u00fcrl\u00fckleri \u00f6zellikle \u00f6ne \u00e7\u0131kard\u0131k. \u0130leri demokrasi derken bunu savunduk. Bunu halletmemiz laz\u0131md\u0131r. Benim \u00fclkemde her insan istedi\u011fi gibi giyinmeli istedi\u011fi gibi hareket etmeli. Ba\u015f\u0131 \u00f6rt\u00fcl\u00fc olmayan hangi \u00f6zg\u00fcrl\u00fcklere sahipse ba\u015f\u00f6rt\u00fcl\u00fc olan da o \u00f6zg\u00fcrl\u00fcklere sahip olmal\u0131\u2026Baz\u0131 bayanlar kad\u0131n erkek e\u015fitli\u011fi diyor. Bu e\u015fitlik haklar noktas\u0131nda eyvallah ama di\u011feri yarad\u0131l\u0131\u015fa ters. Bunu savunanlara s\u00f6yl\u00fcyorum. Siz \u00f6nce bayanlar aras\u0131ndaki e\u015fitli\u011fi bir savunun. Siz hen\u00fcz kad\u0131nlar aras\u0131ndaki e\u015fitli\u011fi savunmad\u0131n\u0131z. Ayn\u0131 ekranda ba\u015f\u0131 \u00f6rt\u00fcl\u00fc bayan sana mahalle bask\u0131s\u0131 yap\u0131l\u0131rsa ben senin yan\u0131nda olaca\u011f\u0131m diyor. Sen, bende senin hakk\u0131n\u0131 savunaca\u011f\u0131m diyemiyorsun. Nerde adalet nerde adil yakla\u015f\u0131m. Milleti korkutarak buradan kendilerine rant dev\u015firmenin gayretine girdiler. Bu \u00fclkenin ba\u015f\u00f6rt\u00fcl\u00fc k\u0131zlar\u0131 kendi \u00fclkesinde okuyamayacak, gidip Avrupa\u2019da, Amerika\u2019da okuyabilecek. \u00d6z yurdunda garipsin \u00f6z vatan\u0131nda parya.\u201d<\/p>\n<p style=\"text-align: justify;\"><strong>\u0130ST\u0130FALARINA \u0130DEOLOJ\u0130K KILIF B\u0130\u00c7ENLER<\/strong><\/p>\n<p style=\"text-align: justify;\">Ba\u015fbakan Erdo\u011fan, \u00f6zg\u00fcrl\u00fckler konusunda \u00fclkede ya\u015fanan s\u0131k\u0131nt\u0131lar\u0131n fark\u0131nda olduklar\u0131n\u0131, kademe kademe bu aksakl\u0131klar\u0131 ortadan kald\u0131racaklar\u0131n\u0131 da s\u00f6zlerine ekledi. Demokrasi i\u00e7erisinde sorunlar\u0131 \u00e7\u00f6zme m\u00fccadelesi verdikleri s\u0131rada \u00e7etelerin devreye girdi\u011fi ve kapatma davas\u0131 a\u00e7\u0131ld\u0131\u011f\u0131n\u0131 hat\u0131rlatan Erdo\u011fan yarg\u0131ya \u015fu s\u00f6zlerle y\u00fcklendi:<\/p>\n<p style=\"text-align: justify;\">\u201cYarg\u0131 siyasalla\u015f\u0131yor diye ortal\u0131\u011f\u0131 velveleye verenlerin, c\u00fcbbeleri i\u00e7inde siyaset yapt\u0131klar\u0131, muhalefet partisi gibi davrand\u0131klar\u0131, muhalefet ne diyorsa ayn\u0131s\u0131n\u0131 teyitlediklerini bu \u00fclkede hep beraber g\u00f6rd\u00fck. Elbette de\u011fi\u015fim kolay olmad\u0131. Kendi \u015fahsi beklentilerini kar\u015f\u0131lamak i\u00e7in istifa edenlerin, istifalar\u0131na da ideolojik k\u0131l\u0131f bi\u00e7enlerin oldu\u011fu bir \u00fclkede \u00fcst\u00fcnlerin hukukundan hukukun \u00fcst\u00fcnl\u00fc\u011f\u00fcne ge\u00e7i\u015f kolay oymayacakt\u0131r.\u201d<\/p>\n<p style=\"text-align: justify;\">Erdo\u011fan referandum sonras\u0131 Hay\u0131r oyu veren y\u00fczde 42\u2019nin korkular\u0131n\u0131 da anlamaya \u00e7al\u0131\u015ft\u0131klar\u0131n\u0131 dile getirirken, Tophane olay\u0131n\u0131n faturas\u0131n\u0131n da 58\u2019in \u015f\u0131mar\u0131kl\u0131\u011f\u0131 olarak nitelendirildi\u011fini, bu kafan\u0131n \u0130ttihat ve Terakki&#8217;den beri b\u00f6yle geldi\u011fini s\u00f6yledi. O d\u00f6nemden bu yana baz\u0131 gazete ba\u015fl\u0131klar\u0131n\u0131n bile ayn\u0131 oldu\u011funu savunan Erdo\u011fan \u201c\u015eurada 8 y\u0131ld\u0131r \u00fclkeyi idare ediyoruz. Kimin tavu\u011funa k\u0131\u015ft dedik ya. Yani e\u011flenmekse e\u011fleniyorsunuz. \u0130stedi\u011fin gibi ya\u015f\u0131yorsun kime m\u00fcdahale ettik. Muhalefet partileri k\u00fc\u00e7\u00fck olsun benim olsun derken haritay\u0131 da renklere b\u00f6l\u00fcp kendi oylar\u0131n\u0131n y\u00fcksek oldu\u011fu kesimlerle yetinirken O sahil \u015feridinde de bizim milletvekillerimiz vard\u0131. 81 vilayetin partisiyiz iktidar\u0131y\u0131z. Ne ana muhalefet ne di\u011ferleri 81 vilayetin temsilini alamad\u0131lar. Biz 73 milyonun tamam\u0131na ula\u015fma hedefi ile y\u00fcr\u00fcyoruz\u201d dedi.<\/p>\n<p style=\"text-align: justify;\">Ba\u015fbakan Erdo\u011fan, T\u00fcrkiye\u2019nin Pakistan\u2019a verdi\u011fi destek ve b\u00f6lgedeki \u00e7al\u0131\u015fmalar\u0131 nedeniyle eksen kaymas\u0131 ele\u015ftirileri yap\u0131lmas\u0131na da tepki g\u00f6sterdi. \u201cHak ve \u00f6zg\u00fcrl\u00fckler l\u00fctuf de\u011fildir\u201d diyen Erdo\u011fan \u201cKendi insan\u0131m\u0131z\u0131n karde\u015flerimizin huzur ve g\u00fcvenli\u011fi her \u015feyin \u00fczerindedir. T\u00fcrkiye\u2019nin tesis edece\u011fi huzur dalga dalga b\u00f6lgeyi etkisi alt\u0131na alacak bar\u0131\u015f \u00e7a\u011fr\u0131lar\u0131 d\u00fcnyada yank\u0131s\u0131n\u0131 bulacakt\u0131r\u201d dedi. Erdo\u011fan Avrupa Birli\u011fi\u2019ne \u00fcyelik konusunda da T\u00fcrkiye\u2019nin g\u00f6sterdi\u011fi samimiyet ve iyi niyeti AB\u2019den g\u00f6remediklerini dile getirerek \u201cSadaka istemiyoruz, ulufe istemiyoruz. T\u00fcrkiye i\u00e7in farkl\u0131 alternatifler sunan yakla\u015f\u0131mlar kar\u015f\u0131s\u0131na sessiz ve tepkisiz kalmay\u0131z\u201d diye konu\u015ftu.<\/p>\n<p style=\"text-align: justify;\">Ba\u015fbakan Erdo\u011fan Pakistan\u2019a yapt\u0131\u011f\u0131 ziyaret ve yap\u0131lan yard\u0131mlara y\u00f6nelik ele\u015ftirilere tarihten al\u0131nt\u0131lar yaparak yan\u0131t verdi. Kurtulu\u015f Sava\u015f\u0131 y\u0131llar\u0131nda Pakistan\u2019\u0131n Anadolu\u2019ya yard\u0131m etmek i\u00e7in b\u00fcy\u00fck \u00e7aba sarf etti\u011fini dile getiren Erdo\u011fan, \u201cBug\u00fcn zulme kar\u015f\u0131 sesimizi y\u00fckseltti\u011fimizde bizi anlamayanlar bu \u00fclkenin tarihini okumayanlar bizi eksen kaymas\u0131 ile itham edenler y\u00fcklendi\u011fimiz miras\u0131n idrakinde olmayanlard\u0131r. T\u00fcrkiye\u2019nin bat\u0131dan uzakla\u015ft\u0131\u011f\u0131n\u0131 s\u00f6yleyenler bu \u00fclkenin vizyonunu ufkunu tarihi misyonunu anlayamayacak kadar s\u0131\u011f olanlard\u0131r\u201d dedi.<\/p>\n<p style=\"text-align: justify;\"><strong>&#8220;DEVLET TER\u00d6R\u00dc \u0130LE KATLED\u0130LEN FURKAN&#8230;&#8221;<\/strong><\/p>\n<p style=\"text-align: justify;\">Erdo\u011fan konu\u015fmas\u0131nda \u0130srail\u2019in Mavi Marmara sald\u0131r\u0131s\u0131 nedeniyle \u00f6z\u00fcr dilemesi ve tazminat \u00f6demesi gerekti\u011fini dile getirerek \u015funlar\u0131 s\u00f6yledi:<\/p>\n<p style=\"text-align: justify;\">\u201cGazze\u2019nin \u00e7ocuklar\u0131 i\u00e7in Kud\u00fcs\u2019\u00fcn \u00e7ocuklar\u0131 i\u00e7in susmayaca\u011f\u0131z. O \u00e7ocuklara bebek mamas\u0131 g\u00f6t\u00fcr\u00fcrken oyuncak g\u00f6t\u00fcr\u00fcrken Akdeniz\u2019de devlet ter\u00f6r\u00fc ile katledilen Furkan Do\u011fan i\u00e7in susmayaca\u011f\u0131z. D\u00fcnyan\u0131n hi\u00e7bir yerinde onaylamad\u0131\u011f\u0131m\u0131z gibi devlet ter\u00f6r\u00fcn\u00fc, korsanl\u0131\u011f\u0131 orant\u0131s\u0131z g\u00fc\u00e7 kullan\u0131m\u0131n\u0131 tasvip etmeyecek tepkisiz kalmayaca\u011f\u0131z. \u0130srail h\u00fck\u00fcmeti \u00f6z\u00fcr dilemeli. Hatas\u0131n\u0131 kabul etmeli ve tazminat \u00f6demelidir. Bunu yapmad\u0131\u011f\u0131 s\u00fcrece bar\u0131\u015f\u0131r huzurun istikrar\u0131n \u00f6n\u00fcnde bir engel olarak kalmaya devam edecektir. \u0130srail uzla\u015fmaz ve \u00e7at\u0131\u015fmac\u0131 politikalar\u0131 ile insanl\u0131\u011f\u0131n vicdan\u0131nda mahkum olmu\u015ftur\u2026 Hak ve \u00f6zg\u00fcrl\u00fckler l\u00fctuf de\u011fildir. Kendi insan\u0131m\u0131z\u0131n karde\u015flerimizin huzur ve g\u00fcvenli\u011fi her \u015feyin \u00fczerindedir. T\u00fcrkiye\u2019nin tesis edece\u011fi huzur dalga dalga b\u00f6lgeyi etkisi alt\u0131na alacak bar\u0131\u015f \u00e7a\u011fr\u0131lar\u0131 d\u00fcnyada yank\u0131s\u0131n\u0131 bulacakt\u0131r.\u201d<\/p>\n<p style=\"text-align: justify;\"><strong>AB\u2019DEN SADAKA \u0130STEM\u0130YORUZ<\/strong><\/p>\n<p style=\"text-align: justify;\">Ba\u015fbakan Erdo\u011fan, konu\u015fmas\u0131nda AB \u00fcyeli\u011fi konusunda da mesajlar verirken, AB\u2019ye tam \u00fcyelik noktas\u0131nda T\u00fcrkiye\u2019nin samimiyet ve iyi niyetini muhafaza etti\u011fini s\u00f6yledi. T\u00fcrkiye Cumhuriyeti h\u00fck\u00fcmetleri aras\u0131nda en kararl\u0131 duru\u015fu sergileyen en b\u00fcy\u00fck mesafeyi kat edenin AKP h\u00fck\u00fcmeti oldu\u011funu dile getiren Erdo\u011fan, \u201c2004 de ortaya koydu\u011fumuz kararl\u0131l\u0131\u011f\u0131n bug\u00fcn de arkas\u0131nday\u0131z. Ayn\u0131 kararl\u0131l\u0131\u011f\u0131 g\u00f6remiyor olmak ahde vefaya uyulmad\u0131\u011f\u0131n\u0131 g\u00f6r\u00fcyor olmak heyecan\u0131m\u0131z\u0131 t\u00f6rp\u00fcl\u00fcyor. Motivasyonumuzu zedeliyor. Sadaka istemiyoruz ulufe istemiyoruz. T\u00fcrkiye i\u00e7in farkl\u0131 alternatifler sunan yakla\u015f\u0131mlar kar\u015f\u0131s\u0131na sessiz ve tepkisiz kalmay\u0131z. AB\u2019den bize verdi\u011fi s\u00f6zleri tutmas\u0131n\u0131 ve art\u0131k m\u00fczakere s\u00fcrecini daha fazla oyalamamas\u0131n\u0131 bekliyoruz. Son ekonomik krizde T\u00fcrkiye\u2019nin birikimi tecr\u00fcbesi ve dirayeti ortaya \u00e7\u0131km\u0131\u015ft\u0131r. AB T\u00fcrkiye\u2019nin \u00fcyeli\u011fi neticesinde T\u00fcrkiye\u2019den \u00e7ok Avrupa\u2019n\u0131n kazanaca\u011f\u0131n\u0131 fark etmek durumundad\u0131r. T\u00fcrkiye\u2019nin \u00f6n\u00fcndeki yapay engelleri art\u0131k kald\u0131rmalar\u0131n\u0131 bekliyoruz\u201d dedi.<\/p>\n<p style=\"text-align: justify;\"><strong>ALMANYA\u2019DAN ANA D\u0130LDE E\u011e\u0130T\u0130M TALEP ETMED\u0130K<\/strong><\/p>\n<p style=\"text-align: justify;\">Erdo\u011fan ge\u00e7ti\u011fimiz g\u00fcnlerde Almanya\u2019ya yapt\u0131\u011f\u0131 ziyaretin ard\u0131ndan Almanya\u2019dan T\u00fcrk h\u00fck\u00fcmetinin anadilde e\u011fitim istedi\u011fine y\u00f6nelik iddialara da yan\u0131t verdi. Erdo\u011fan \u201cAlmanya\u2019da konu\u015ftu\u011fumu farkl\u0131 yorumlayan kalem\u015forler veya dilbazlar var. Biz Almanya\u2019da y\u00f6netimden istedi\u011fimiz \u00e7e\u015fitli dil kurslar\u0131n\u0131n a\u00e7\u0131lmas\u0131na m\u00fcsaade edilmesidir. Resmi dilin T\u00fcrk\u00e7e olarak kabul edilmesi talebimiz olmam\u0131\u015ft\u0131r. Anadilde e\u011fitim talebimiz olmam\u0131\u015ft\u0131r. \u00dclkemde ya\u015fayan K\u00fcrt karde\u015flerim az\u0131nl\u0131k hukukuna de\u011fil asli unsurudur. Bunun s\u00f6m\u00fcr\u00fcs\u00fcn\u00fc kimse yapmas\u0131n. Bizler \u015fu anda kurslar\u0131n a\u00e7\u0131lmas\u0131na m\u00fcsaade ettik. Siz bunlar\u0131 \u015fu anda Avrupa\u2019da az\u0131nl\u0131k hukukuna tabi oldu\u011funu halde alam\u0131yorsunuz. Bizim m\u00fccadelemiz bu. Bizde \u00fclkemizi b\u00f6lme gayreti i\u00e7inde olanlar var\u201d dedi.<\/p>\n<p style=\"text-align: justify;\">T\u00fcrkiye\u2019de ter\u00f6r \u00f6rg\u00fct\u00fcn\u00fcn deste\u011fi ile siyaset yapanlar\u0131n bulundu\u011funu belirterek BDP\u2019ye de g\u00f6ndermeler yapan Erdo\u011fan, bayrak tart\u0131\u015fmas\u0131na da de\u011finerek \u201cBizde \u015fu anda sistem bellidir. Bizim \u00fclkemizde oraya parti bayra\u011f\u0131 asm\u0131yorsunuz. O g\u00f6r\u00fcnmeyen ama zihinlerinizde olu\u015fturdu\u011funuz yap\u0131n\u0131n bayra\u011f\u0131n\u0131 asmak istiyorsunuz. Bu \u00fclkenin tek bayra\u011f\u0131 vard\u0131r o da ay y\u0131ld\u0131zl\u0131 T\u00fcrk bayra\u011f\u0131d\u0131r. Ay y\u0131ld\u0131zl\u0131 bayra\u011f\u0131n hilali ba\u011f\u0131ms\u0131zl\u0131\u011f\u0131n, y\u0131ld\u0131z \u015fehitlerin simgesidir. T\u00fcm etnik unsurlar birer y\u0131ld\u0131z olarak o hilalin u\u011fruna \u015fehit olmu\u015ftur. Bu kanda t\u00fcm etnik unsurlar\u0131n kan\u0131 vard\u0131r\u201d dedi. Erdo\u011fan \u00fclkeyi b\u00f6lme gayreti i\u00e7inde olanlar oldu\u011funu s\u00f6yleyerek \u015funlar\u0131 kaydetti:<\/p>\n<p style=\"text-align: justify;\">&#8220;Nedir rahats\u0131zl\u0131\u011f\u0131n\u0131z garip garip \u015feyler \u00f6n\u00fcm\u00fcze geliyor. Neyi istedi\u011finiz de alamad\u0131n\u0131z. Her yerde vars\u0131n\u0131z. Devletin \u00fcst kademe y\u00f6netimlerinde hepsi de var. Ba\u015fka \u00fclkelerden \u00f6rnekler veriyorsunuz. Oralarda bunlar\u0131 g\u00f6remezsiniz. Art\u0131k bu oyunu l\u00fctfen \u00e7ok iyi anlamam\u0131z laz\u0131m. K\u00f6y bo\u015faltmalar\u0131n\u0131n nas\u0131l oldu\u011funu biliyoruz. Faili me\u00e7hullerin suikastlerin karanl\u0131k noktalar\u0131n ayd\u0131nl\u0131\u011fa kavu\u015ftu\u011fu bir T\u00fcrkiye var. \u00d6nyarg\u0131lar\u0131n \u00fczerine gitmek \u00f6n kabulleri k\u0131rmak zorunday\u0131z. Ula\u015famad\u0131\u011f\u0131m\u0131z ula\u015f\u0131p da kendimizi anlatamad\u0131\u011f\u0131m\u0131z kesimlere kendimizi daha iyi anlatman\u0131n metodlar\u0131n\u0131 bulmak zorunday\u0131z.&#8221; (ANKA)<\/p>\n<p style=\"text-align: justify;\"><a href=\"http:\/\/www.gazeteport.com.tr\/SIYASET\/NEWS\/GP_782588\" target=\"_blank\"><span style=\"color: #888888;\">Kaynak : GAZETEPORT<\/span><\/a><\/p>\n","protected":false},"excerpt":{"rendered":"<p style=\"text-align: justify;\">\n<p style=\"text-align: justify;\">Partisinin K\u0131z\u0131lcahamam Kamp\u0131\u2019nda konu\u015fan Ba\u015fbakan Erdo\u011fan, cumhura ait olan hi\u00e7bir yerin cumhura yasaklanamayaca\u011f\u0131n\u0131 s\u00f6yledi.<\/p>\n<p style=\"text-align: justify;\">ANKARA &#8211; AKP Genel Ba\u015fkan\u0131 ve Ba\u015fbakan Recep Tayyip Erdo\u011fan, partisinin K\u0131z\u0131lcahamam kamp\u0131nda ba\u015f\u00f6rt\u00fcs\u00fc konusunda mesajlar verdi. Kameralar\u0131n \u00f6n\u00fcnde Grup Ba\u015fkanvekillerine ba\u015f\u00f6rt\u00fcs\u00fc konusunda \u00e7al\u0131\u015fma ba\u015flat\u0131lmas\u0131 talimat\u0131n\u0131 veren Erdo\u011fan, CHP Lideri Kemal K\u0131l\u0131\u00e7daro\u011flu\u2019na da ayn\u0131 <\/p>\n","protected":false},"author":1,"featured_media":0,"comment_status":"open","ping_status":"closed","sticky":false,"template":"","format":"standard","meta":{"footnotes":""},"categories":[105],"tags":[],"class_list":["post-26640","post","type-post","status-publish","format-standard","hentry","category-gundem","odd"],"_links":{"self":[{"href":"http:\/\/www.korhanyilmaz.com\/index.php?rest_route=\/wp\/v2\/posts\/26640","targetHints":{"allow":["GET"]}}],"collection":[{"href":"http:\/\/www.korhanyilmaz.com\/index.php?rest_route=\/wp\/v2\/posts"}],"about":[{"href":"http:\/\/www.korhanyilmaz.com\/index.php?rest_route=\/wp\/v2\/types\/post"}],"author":[{"embeddable":true,"href":"http:\/\/www.korhanyilmaz.com\/index.php?rest_route=\/wp\/v2\/users\/1"}],"replies":[{"embeddable":true,"href":"http:\/\/www.korhanyilmaz.com\/index.php?rest_route=%2Fwp%2Fv2%2Fcomments&post=26640"}],"version-history":[{"count":0,"href":"http:\/\/www.korhanyilmaz.com\/index.php?rest_route=\/wp\/v2\/posts\/26640\/revisions"}],"wp:attachment":[{"href":"http:\/\/www.korhanyilmaz.com\/index.php?rest_route=%2Fwp%2Fv2%2Fmedia&parent=26640"}],"wp:term":[{"taxonomy":"category","embeddable":true,"href":"http:\/\/www.korhanyilmaz.com\/index.php?rest_route=%2Fwp%2Fv2%2Fcategories&post=26640"},{"taxonomy":"post_tag","embeddable":true,"href":"http:\/\/www.korhanyilmaz.com\/index.php?rest_route=%2Fwp%2Fv2%2Ftags&post=26640"}],"curies":[{"name":"wp","href":"https:\/\/api.w.org\/{rel}","templated":true}]}}