{"id":26634,"date":"2010-10-16T09:25:41","date_gmt":"2010-10-16T06:25:41","guid":{"rendered":"http:\/\/www.korhanyilmaz.com\/?p=26634"},"modified":"2010-10-16T09:25:41","modified_gmt":"2010-10-16T06:25:41","slug":"bardakoglu-kurban-kesmeyin-derim-2","status":"publish","type":"post","link":"http:\/\/www.korhanyilmaz.com\/?p=26634","title":{"rendered":"Bardako\u011flu: Kurban kesmeyin derim"},"content":{"rendered":"<p style=\"text-align: center;\"><a href=\"http:\/\/www.korhanyilmaz.com\/wp-content\/uploads\/2010\/10\/1381.jpg\"  class=\"lightview\"><img loading=\"lazy\" decoding=\"async\" class=\"aligncenter size-full wp-image-26627\" src=\"http:\/\/www.korhanyilmaz.com\/wp-content\/uploads\/2010\/10\/1381.jpg\" alt=\"\" width=\"449\" height=\"231\" \/><\/a><\/p>\n<p style=\"text-align: justify;\">Diyanet \u0130\u015fleri Ba\u015fkan\u0131 Ali Bardako\u011flu, Kurban Bayram\u0131\u2019nda kesilecek hayvanlar\u0131n T\u00fcrkiye\u2019nin canl\u0131 hayvan rezervini tehlikeye d\u00fc\u015f\u00fcrmesi durumunda \u201cBu y\u0131l kurban kesilmeyebilir\u201d a\u00e7\u0131klamas\u0131 yapabilece\u011fini s\u00f6yledi.<!--more--><\/p>\n<p style=\"text-align: justify;\">\u0130STANBUL &#8211; Diyanet \u0130\u015fleri Ba\u015fkan\u0131 Prof. Dr. Ali Bardako\u011flu, Kurban Bayram\u0131 \u00f6ncesinde H\u00fcrriyet gazetesine konu\u015ftu.<\/p>\n<p style=\"text-align: justify;\">Ali Bardako\u011flu, \u201cKesilecek hayvanlar\u0131n, T\u00fcrkiye\u2019nin canl\u0131 hayvan rezervini tehlikeye sokabilece\u011fi\u201d iddialar\u0131 \u00fczerine \u00e7al\u0131\u015fma ba\u015flatt\u0131.<\/p>\n<p style=\"text-align: justify;\">Konuyla ilgili veri toplanmas\u0131n\u0131 isteyen Bardako\u011flu, &#8220;Gelen bilgiler ve onlarla yapaca\u011f\u0131m\u0131z de\u011ferlendirmeler sonucunda bir karara varaca\u011f\u0131z. \u00d6n\u00fcm\u00fczdeki hafta detayl\u0131 bir a\u00e7\u0131klamada yapmay\u0131 planl\u0131yoruz\u201d dedi.<\/p>\n<p style=\"text-align: justify;\">Diyanet \u0130\u015fleri Ba\u015fkan\u0131 Bardako\u011flu, \u015f\u00f6yle konu\u015ftu: \u201cKimileri \u2018Kesilmesinde bir sak\u0131nca yok\u2019 diyor, kimileri de \u2018Kesmeyelim\u2019 diyor. T\u00fcm kesimlerin de\u011ferlendirmelerini alaca\u011f\u0131z. E\u011fer bu y\u0131l kurban edilecek hayvanlar\u0131n, canl\u0131 hayvan sto\u011funu olumsuz \u015fekilde etkileyece\u011fi sonucu ortaya \u00e7\u0131karsa, biz de bu konuda fikrimizi s\u00f6yleriz. Bir tehlike g\u00f6r\u00fcrsem \u2018Bu y\u0131l kurban kesilmeyebilir\u2019 derim.<\/p>\n<p style=\"text-align: justify;\">K\u0131tl\u0131k, do\u011fal afetler ve benzer geli\u015fmelere ba\u011fl\u0131 olarak kurban kesiminden vazge\u00e7ilebilmesinin dinen bir sak\u0131ncas\u0131 olmayaca\u011f\u0131 vurgusu yapar\u0131z. Ancak, hi\u00e7bir olumsuz geli\u015fme olmamas\u0131 halinde dahi, \u00f6zellikle di\u015fi hayvanlar\u0131n kurban edilmemesi gerekir. K\u0131s\u0131r oldu\u011fu kesin olanlar d\u0131\u015f\u0131nda di\u015filerin kurban edilmesi do\u011fru olmaz.<\/p>\n<p style=\"text-align: justify;\">\u00d6rne\u011fin bir s\u00fcredir, vekaletle kurban kesimi yoluyla Pakiktan\u2019da kurban kesiyorduk. Ancak Say\u0131n Ba\u015fbakan\u2019la hafta ba\u015f\u0131nda Pakistan\u2019a yapt\u0131\u011f\u0131m\u0131z ziyarette de oradaki temsilcilerimize \u015funu \u015f\u00f6yledim: Burada kurban kesece\u011fiz diye, \u00fclke halk\u0131na zarar vermeyelim. \u00c7\u00fcnk\u00fc sel nedeniyle binlerce hayvan telef oldu. Bir de biz kurban kesece\u011fiz diye insanlar\u0131n elindeki hayvanlar\u0131 al\u0131rsak asl\u0131nda onlara, iyilik de\u011fil, uzun vadede k\u00f6t\u00fcl\u00fck yapm\u0131\u015f oluruz.\u201d<\/p>\n<p style=\"text-align: justify;\"><a href=\"http:\/\/www.gazeteport.com.tr\/GUNCEL\/NEWS\/GP_782402\" target=\"_blank\"><span style=\"color: #888888;\">Kaynak : GAZETEPORT<\/span><\/a><\/p>\n","protected":false},"excerpt":{"rendered":"<p style=\"text-align: center;\">\n<p style=\"text-align: justify;\">Diyanet \u0130\u015fleri Ba\u015fkan\u0131 Ali Bardako\u011flu, Kurban Bayram\u0131\u2019nda kesilecek hayvanlar\u0131n T\u00fcrkiye\u2019nin canl\u0131 hayvan rezervini tehlikeye d\u00fc\u015f\u00fcrmesi durumunda \u201cBu y\u0131l kurban kesilmeyebilir\u201d a\u00e7\u0131klamas\u0131 yapabilece\u011fini s\u00f6yledi.<\/p>\n","protected":false},"author":1,"featured_media":0,"comment_status":"open","ping_status":"closed","sticky":false,"template":"","format":"standard","meta":{"footnotes":""},"categories":[105],"tags":[],"class_list":["post-26634","post","type-post","status-publish","format-standard","hentry","category-gundem","odd"],"_links":{"self":[{"href":"http:\/\/www.korhanyilmaz.com\/index.php?rest_route=\/wp\/v2\/posts\/26634","targetHints":{"allow":["GET"]}}],"collection":[{"href":"http:\/\/www.korhanyilmaz.com\/index.php?rest_route=\/wp\/v2\/posts"}],"about":[{"href":"http:\/\/www.korhanyilmaz.com\/index.php?rest_route=\/wp\/v2\/types\/post"}],"author":[{"embeddable":true,"href":"http:\/\/www.korhanyilmaz.com\/index.php?rest_route=\/wp\/v2\/users\/1"}],"replies":[{"embeddable":true,"href":"http:\/\/www.korhanyilmaz.com\/index.php?rest_route=%2Fwp%2Fv2%2Fcomments&post=26634"}],"version-history":[{"count":0,"href":"http:\/\/www.korhanyilmaz.com\/index.php?rest_route=\/wp\/v2\/posts\/26634\/revisions"}],"wp:attachment":[{"href":"http:\/\/www.korhanyilmaz.com\/index.php?rest_route=%2Fwp%2Fv2%2Fmedia&parent=26634"}],"wp:term":[{"taxonomy":"category","embeddable":true,"href":"http:\/\/www.korhanyilmaz.com\/index.php?rest_route=%2Fwp%2Fv2%2Fcategories&post=26634"},{"taxonomy":"post_tag","embeddable":true,"href":"http:\/\/www.korhanyilmaz.com\/index.php?rest_route=%2Fwp%2Fv2%2Ftags&post=26634"}],"curies":[{"name":"wp","href":"https:\/\/api.w.org\/{rel}","templated":true}]}}