{"id":26629,"date":"2010-10-16T10:02:26","date_gmt":"2010-10-16T07:02:26","guid":{"rendered":"http:\/\/www.korhanyilmaz.com\/?p=26629"},"modified":"2010-10-16T10:02:26","modified_gmt":"2010-10-16T07:02:26","slug":"en-gizemli-zengin-son-insaatinda-dustu","status":"publish","type":"post","link":"http:\/\/www.korhanyilmaz.com\/?p=26629","title":{"rendered":"En gizemli zengin son in\u015faat\u0131nda d\u00fc\u015ft\u00fc"},"content":{"rendered":"<p><a href=\"http:\/\/www.korhanyilmaz.com\/wp-content\/uploads\/2010\/10\/139.jpg\"  class=\"lightview\"><img loading=\"lazy\" decoding=\"async\" class=\"aligncenter size-full wp-image-26630\" src=\"http:\/\/www.korhanyilmaz.com\/wp-content\/uploads\/2010\/10\/139.jpg\" alt=\"\" width=\"412\" height=\"197\" \/><\/a><\/p>\n<p style=\"text-align: justify;\">K\u0131rd\u0131\u011f\u0131 vergi rekorlar\u0131na ra\u011fmen son y\u0131llara kadar ismini gizli tutan Talip Kahraman, 2 metre y\u00fckseklikten d\u00fc\u015ft\u00fc\u011f\u00fc in\u015faat\u0131nda beyin kanamas\u0131 ge\u00e7irdi. Kahraman solunum cihaz\u0131na ba\u011fland\u0131.<!--more--><\/p>\n<p style=\"text-align: justify;\">T\u00fcrkiye\u2019nin ismini, \u201cAnkara\u2019n\u0131n vergi rekortmeni\u201d olarak duydu\u011fu, ba\u015fkentin gizemli zengini i\u015fadam\u0131 Talip Kahraman, 55 milyon 500 bin dolara sat\u0131n ald\u0131\u011f\u0131 K\u0131z\u0131lay\u2019\u0131n g\u00f6be\u011findeki Emek \u0130\u015fhan\u0131 in\u015faat\u0131nda, nas\u0131l meydana geldi\u011fi merak uyand\u0131ran bir kaza ge\u00e7irdi.<\/p>\n<p style=\"text-align: justify;\">Doktorlar\u0131n verdi\u011fi bilgiye g\u00f6re, 2 metre y\u00fckseklikten d\u00fc\u015ferek ba\u015f\u0131n\u0131 yere \u00e7arpan Kahraman, \u00f6nce, beyin kanamas\u0131 ge\u00e7irip yo\u011fun bak\u0131ma al\u0131nd\u0131. Ancak, yetkililerin yapt\u0131\u011f\u0131 a\u00e7\u0131klamaya g\u00f6re, m\u00fcteahhidin durumunda ilk getirildi\u011fi saatlere g\u00f6re iyiye gidi\u015f g\u00f6zlendi.<\/p>\n<p style=\"text-align: justify;\"><strong>OMURGASINDA KIRIKLAR VAR<\/strong><\/p>\n<p style=\"text-align: justify;\">Uzun y\u0131llar, \u00f6dedi\u011fi y\u00fcksek vergilere ra\u011fmen ortaya \u00e7\u0131kmak istemeyen, ismi a\u00e7\u0131\u011fa \u00e7\u0131kt\u0131ktan sonra da art arda Ankara\u2019n\u0131n vergi rekortmeni olmas\u0131 nedeniyle ad\u0131n\u0131 duyuran Kahraman, d\u00fcn sabah erken saatlerde, otele d\u00f6n\u00fc\u015ft\u00fcrmek \u00fczere i\u00e7ini y\u0131kt\u0131rd\u0131\u011f\u0131 Emek \u0130\u015fhan\u0131\u2019ndaki in\u015faat alan\u0131na geldi.<\/p>\n<p style=\"text-align: justify;\">Al\u0131nan bilgiye g\u00f6re, g\u00f6kdelenin farkl\u0131 b\u00f6l\u00fcmlerinde incelemeler yapan Kahraman, 2  metre y\u00fckseklikten d\u00fc\u015ft\u00fc. Kafas\u0131n\u0131 \u015fiddetli bi\u00e7imde yere vuran Kahraman, \u00e7al\u0131\u015fanlar\u0131 taraf\u0131ndan G\u00fcven Hastanesi\u2019ne g\u00f6t\u00fcr\u00fcld\u00fc. G\u00fcven Hastanesi Acil Servisi\u2019nde yap\u0131lan ilk m\u00fcdahale s\u0131ras\u0131nda bilinci a\u00e7\u0131k olan Kahraman\u2019\u0131n beyin kanamas\u0131 ge\u00e7irdi\u011fi anla\u015f\u0131ld\u0131.<\/p>\n<p style=\"text-align: justify;\">Kan suland\u0131r\u0131c\u0131 ila\u00e7 kullanmas\u0131 nedeniyle beyin kanamas\u0131 ge\u00e7irmesi hayati risk olu\u015fturan Kahraman, hemen yo\u011fun bak\u0131ma al\u0131nd\u0131. Kahraman\u2019\u0131n omurgas\u0131nda k\u0131r\u0131klar oldu\u011fu, akci\u011ferinin de bu k\u0131r\u0131klar\u0131n ve d\u00fc\u015fmenin etkisiyle sars\u0131nt\u0131 ge\u00e7irdi\u011fi belirtildi.<\/p>\n<p style=\"text-align: justify;\">Hastaneye kald\u0131r\u0131ld\u0131\u011f\u0131 ilk saatlerde bu durumun nefes almas\u0131n\u0131 g\u00fc\u00e7le\u015ftirmesi nedeniyle solunum destek cihaz\u0131na ba\u011flanan Kahraman\u2019\u0131n durumunda, ak\u015fam saatlerine do\u011fru iyile\u015fme g\u00f6zlendi.<\/p>\n<p style=\"text-align: justify;\"><strong>SOLUNUM SIKINTISI A\u015eILMAK \u00dcZERE<\/strong><\/p>\n<p style=\"text-align: justify;\">Beyin kanamas\u0131nda k\u00f6t\u00fcye gidi\u015f olmad\u0131\u011f\u0131n\u0131 kaydeden yetkililer, solunum s\u0131k\u0131nt\u0131s\u0131n\u0131n a\u015f\u0131lmak \u00fczere oldu\u011funu, b\u00f6yle giderse k\u0131sa s\u00fcre i\u00e7erisinde durumun stabil hale gelebilece\u011fini belirttiler.<\/p>\n<p style=\"text-align: justify;\">Kahraman\u2019\u0131 hastaneye getiren \u00e7al\u0131\u015fanlar\u0131, bas\u0131n mensuplar\u0131n\u0131n, kazan\u0131n nas\u0131l meydana geldi\u011fi, i\u015fadam\u0131n\u0131n o y\u00fckseklikten nas\u0131l a\u015fa\u011f\u0131ya d\u00fc\u015ft\u00fc\u011f\u00fc y\u00f6n\u00fcndeki sorular\u0131n\u0131 yan\u0131ts\u0131z b\u0131rakt\u0131.<\/p>\n<p style=\"text-align: justify;\">Polisin, hastaneye yans\u0131yan benzer olaylarda oldu\u011fu gibi, olayla ilgili adli inceleme ba\u015flatt\u0131\u011f\u0131, bu \u00e7er\u00e7evede \u00e7al\u0131\u015fanlar\u0131n ifadesinin al\u0131naca\u011f\u0131 \u00f6\u011frenildi.<\/p>\n<p style=\"text-align: justify;\">Yo\u011fun bak\u0131mdan \u00e7\u0131kmas\u0131n\u0131n ard\u0131ndan Kahraman\u2019\u0131n da ifadesinin al\u0131naca\u011f\u0131 dile getirildi.<\/p>\n<p style=\"text-align: justify;\"><strong>HER YERDE HEP TEK BA\u015eINA OTURUYOR<\/strong><\/p>\n<p style=\"text-align: justify;\">Rize \u0130kizdereli olan ve hem\u015fehrisi Ba\u015fbakan Recep Tayyip Erdo\u011fan\u2019la da dostlu\u011fu bulundu\u011fu bilinen Talip Kahraman, kamuoyunun g\u00fcndemine vergi rekortmeni olmas\u0131 ve gizemli ya\u015fant\u0131s\u0131 ile geldi. 74 ya\u015f\u0131ndaki i\u015fadam\u0131, Ankara Gaziosmanpa\u015fa\u2019da 2 bin metrekarelik, 4 katl\u0131 villas\u0131nda ya\u015f\u0131yor. Evine birka\u00e7 bina mesafedeki i\u015fyerine y\u00fcr\u00fcyerek gidip gelen Kahraman, bunun d\u0131\u015f\u0131nda her yere, yan\u0131na sadece \u015fof\u00f6r\u00fcn\u00fc alarak gitmesiyle tan\u0131n\u0131yor.<\/p>\n<p style=\"text-align: justify;\">\u00c7al\u0131\u015fanlar\u0131n\u0131n anlat\u0131m\u0131na g\u00f6re in\u015faatlar\u0131n\u0131 denetlemeye, \u00e7al\u0131\u015fanlar\u0131 daha i\u015fe gitmeden, saat 07.00\u2019de ba\u015flayan Kahraman, gitti\u011fi mekanlarda bile tek ba\u015f\u0131na oturuyor ve yeme\u011fini yaln\u0131z yiyor.<\/p>\n<p style=\"text-align: justify;\"><strong>EN Y\u00dcKSEK VERG\u0130Y\u0130 VERD\u0130 L\u0130STEYE G\u0130REMED\u0130<\/strong><\/p>\n<p style=\"text-align: justify;\">Uzun y\u0131llar, \u00f6dedi\u011fi y\u00fcksek vergiye ra\u011fmen isminin a\u00e7\u0131klanmas\u0131n\u0131 istemeyen Talip Kahraman, 2004\u2019ten itibaren isminin a\u00e7\u0131klanmas\u0131na izin verdi. B\u00f6ylece bir anda T\u00fcrkiye, vergi rekortmeni olarak ismiyle tan\u0131\u015ft\u0131. Kahraman\u2019\u0131n rekortmenlikleri \u015f\u00f6yle:<\/p>\n<p style=\"text-align: justify;\">&#8211; 2004\u2019teki18 milyon 668 bin 222 TL\u2019Lik vergisiyle T\u00fcrkiye rekortmeni oldu. \u00d6d\u00fcl\u00fcn\u00fc Ba\u015fbakan Erdo\u011fan\u2019dan ald\u0131.<\/p>\n<p style=\"text-align: justify;\">&#8211; 2005 ve 2006 y\u0131llar\u0131nda ise Ankara vergi rekortmeni oldu.<\/p>\n<p style=\"text-align: justify;\">&#8211; 2010\u2019da da Ankara\u2019da en \u00e7ok vergi \u00f6deyen isim. T\u00fcrkiye \u00fc\u00e7\u00fcnc\u00fcs\u00fc olmas\u0131 gerekirken, \u00f6demeyi stopaj yoluyla yapmas\u0131 nedeniyle listeye giremedi.<\/p>\n<p style=\"text-align: justify;\"><strong>EMEK \u0130\u00c7\u0130N 55.5 M\u0130LYON DOLARI PE\u015e\u0130N \u00d6DED\u0130<\/strong><\/p>\n<p style=\"text-align: justify;\">2\u2019si k\u0131z, 3\u2019\u00fc erkek 5 \u00e7ocu\u011fu ve 15 torunu bulunan Kahraman\u2019\u0131n \u00f6zel yap\u0131m \u00fcnl\u00fc \u0130ngiliz marka Rolls Royce makam arac\u0131na d\u00fc\u015fk\u00fcnl\u00fc\u011f\u00fc biliniyor. \u00c7ocuklar\u0131n\u0131 kendi \u015firketinde \u00e7al\u0131\u015ft\u0131rmayan Kahraman, b\u00fct\u00fcn i\u015fleriyle bizzat kendisi ilgileniyor. Yapt\u0131rd\u0131\u011f\u0131 l\u00fcks oteller ve b\u00fcy\u00fck ihalelerle g\u00fcndeme gelen Kahraman\u2019\u0131n en \u00f6nemli projeleri \u015f\u00f6yle:<\/p>\n<p style=\"text-align: justify;\">&#8211; Emek \u0130\u015fhan\u0131\u2019n\u0131 55 milyon 500 bin dolarl\u0131k bedelini pe\u015fin \u00f6dedi.<\/p>\n<p style=\"text-align: justify;\">-Ankara\u2019n\u0131n simge binalar\u0131ndan Emek \u0130\u015fhan\u0131 G\u00f6kdeleni\u2019ni otele d\u00f6n\u00fc\u015ft\u00fcrmek i\u00e7in tadilata ba\u015flad\u0131. Ancak, \u00c7ankaya Belediyesi ile s\u0131k s\u0131k kar\u015f\u0131ya kalmas\u0131 nedeniyle zaman zaman tadilat\u0131 durdurdu.<\/p>\n<p style=\"text-align: justify;\"><a href=\"http:\/\/www.gazeteport.com.tr\/EKONOMI\/NEWS\/GP_782441\" target=\"_blank\"><span style=\"color: #888888;\">Kaynak : GAZETEPORT<\/span><\/a><\/p>\n","protected":false},"excerpt":{"rendered":"<\/p>\n<p style=\"text-align: justify;\">K\u0131rd\u0131\u011f\u0131 vergi rekorlar\u0131na ra\u011fmen son y\u0131llara kadar ismini gizli tutan Talip Kahraman, 2 metre y\u00fckseklikten d\u00fc\u015ft\u00fc\u011f\u00fc in\u015faat\u0131nda beyin kanamas\u0131 ge\u00e7irdi. Kahraman solunum cihaz\u0131na ba\u011fland\u0131.<\/p>\n","protected":false},"author":1,"featured_media":0,"comment_status":"open","ping_status":"closed","sticky":false,"template":"","format":"standard","meta":{"footnotes":""},"categories":[105],"tags":[],"class_list":["post-26629","post","type-post","status-publish","format-standard","hentry","category-gundem","odd"],"_links":{"self":[{"href":"http:\/\/www.korhanyilmaz.com\/index.php?rest_route=\/wp\/v2\/posts\/26629","targetHints":{"allow":["GET"]}}],"collection":[{"href":"http:\/\/www.korhanyilmaz.com\/index.php?rest_route=\/wp\/v2\/posts"}],"about":[{"href":"http:\/\/www.korhanyilmaz.com\/index.php?rest_route=\/wp\/v2\/types\/post"}],"author":[{"embeddable":true,"href":"http:\/\/www.korhanyilmaz.com\/index.php?rest_route=\/wp\/v2\/users\/1"}],"replies":[{"embeddable":true,"href":"http:\/\/www.korhanyilmaz.com\/index.php?rest_route=%2Fwp%2Fv2%2Fcomments&post=26629"}],"version-history":[{"count":0,"href":"http:\/\/www.korhanyilmaz.com\/index.php?rest_route=\/wp\/v2\/posts\/26629\/revisions"}],"wp:attachment":[{"href":"http:\/\/www.korhanyilmaz.com\/index.php?rest_route=%2Fwp%2Fv2%2Fmedia&parent=26629"}],"wp:term":[{"taxonomy":"category","embeddable":true,"href":"http:\/\/www.korhanyilmaz.com\/index.php?rest_route=%2Fwp%2Fv2%2Fcategories&post=26629"},{"taxonomy":"post_tag","embeddable":true,"href":"http:\/\/www.korhanyilmaz.com\/index.php?rest_route=%2Fwp%2Fv2%2Ftags&post=26629"}],"curies":[{"name":"wp","href":"https:\/\/api.w.org\/{rel}","templated":true}]}}