{"id":26621,"date":"2010-10-16T08:11:17","date_gmt":"2010-10-16T05:11:17","guid":{"rendered":"http:\/\/www.korhanyilmaz.com\/?p=26621"},"modified":"2010-10-16T08:11:17","modified_gmt":"2010-10-16T05:11:17","slug":"bardakoglu-kurban-kesmeyin-derim","status":"publish","type":"post","link":"http:\/\/www.korhanyilmaz.com\/?p=26621","title":{"rendered":"CHP ve asker i\u00e7in zor karar"},"content":{"rendered":"<p style=\"text-align: justify;\"><a href=\"http:\/\/www.korhanyilmaz.com\/wp-content\/uploads\/2010\/10\/141.jpg\"  class=\"lightview\"><img loading=\"lazy\" decoding=\"async\" class=\"aligncenter size-full wp-image-26644\" src=\"http:\/\/www.korhanyilmaz.com\/wp-content\/uploads\/2010\/10\/141.jpg\" alt=\"\" width=\"375\" height=\"251\" \/><\/a><\/p>\n<p style=\"text-align: justify;\">29 Ekim resepsiyonun teke indirilmesi, CHP ve TSK\u2019da belirsizlik yaratt\u0131. CHP\u2019li Onur \u00d6ymen \u2018\u2019Asker resepsiyona kat\u0131l\u0131rsa, orduevlerindeki t\u00fcrban yasa\u011f\u0131n\u0131 da savunamaz\u2019\u2019 dedi.<!--more--><\/p>\n<p style=\"text-align: justify;\">ANKARA-  Cumhuriyet bayram\u0131 i\u00e7in \u00c7ankaya\u2019da verilecek davetin teke indirilmesi, hem CHP, hem de askerde \u2018\u2019Resepsiyon belirsizli\u011fi\u2019\u2019 yaratt\u0131. CHP eski Genel Ba\u015fkan yard\u0131mc\u0131s\u0131 ve Bursa milletvekili Onur \u00d6ymen ilgin\u00e7 bir a\u00e7\u0131klama yaparak \u2018\u2019 Ama\u00e7, askeri t\u00fcrbanl\u0131 Hayr\u00fcnnisa G\u00fcl ile kar\u015f\u0131 kar\u015f\u0131ya getirip, t\u00fcrban\u0131 selamlamak zorunda b\u0131rakmak. Asker resepsiyona kat\u0131l\u0131rsa, orduevlerinde t\u00fcrban yasa\u011f\u0131n\u0131 da savunamaz\u2019\u2019 dedi.<\/p>\n<p style=\"text-align: justify;\">CHP cephesinde resepsiyon i\u00e7in karars\u0131zl\u0131k ya\u015fan\u0131yor. Baz\u0131 y\u00f6neticiler, \u2018\u2019Kat\u0131l\u0131rsak t\u00fcrban\u0131n devlet dairelerine de girmesine zemin haz\u0131rlar\u0131z\u2019\u2019 derken Grup Ba\u015fkanvekili Muharrem \u0130nce, CHP\u2019nin resepsiyona kat\u0131lmayaca\u011f\u0131n\u0131 a\u00e7\u0131klad\u0131. K\u0131l\u0131\u00e7daro\u011flu ise \u201c29 Ekim\u2019e daha \u00e7ok var\u201d diyerek kap\u0131y\u0131 a\u00e7\u0131k b\u0131rakt\u0131.<\/p>\n<p style=\"text-align: justify;\">CHP MYK toplant\u0131s\u0131nda da, MYK\u2019da \u00fcyelerin b\u00fcy\u00fck b\u00f6l\u00fcm\u00fc e\u015fli d\u00fczenlenen bu resepsiyona kat\u0131lmama y\u00f6n\u00fcnde g\u00f6r\u00fc\u015f a\u00e7\u0131klad\u0131. CHP\u2019de \u2018\u2019\u00dcniversitelerde emrivaki t\u00fcrban serbestisi getirildi. CHP taban\u0131ndan bu konuyu g\u00fcndeme getirdi\u011fimiz i\u00e7in, kap\u0131y\u0131 da bizim a\u00e7t\u0131\u011f\u0131m\u0131z ele\u015ftirileri var. Resepsiyona kat\u0131l\u0131rsak t\u00fcrban\u0131n her yerde serbest olmas\u0131na da onay vermi\u015fiz gibi bir g\u00f6r\u00fcnt\u00fc \u00e7\u0131kar\u2019\u2019 g\u00f6r\u00fc\u015f\u00fc a\u011farl\u0131k kazand\u0131.<\/p>\n<p style=\"text-align: justify;\"><strong>ASKER CEPHES\u0130<\/strong><\/p>\n<p style=\"text-align: justify;\">Abdullah G\u00fcl\u2019\u00fcn, \u00c7ankaya\u2019da verece\u011fi resepsiyon i\u00e7in g\u00f6zler TSK\u2019ya da \u00e7evrildi. Bu y\u0131l tek resepsiyon verecek olan G\u00fcl\u2019\u00fcn davetine, Genelkurmay Ba\u015fkan\u0131 Orgeneral. I\u015f\u0131k Ko\u015faner ve kuvvet komutanlar\u0131n\u0131n kat\u0131l\u0131p kat\u0131lmayacaklar\u0131 hen\u00fcz netlik kazanmad\u0131. Komutanlar\u0131n resepsiyona e\u015fsiz gidebilecekleri ya da hi\u00e7 kat\u0131lmayacaklar\u0131 belirtiliyor. Komutanlar B\u00fclent Ar\u0131n\u00e7\u2019\u0131n ba\u015fkanl\u0131\u011f\u0131 d\u00f6neminde bu yana TBMM Ba\u015fkan\u0131n\u0131n resepsiyonlar\u0131na da kat\u0131lm\u0131yorlard\u0131.<\/p>\n<p style=\"text-align: justify;\"><strong>ORDUEV\u0130NE DE G\u0130RER\u2026<\/strong><\/p>\n<p style=\"text-align: justify;\">TSK\u2019n\u0131n bu konudaki tavr\u0131 netle\u015fmezken CHP eski Genel Ba\u015fkan yard\u0131mc\u0131s\u0131 ve Bursa milletvekili Onur \u00d6ylen ilgin\u00e7 bir a\u00e7\u0131klama yaparak \u015f\u00f6yle dedi:<\/p>\n<p style=\"text-align: justify;\">\u2018\u2019Askerler kamusal alanda t\u00fcrbana kar\u015f\u0131lar. Tek resepsiyon karar\u0131 \u00fcniversitelerde t\u00fcrban\u0131n Y\u00d6K genelgesiyle serbest b\u0131rak\u0131lmas\u0131n\u0131n hemen ard\u0131ndan geldi. Ama\u00e7, askerleri t\u00fcrbanl\u0131 Hayr\u00fcnisa G\u00fcl ile kar\u015f\u0131 kar\u015f\u0131ya getirip, bir anlamda t\u00fcrban\u0131 selamlamak zorunda b\u0131rakmak&#8230; Bununla da kamuda t\u00fcrban serbestisine ilk ad\u0131m\u0131 atmak. Asker bu resepsiyona kat\u0131l\u0131rsa bundan sonra orduevlerindeki t\u00fcrban yasa\u011f\u0131n\u0131 da savunamaz\u2019\u2019<\/p>\n<p style=\"text-align: justify;\"><strong>BU SENE NASIL OLACAK?<\/strong><\/p>\n<p style=\"text-align: justify;\">\u00c7ankaya K\u00f6\u015fk\u00fc\u2019nde 3 y\u0131l\u0131n ard\u0131ndan 29 Ekim Cumhuriyet Bayram\u0131nda tek resepsiyon sistemine d\u00f6n\u00fclecek. G\u00fcl, devlet erk\u00e2n\u0131n\u0131 e\u015fi Hayr\u00fcnnisa G\u00fcl ile birlikte kar\u015f\u0131layacak.  G\u00fcl daha \u00f6nce t\u00fcrban nedeniyle ayn\u0131 g\u00fcn iki resepsiyon veriyordu. \u00d6\u011flen A tipi protokol i\u00e7in e\u015fsiz resepsiyon veren G\u00fcl, ak\u015fam da e\u015fiyle birlikte, medya, i\u015f d\u00fcnyas\u0131, sivil toplum \u00f6rg\u00fctleri ve sanat\u00e7\u0131lar\u0131 a\u011f\u0131rl\u0131yordu.<\/p>\n<p style=\"text-align: justify;\"><a href=\"http:\/\/www.gazeteport.com.tr\/SIYASET\/NEWS\/GP_782321\" target=\"_blank\"><span style=\"color: #888888;\">Kaynak : GAZETEPORT<\/span><\/a><\/p>\n","protected":false},"excerpt":{"rendered":"<p style=\"text-align: justify;\">\n<p style=\"text-align: justify;\">29 Ekim resepsiyonun teke indirilmesi, CHP ve TSK\u2019da belirsizlik yaratt\u0131. CHP\u2019li Onur \u00d6ymen \u2018\u2019Asker resepsiyona kat\u0131l\u0131rsa, orduevlerindeki t\u00fcrban yasa\u011f\u0131n\u0131 da savunamaz\u2019\u2019 dedi.<\/p>\n","protected":false},"author":1,"featured_media":0,"comment_status":"open","ping_status":"closed","sticky":false,"template":"","format":"standard","meta":{"footnotes":""},"categories":[105],"tags":[],"class_list":["post-26621","post","type-post","status-publish","format-standard","hentry","category-gundem","odd"],"_links":{"self":[{"href":"http:\/\/www.korhanyilmaz.com\/index.php?rest_route=\/wp\/v2\/posts\/26621","targetHints":{"allow":["GET"]}}],"collection":[{"href":"http:\/\/www.korhanyilmaz.com\/index.php?rest_route=\/wp\/v2\/posts"}],"about":[{"href":"http:\/\/www.korhanyilmaz.com\/index.php?rest_route=\/wp\/v2\/types\/post"}],"author":[{"embeddable":true,"href":"http:\/\/www.korhanyilmaz.com\/index.php?rest_route=\/wp\/v2\/users\/1"}],"replies":[{"embeddable":true,"href":"http:\/\/www.korhanyilmaz.com\/index.php?rest_route=%2Fwp%2Fv2%2Fcomments&post=26621"}],"version-history":[{"count":0,"href":"http:\/\/www.korhanyilmaz.com\/index.php?rest_route=\/wp\/v2\/posts\/26621\/revisions"}],"wp:attachment":[{"href":"http:\/\/www.korhanyilmaz.com\/index.php?rest_route=%2Fwp%2Fv2%2Fmedia&parent=26621"}],"wp:term":[{"taxonomy":"category","embeddable":true,"href":"http:\/\/www.korhanyilmaz.com\/index.php?rest_route=%2Fwp%2Fv2%2Fcategories&post=26621"},{"taxonomy":"post_tag","embeddable":true,"href":"http:\/\/www.korhanyilmaz.com\/index.php?rest_route=%2Fwp%2Fv2%2Ftags&post=26621"}],"curies":[{"name":"wp","href":"https:\/\/api.w.org\/{rel}","templated":true}]}}