{"id":26617,"date":"2010-10-15T22:48:24","date_gmt":"2010-10-15T19:48:24","guid":{"rendered":"http:\/\/www.korhanyilmaz.com\/?p=26617"},"modified":"2010-10-15T22:48:24","modified_gmt":"2010-10-15T19:48:24","slug":"basbakanliktan-terorist-yalanlamasi","status":"publish","type":"post","link":"http:\/\/www.korhanyilmaz.com\/?p=26617","title":{"rendered":"Ba\u015fbakanl\u0131k&#8217;tan &#8220;ter\u00f6rist&#8221; yalanlamas\u0131"},"content":{"rendered":"<p style=\"text-align: justify;\"><a href=\"http:\/\/www.korhanyilmaz.com\/wp-content\/uploads\/2010\/10\/137.jpg\"  class=\"lightview\"><img loading=\"lazy\" decoding=\"async\" class=\"aligncenter size-full wp-image-26618\" src=\"http:\/\/www.korhanyilmaz.com\/wp-content\/uploads\/2010\/10\/137.jpg\" alt=\"\" width=\"349\" height=\"268\" \/><\/a><\/p>\n<p style=\"text-align: justify;\">Ba\u015fbakan Recep Tayyip Erdo\u011fan&#8217;\u0131n, 12-13 Ekim tarihlerinde Pakistan&#8217;a ger\u00e7ekle\u015ftirdi\u011fi ziyaret s\u0131ras\u0131nda hi\u00e7bir \u00f6zel m\u00fclakat vermedi\u011fi ve herhangi bir \u00fclke hakk\u0131nda herhangi bir beyanda bulunmad\u0131\u011f\u0131 belirtilerek, Pakistan&#8217;da yay\u0131nlanan bir gazetede Erdo\u011fan&#8217;a atfen yap\u0131lan haberin, tamamen as\u0131ls\u0131z oldu\u011fu bildirildi. <!--more--><\/p>\n<p style=\"text-align: justify;\">Ba\u015fbakanl\u0131k Bas\u0131n Merkezi&#8217;nden yap\u0131lan a\u00e7\u0131klamada, Pakistan&#8217;da yay\u0131mlanan &#8220;The News&#8221; gazetesinin bug\u00fcnk\u00fc n\u00fcshas\u0131nda Hamid Mir imzas\u0131yla &#8220;T\u00fcrkiye Cumhuriyeti Ba\u015fbakan\u0131: ABD, D\u00fcnya Ter\u00f6ristlerini Destekliyor&#8221; ba\u015fl\u0131kl\u0131 bir &#8220;yalan haber&#8221; yer ald\u0131\u011f\u0131 kaydedildi.<\/p>\n<p style=\"text-align: justify;\">A\u00e7\u0131klamada, &#8220;Ba\u015fbakan\u0131m\u0131z Say\u0131n Recep Tayyip Erdo\u011fan, 12-13 Ekim 2010 tarihlerinde Pakistan&#8217;a ger\u00e7ekle\u015ftirdikleri ziyaret s\u0131ras\u0131nda hi\u00e7bir \u00f6zel m\u00fclakat vermemi\u015fler ve herhangi bir \u00fclke hakk\u0131nda herhangi bir beyanda bulunmam\u0131\u015flard\u0131r. S\u00f6z konusu &#8216;haber&#8217; tamamen as\u0131ls\u0131zd\u0131r. Konu, \u0130slamabad B\u00fcy\u00fckel\u00e7ili\u011fimiz taraf\u0131ndan da kayna\u011f\u0131nda tekzip edilmi\u015ftir&#8221; denildi.<\/p>\n<p style=\"text-align: justify;\"><a href=\"http:\/\/www.cnnturk.com\/2010\/turkiye\/10\/15\/basbakanliktan.terorist.yalanlamasi\/593176.0\/index.html\" target=\"_blank\"><span style=\"color: #888888;\">CNN T\u00dcRK<\/span><\/a><\/p>\n","protected":false},"excerpt":{"rendered":"<p style=\"text-align: justify;\">\n<p style=\"text-align: justify;\">Ba\u015fbakan Recep Tayyip Erdo\u011fan&#8217;\u0131n, 12-13 Ekim tarihlerinde Pakistan&#8217;a ger\u00e7ekle\u015ftirdi\u011fi ziyaret s\u0131ras\u0131nda hi\u00e7bir \u00f6zel m\u00fclakat vermedi\u011fi ve herhangi bir \u00fclke hakk\u0131nda herhangi bir beyanda bulunmad\u0131\u011f\u0131 belirtilerek, Pakistan&#8217;da yay\u0131nlanan bir gazetede Erdo\u011fan&#8217;a atfen yap\u0131lan haberin, tamamen as\u0131ls\u0131z oldu\u011fu bildirildi. <\/p>\n","protected":false},"author":1,"featured_media":0,"comment_status":"open","ping_status":"closed","sticky":false,"template":"","format":"standard","meta":{"footnotes":""},"categories":[105],"tags":[],"class_list":["post-26617","post","type-post","status-publish","format-standard","hentry","category-gundem","odd"],"_links":{"self":[{"href":"http:\/\/www.korhanyilmaz.com\/index.php?rest_route=\/wp\/v2\/posts\/26617","targetHints":{"allow":["GET"]}}],"collection":[{"href":"http:\/\/www.korhanyilmaz.com\/index.php?rest_route=\/wp\/v2\/posts"}],"about":[{"href":"http:\/\/www.korhanyilmaz.com\/index.php?rest_route=\/wp\/v2\/types\/post"}],"author":[{"embeddable":true,"href":"http:\/\/www.korhanyilmaz.com\/index.php?rest_route=\/wp\/v2\/users\/1"}],"replies":[{"embeddable":true,"href":"http:\/\/www.korhanyilmaz.com\/index.php?rest_route=%2Fwp%2Fv2%2Fcomments&post=26617"}],"version-history":[{"count":0,"href":"http:\/\/www.korhanyilmaz.com\/index.php?rest_route=\/wp\/v2\/posts\/26617\/revisions"}],"wp:attachment":[{"href":"http:\/\/www.korhanyilmaz.com\/index.php?rest_route=%2Fwp%2Fv2%2Fmedia&parent=26617"}],"wp:term":[{"taxonomy":"category","embeddable":true,"href":"http:\/\/www.korhanyilmaz.com\/index.php?rest_route=%2Fwp%2Fv2%2Fcategories&post=26617"},{"taxonomy":"post_tag","embeddable":true,"href":"http:\/\/www.korhanyilmaz.com\/index.php?rest_route=%2Fwp%2Fv2%2Ftags&post=26617"}],"curies":[{"name":"wp","href":"https:\/\/api.w.org\/{rel}","templated":true}]}}