{"id":26609,"date":"2010-10-15T14:51:27","date_gmt":"2010-10-15T11:51:27","guid":{"rendered":"http:\/\/www.korhanyilmaz.com\/?p=26609"},"modified":"2010-10-15T14:51:27","modified_gmt":"2010-10-15T11:51:27","slug":"memur-ayligi-2011de-yuzde-137-artacak","status":"publish","type":"post","link":"http:\/\/www.korhanyilmaz.com\/?p=26609","title":{"rendered":"Memur ayl\u0131\u011f\u0131 2011&#8217;de y\u00fczde 13,7 artacak"},"content":{"rendered":"<p style=\"text-align: justify;\"><a href=\"http:\/\/www.korhanyilmaz.com\/wp-content\/uploads\/2010\/10\/135.jpg\"  class=\"lightview\"><img loading=\"lazy\" decoding=\"async\" class=\"aligncenter size-full wp-image-26610\" src=\"http:\/\/www.korhanyilmaz.com\/wp-content\/uploads\/2010\/10\/135.jpg\" alt=\"\" width=\"414\" height=\"219\" \/><\/a><\/p>\n<p style=\"text-align: justify;\">Maliye Bakan\u0131 Mehmet \u015eim\u015fek, 2011 y\u0131l\u0131nda ortalama devlet memuru ayl\u0131\u011f\u0131nda y\u00fczde 13,7 oran\u0131nda art\u0131\u015f yap\u0131lm\u0131\u015f olaca\u011f\u0131n\u0131 belirtti, Maliye Bakan\u0131 Mehmet \u015eim\u015fek, 2011 y\u0131l\u0131 merkezi y\u00f6netim b\u00fct\u00e7esinin 312,5 milyar lira b\u00fcy\u00fckl\u00fc\u011fe sahip oldu\u011funu a\u00e7\u0131klad\u0131.<!--more--><\/p>\n<p style=\"text-align: justify;\">Maliye Bakan\u0131 Mehmet \u015eim\u015fek, 2011 y\u0131l\u0131 b\u00fct\u00e7esine ili\u015fkin d\u00fczenledi\u011fi bas\u0131n toplant\u0131s\u0131nda, \u00f6n\u00fcm\u00fczdeki y\u0131l b\u00fct\u00e7e giderlerinin 312,5 milyar lira, b\u00fct\u00e7e gelirlerinin 279 milyar lira, b\u00fct\u00e7e a\u00e7\u0131\u011f\u0131n\u0131n 33,5 milyar lira, faiz d\u0131\u015f\u0131 fazlan\u0131n da 14 milyar lira olarak \u00f6ng\u00f6r\u00fcld\u00fc\u011f\u00fcn\u00fc bildirdi.<\/p>\n<p style=\"text-align: justify;\">\u015eim\u015fek, gelecek y\u0131l 232,2 milyar lira vergi geliri beklendi\u011fini ifade etti.<\/p>\n<p style=\"text-align: justify;\">2011 b\u00fct\u00e7esinde devlet memurlar\u0131 ayl\u0131klar\u0131n\u0131n, Ocak ay\u0131nda y\u00fczde 4, Temmuz ay\u0131nda da y\u00fczde 4, denge tazminat\u0131n\u0131n da 80 lira art\u0131r\u0131lmas\u0131n\u0131n \u00f6ng\u00f6r\u00fcld\u00fc\u011f\u00fcn\u00fc dile getiren \u015eim\u015fek, buna g\u00f6re 2011 y\u0131l\u0131nda ortalama devlet memuru ayl\u0131\u011f\u0131nda y\u00fczde 13,7 oran\u0131nda art\u0131\u015f yap\u0131lm\u0131\u015f olaca\u011f\u0131n\u0131 kaydetti.<\/p>\n<p style=\"text-align: justify;\">Devlet memurlar\u0131na e\u015f i\u00e7in \u00f6denmekte olan aile yard\u0131m\u0131 \u00f6dene\u011finin Ocak ve Temmuz aylar\u0131nda 20&#8217;\u015fer lira art\u0131r\u0131laca\u011f\u0131 ifade eden \u015eim\u015fek, aile yard\u0131m\u0131 \u00f6deni\u011finin de bir yenilik olarak 2011&#8217;de s\u00f6zle\u015fmeli personele de verilmeye ba\u015flanaca\u011f\u0131n\u0131 bildirdi.<\/p>\n<p style=\"text-align: justify;\"><strong>&#8220;B\u00dcT\u00c7E A\u00c7I\u011eI B\u0130R \u00d6NCEK\u0130 YILIN G\u00d6RE NEREDEYSE YARI YARIYA AZALARAK&#8221;<\/strong><\/p>\n<p style=\"text-align: justify;\">Maliye Bakan\u0131 Mehmet \u015eim\u015fek, 2010 y\u0131l\u0131 Ocak-Eyl\u00fcl d\u00f6neminde b\u00fct\u00e7e a\u00e7\u0131\u011f\u0131n\u0131n bir \u00f6nceki y\u0131l\u0131n ayn\u0131 d\u00f6nemine g\u00f6re neredeyse yar\u0131 yar\u0131ya azalarak 21,3 milyar lira oldu\u011funu s\u00f6yledi.<\/p>\n<p style=\"text-align: justify;\">Bakan \u015eim\u015fek, Maliye Bakan\u0131 Mehmet \u015eim\u015fek&#8217;in, 2011 y\u0131l\u0131 merkezi y\u00f6netim b\u00fct\u00e7e verilerini a\u00e7\u0131klayaca\u011f\u0131 ve bu y\u0131l\u0131n ocak-eyl\u00fcl d\u00f6nemi ekonomik geli\u015fmelerini de\u011ferlendirece\u011fi bas\u0131n toplant\u0131s\u0131 ba\u015flad\u0131.<\/p>\n<p style=\"text-align: justify;\">Maliye Bakan\u0131 \u015eim\u015fek, zaman\u0131nda gerekli tedbirleri almalar\u0131n\u0131n bir sonucu olarak T\u00fcrkiye&#8217;nin gerek istihdam yaratmada gerek not art\u0131\u015f\u0131nda gerekse risk primindeki d\u00fc\u015f\u00fc\u015fte kendi b\u00f6lgesindeki, hatta baz\u0131 konular\u0131nda d\u00fcnyada rekor k\u0131rma noktas\u0131nda bir ayr\u0131\u015fma sa\u011flad\u0131\u011f\u0131n\u0131 belirtti.<\/p>\n<p style=\"text-align: justify;\">Bu ayr\u0131\u015fman\u0131n \u00f6zellikle b\u00fcy\u00fcmede, istihdamda, b\u00fct\u00e7e a\u00e7\u0131\u011f\u0131nda ve kamu bor\u00e7 stokunda \u00e7ok a\u00e7\u0131k bi\u00e7imde g\u00f6r\u00fcld\u00fc\u011f\u00fcn\u00fc ifade eden \u015eim\u015fek, ama\u00e7lar\u0131n\u0131n bu pozitif ayr\u0131\u015fmay\u0131, yani di\u011fer \u00fclkelere g\u00f6re iyi performans\u0131 g\u00fc\u00e7lendirerek s\u00fcrd\u00fcrmek, s\u00fcrd\u00fcr\u00fclebilir bir b\u00fcy\u00fcmeyi y\u00fcksek bir patikada devam ettirmek oldu\u011funu dile getirdi. Bu \u00e7er\u00e7evede makroekonomik politikalar\u0131n sa\u011fl\u0131kl\u0131 bir \u015fekilde devaml\u0131l\u0131\u011f\u0131n\u0131n son derece \u00f6nemli oldu\u011funa i\u015faret eden \u015eim\u015fek, 2011 y\u0131l\u0131 b\u00fct\u00e7esinin de bu \u00e7er\u00e7evede haz\u0131rland\u0131\u011f\u0131n\u0131 ifade etti.<\/p>\n<p style=\"text-align: justify;\">Ge\u00e7en hafta a\u00e7\u0131klad\u0131klar\u0131 Orta Vadeli Program ve Mali Planda 2011-2013 d\u00f6neminde izleyecekleri Maliye Politikas\u0131n\u0131n \u00e7er\u00e7evesini belirlediklerini hat\u0131rlatan \u015eim\u015fek, temel ama\u00e7lar\u0131n\u0131n b\u00fcy\u00fcmeye istikrar kazand\u0131rmak istihdam\u0131 daha da art\u0131rmak kamu dengelerini daha da iyile\u015ftirmek oldu\u011funu s\u00f6yledi.<\/p>\n<p style=\"text-align: justify;\">2010 y\u0131l\u0131n\u0131n Ocak-Eyl\u00fcl d\u00f6neminde b\u00fct\u00e7e a\u00e7\u0131\u011f\u0131n\u0131n bir \u00f6nceki y\u0131l\u0131n ayn\u0131 d\u00f6nemine g\u00f6re neredeyse yar\u0131 yar\u0131ya azalarak, 21,3 milyar lira oldu\u011funu bildiren \u015eim\u015fek, \u015f\u00f6yle devam etti:<\/p>\n<p style=\"text-align: justify;\">&#8221;Yani biz bu sene ilk 9 ayda b\u00fct\u00e7e a\u00e7\u0131\u011f\u0131n\u0131 neredeyse y\u00fczde 50 civar\u0131nda d\u00fc\u015f\u00fcrm\u00fc\u015f bulunuyoruz. Ayn\u0131 d\u00f6nemde faiz d\u0131\u015f\u0131 fazla ge\u00e7en y\u0131l\u0131n ayn\u0131 d\u00f6nemine g\u00f6re yakla\u015f\u0131k 3,8 kat artarak 18 milyar lira olmu\u015ftur. Dolay\u0131s\u0131yla hem b\u00fct\u00e7e a\u00e7\u0131\u011f\u0131n\u0131 yar\u0131 yar\u0131ya d\u00fc\u015f\u00fcrd\u00fck, faiz d\u0131\u015f\u0131 fazlay\u0131 ise ge\u00e7en senenin ayn\u0131 d\u00f6nemine g\u00f6re neredeyse 4 kat art\u0131rm\u0131\u015f bulunmaktay\u0131z. Dolay\u0131s\u0131yla hakikaten b\u00fct\u00e7e performans\u0131m\u0131z y\u0131l\u0131n ilk 9 ay\u0131nda olduk\u00e7a etkileyici, hedeflerimizin de olduk\u00e7a \u00f6tesinde.&#8221;<\/p>\n<p style=\"text-align: justify;\">Bu durumda &#8221;y\u0131l\u0131n son aylar\u0131nda bir bozulma m\u0131 olacak&#8221; sorusunun sorulabilece\u011fini belirten Maliye Bakan\u0131, &#8221;Hay\u0131r. Biz bu \u00e7ok iyi performans\u0131 k\u0131smen yat\u0131r\u0131mlar lehine kullanaca\u011f\u0131z. Bu ilk 9 ayl\u0131k d\u00f6nemde toplam b\u00fct\u00e7e gelirleri y\u00fczde 20 artt\u0131 ve 187,5 milyar lira oldu. B\u00fct\u00e7e giderleri ise sadece y\u00fczde 6 artarak 208,8 milyar lira olmu\u015ftur. Yani b\u00fct\u00e7e giderlerindeki art\u0131\u015f enflasyonun alt\u0131nda b\u00fct\u00e7e gelirlerindeki art\u0131\u015f enflasyonun 2,5 kat\u0131 veya 2 kat\u0131 civar\u0131nda. Yine bu d\u00f6nemde vergi gelirleri ge\u00e7en y\u0131l\u0131n ayn\u0131 d\u00f6nemine g\u00f6re y\u00fczde 23 oran\u0131nda artm\u0131\u015ft\u0131r&#8221; dedi.<\/p>\n<p style=\"text-align: justify;\">Ge\u00e7en sene b\u00fct\u00e7eyi sunarken &#8221;gelir projeksiyonlar\u0131n\u0131z \u00e7ok iyimser, ger\u00e7ek\u00e7i de\u011fil&#8221; diye ele\u015ftirildiklerini hat\u0131rlatan \u015eim\u015fek, ama bug\u00fcn  gelir hedeflerini tutturman\u0131n \u00e7ok \u00f6tesinde bir performans\u0131 ortaya koyduklar\u0131n\u0131n g\u00f6r\u00fcld\u00fc\u011f\u00fcn\u00fc s\u00f6yledi.<\/p>\n<p style=\"text-align: justify;\">Faiz hari\u00e7 b\u00fct\u00e7e giderlerinin y\u00fczde 12 artt\u0131\u011f\u0131n\u0131, bunun b\u00fct\u00e7e hedeflerinin biraz \u00fczerinde oldu\u011funu anlatan \u015eim\u015fek, &#8221;Fakat orada da \u015funu vurgulamakta yarar var. Tamamen yat\u0131r\u0131mlara ek imkan tan\u0131mam\u0131zdan kaynaklanmaktad\u0131r. Yat\u0131r\u0131mlar \u00e7ok \u00f6nemlidir. T\u00fcrkiye&#8217;nin \u00fcretken kapasitesini art\u0131racak yat\u0131r\u0131mlar T\u00fcrkiye&#8217;nin gelece\u011fi a\u00e7\u0131s\u0131ndan \u00e7ok kritiktir. Maliye Bakanl\u0131\u011f\u0131 olarak biz o konuda imkanlar el verdi\u011fince hep destek olduk&#8221; diye konu\u015ftu.<\/p>\n<p style=\"text-align: justify;\"><strong>&#8221;SGK&#8217;YA 62,4 M\u0130LYAR L\u0130RA TRANSFER YAPMAYI \u00d6NG\u00d6R\u00dcYORUZ&#8221;<\/strong><\/p>\n<p style=\"text-align: justify;\">Maliye Bakan\u0131 Mehmet \u015eim\u015fek, 2011 y\u0131l\u0131 b\u00fct\u00e7esinde \u00f6ng\u00f6r\u00fclen 33,5 milyar liral\u0131k b\u00fct\u00e7e a\u00e7\u0131\u011f\u0131na ili\u015fkin, &#8221;2011 b\u00fct\u00e7e a\u00e7\u0131\u011f\u0131n\u0131, 2010 y\u0131l\u0131 ger\u00e7ekle\u015fme tahminine g\u00f6re yakla\u015f\u0131k y\u00fczde 24 d\u00fc\u015f\u00fcr\u00fcyoruz&#8221; dedi.<\/p>\n<p style=\"text-align: justify;\">\u015eim\u015fek 2011 y\u0131l\u0131 Merkezi Y\u00f6netim B\u00fct\u00e7esine ili\u015fkin d\u00fczenledi\u011fi bas\u0131n toplant\u0131s\u0131nda, 2010 y\u0131l\u0131 b\u00fct\u00e7esinin &#8221;krizden \u00e7\u0131k\u0131\u015f b\u00fct\u00e7esi&#8221; olarak haz\u0131rland\u0131\u011f\u0131n\u0131, ger\u00e7ekle\u015ftirilen b\u00fcy\u00fcme oranlar\u0131yla bu hedefe ula\u015ft\u0131klar\u0131n\u0131 kaydetti.<\/p>\n<p style=\"text-align: justify;\">&#8221;2011 y\u0131l\u0131 b\u00fct\u00e7esini ise s\u00fcrd\u00fcr\u00fclebilir b\u00fcy\u00fcmenin devaml\u0131l\u0131\u011f\u0131n\u0131 sa\u011flayaca\u011f\u0131m\u0131z ve mali dengeleri iyile\u015ftirece\u011fimiz bir b\u00fct\u00e7e olarak haz\u0131rlad\u0131k&#8221; diyen \u015eim\u015fek, 2011 b\u00fct\u00e7esine ili\u015fkin \u015fu bilgileri verdi:<\/p>\n<p style=\"text-align: justify;\">&#8221;2011 y\u0131l\u0131 b\u00fct\u00e7esinde faiz giderlerimizi azalt\u0131rken faiz hari\u00e7 giderleri ise nominal b\u00fcy\u00fcme oran\u0131n\u0131n alt\u0131nda art\u0131r\u0131yoruz.<\/p>\n<p style=\"text-align: justify;\">Di\u011fer yandan b\u00fct\u00e7e gelirleri ve vergi gelirlerimizde ise nominal b\u00fcy\u00fcme oran\u0131nda art\u0131\u015f \u00f6ng\u00f6r\u00fcyoruz. Bu suretle 2011 y\u0131l\u0131 b\u00fct\u00e7e a\u00e7\u0131\u011f\u0131n\u0131, 2010 y\u0131l\u0131 ger\u00e7ekle\u015fme tahminine g\u00f6re yakla\u015f\u0131k y\u00fczde 24 oran\u0131nda d\u00fc\u015f\u00fcr\u00fcyoruz.&#8221;<\/p>\n<p style=\"text-align: justify;\"><strong>&#8221;MAKROEKONOM\u0130K VARSAYIMLARIMIZ \u0130HT\u0130YATLI VE GER\u00c7EK\u00c7\u0130&#8221;<\/strong><\/p>\n<p style=\"text-align: justify;\">\u015eim\u015fek, 2011 y\u0131l\u0131 b\u00fct\u00e7esinin haz\u0131rlanmas\u0131nda temel ald\u0131klar\u0131 makroekonomik b\u00fcy\u00fckl\u00fckleri; 1 trilyon 215 milyar lira GSYH, y\u00fczde 4,5 b\u00fcy\u00fcme oran\u0131, y\u00fczde 5,3 y\u0131lsonu T\u00dcFE, 127 milyar dolar ihracat (FOB), 199,5 milyar dolar ithalat (CIF) \u015feklinde s\u0131ralad\u0131.<\/p>\n<p style=\"text-align: justify;\">\u015eim\u015fek, &#8221;Bu noktada a\u00e7\u0131k y\u00fcreklilikle s\u00f6yleyebilirim ki 2011 y\u0131l\u0131 b\u00fct\u00e7esine baz olu\u015fturan makroekonomik varsay\u0131mlar\u0131m\u0131z ihtiyatl\u0131 ve ger\u00e7ek\u00e7idir&#8221; dedi.<\/p>\n<p style=\"text-align: justify;\"><strong>2011 B\u00dcT\u00c7ES\u0130<\/strong><\/p>\n<p style=\"text-align: justify;\">Maliye Bakan\u0131 \u015eim\u015fek, b\u00fct\u00e7enin temel \u00f6zelliklerine ili\u015fkin \u00f6zetle \u015funlar\u0131 kaydetti:<\/p>\n<p style=\"text-align: justify;\">&#8221;- B\u00fcy\u00fcmeyi destekleyen bir b\u00fct\u00e7edir: Esnaf kredileri ve tar\u0131msal kredilerde faiz deste\u011fine, ihracat desteklerine, k\u00fc\u00e7\u00fck ve orta \u00f6l\u00e7ekli i\u015fletmelere sa\u011flanan desteklere, hazine te\u015fvik \u00f6demelerine devam ediyoruz.<\/p>\n<p style=\"text-align: justify;\">&#8211; Sosyal bir b\u00fct\u00e7edir: Sosyal Yard\u0131mla\u015fma ve Dayan\u0131\u015fma Fonuna aktar\u0131lan kaynak, y\u00fczde 12,8 oran\u0131nda art\u0131rarak 2,2 milyar liraya \u00e7\u0131kar\u0131yoruz. Ye\u015fil kartl\u0131lara sa\u011flanan sa\u011fl\u0131k yard\u0131m\u0131 \u00f6deneklerini 4,7 milyar liraya art\u0131r\u0131yoruz.<\/p>\n<p style=\"text-align: justify;\">Ter\u00f6rden zarar g\u00f6ren vatanda\u015flar\u0131m\u0131z\u0131n zararlar\u0131n\u0131 tazmin etmeye devam ederek, sosyal bar\u0131\u015f\u0131 ve devlete g\u00fcveni destekliyoruz.<\/p>\n<p style=\"text-align: justify;\"><strong>&#8221;EN D\u00dc\u015e\u00dcK MEMUR MAA\u015eI, 1.532 L\u0130RA OLACAK&#8221;<\/strong><\/p>\n<p style=\"text-align: justify;\">&#8211; Kamu g\u00f6revlilerini g\u00f6zeten bir b\u00fct\u00e7edir: 2011 y\u0131l\u0131nda memur maa\u015flar\u0131na yap\u0131lacak art\u0131\u015flar sonucunda \u015fu anda 1.300 lira olan aile yard\u0131m\u0131 dahil en d\u00fc\u015f\u00fck memur maa\u015f\u0131, 1.532 liraya y\u00fckselecek.<\/p>\n<p style=\"text-align: justify;\">2011 y\u0131l\u0131nda memur maa\u015flar\u0131na yap\u0131lacak art\u0131\u015flar sonucunda \u015fu an 1.577 TL olan aile yard\u0131m\u0131 dahil ortalama memur maa\u015f\u0131 da 1.793 liraya y\u00fckselecek. B\u00f6ylece 2011 y\u0131l\u0131nda ortalama devlet memuru ayl\u0131\u011f\u0131nda y\u00fczde 13,7 oran\u0131nda art\u0131\u015f yapm\u0131\u015f olaca\u011f\u0131z.<\/p>\n<p style=\"text-align: justify;\"><strong>&#8221;BURS VE HAR\u00c7 DESTE\u011e\u0130 Y\u00dcZDE 22 ARTIRILIYOR&#8221;<\/strong><\/p>\n<p style=\"text-align: justify;\">&#8211; \u00d6\u011frenciler i\u00e7in daha fazla kaynak ay\u0131ran bir b\u00fct\u00e7edir: 2010 y\u0131l\u0131nda \u00f6\u011frencilere sa\u011flanan burs ve har\u00e7 deste\u011fi \u00f6deneklerini y\u00fczde 22 art\u0131r\u0131yoruz. 2011 y\u0131l\u0131 enflasyon tahmininin y\u00fczde 5,3 oldu\u011fu dikkate al\u0131nd\u0131\u011f\u0131nda yakla\u015f\u0131k 4 katl\u0131k bir art\u0131\u015f yapm\u0131\u015f oluyoruz.<\/p>\n<p style=\"text-align: justify;\">\u00d6\u011frenim ve har\u00e7 kredisi \u00f6deneklerini y\u00fczde 17,5, ta\u015f\u0131mal\u0131 e\u011fitime yap\u0131lan deste\u011fi y\u00fczde 10 oran\u0131nda art\u0131r\u0131yoruz.<\/p>\n<p style=\"text-align: justify;\">&#8211; \u00d6z\u00fcrl\u00fc vatanda\u015flara deste\u011fi art\u0131ran bir b\u00fct\u00e7edir: \u00d6z\u00fcrl\u00fclere e\u011fitim deste\u011fini y\u00fczde 5,8, \u00f6z\u00fcrl\u00fc evde bak\u0131m deste\u011fini y\u00fczde 41,3 oran\u0131nda art\u0131rd\u0131k.<\/p>\n<p style=\"text-align: justify;\"><strong>&#8221;MEB&#8217;\u0130N \u00d6DENE\u011e\u0130 Y\u00dcZDE 20,8 Y\u00dcKSELT\u0130L\u0130YOR&#8221;<\/strong><\/p>\n<p style=\"text-align: justify;\">&#8211; E\u011fitime ve sa\u011fl\u0131\u011fa ayr\u0131lan kayna\u011f\u0131n art\u0131r\u0131ld\u0131\u011f\u0131 bir b\u00fct\u00e7edir: 2011 y\u0131l\u0131nda Milli E\u011fitim Bakanl\u0131\u011f\u0131 b\u00fct\u00e7e \u00f6deneklerini y\u00fczde 20,8 oran\u0131nda art\u0131rarak 34 milyar TL&#8217;ye \u00e7\u0131kart\u0131yoruz.<\/p>\n<p style=\"text-align: justify;\">2011 y\u0131l\u0131 b\u00fct\u00e7esinde Sa\u011fl\u0131k Bakanl\u0131\u011f\u0131na ayr\u0131lan \u00f6denekleri 2010 b\u00fct\u00e7esine g\u00f6re y\u00fczde 23,7 art\u0131rarak 17,2 milyar TL&#8217;ye \u00e7\u0131kart\u0131yoruz.<\/p>\n<p style=\"text-align: justify;\"><strong>&#8221;2011&#8217;DE A\u0130LE HEK\u0130ML\u0130\u011e\u0130 T\u00dcM \u0130LLER\u0130 KAPSAYACAK&#8221;<\/strong><\/p>\n<p style=\"text-align: justify;\">&#8211; Vatanda\u015f\u0131n sa\u011fl\u0131k hizmetine eri\u015fimini kolayla\u015ft\u0131ran bir b\u00fct\u00e7edir: 2011 y\u0131l\u0131nda aile hekimli\u011fi uygulamas\u0131n\u0131 t\u00fcm illeri kapsayacak \u015fekilde geni\u015fletiyoruz. Aile hekimli\u011fi \u00f6deneklerini 2010 ba\u015flang\u0131\u00e7 \u00f6dene\u011fine g\u00f6re y\u00fczde 146,6 oran\u0131nda art\u0131rarak, 1,3 milyar TL&#8217;den 3,3 milyar TL&#8217;ye y\u00fckseltiyoruz.<\/p>\n<p style=\"text-align: justify;\">Ye\u015fil kartl\u0131lar\u0131n \u00f6zel hastanelerin acil servis ve yo\u011fun bak\u0131m \u00fcnitelerinden yararlanmas\u0131na imkan sa\u011fl\u0131yoruz.<\/p>\n<p style=\"text-align: justify;\"><strong>&#8221;\u00dcN\u0130VERS\u0130TELERE \u0130LAVE 8 B\u0130N ATAMA \u0130ZN\u0130 VER\u0130L\u0130YOR&#8221;<\/strong><\/p>\n<p style=\"text-align: justify;\">&#8211; \u00dcniversitelere personel ve kaynak deste\u011fini art\u0131ran bir b\u00fct\u00e7edir:\u00d6zellikle yeni kurulan \u00fcniversitelerin \u00f6\u011fretim eleman\u0131 ihtiyac\u0131n\u0131 h\u0131zl\u0131 bir \u015fekilde kar\u015f\u0131layabilmek i\u00e7in, ilave 8 bin adet atama izni veriyoruz. \u00dcniversitelerimizin toplam \u00f6dene\u011fini 2011 y\u0131l\u0131nda y\u00fczde 23 art\u0131rarak 11,5 milyar TL&#8217;ye \u00e7\u0131kar\u0131yoruz.<\/p>\n<p style=\"text-align: justify;\">&#8211; \u00dcniversite e\u011fitimini \u00fclke geneline yayan bir b\u00fct\u00e7edir: B\u00fct\u00e7eyle 102 devlet \u00fcniversitesine kaynak sa\u011fl\u0131yoruz. H\u00fck\u00fcmetimiz d\u00f6neminde kurulan 49 yeni \u00fcniversite ile birlikte 81 ilde gen\u00e7lerimize \u00fcniversite e\u011fitimi imkan\u0131 sunuyoruz.<\/p>\n<p style=\"text-align: justify;\"><strong>&#8221;SGK&#8217;YA 62,4 M\u0130LYAR L\u0130RA TRANSFER \u00d6NG\u00d6R\u00dcL\u00dcYOR&#8221;<\/strong><\/p>\n<p style=\"text-align: justify;\">&#8211; Sosyal g\u00fcvenlik sistemini destekleyen bir b\u00fct\u00e7edir: 2011 y\u0131l\u0131nda Sosyal G\u00fcvenlik Kurumuna toplamda y\u00fczde 11,1 oran\u0131nda art\u0131\u015fla 62,4 milyar lira transfer yapmay\u0131 \u00f6ng\u00f6r\u00fcyoruz. Bu kapsamda Sosyal G\u00fcvenlik Kurumu&#8217;na 2011 y\u0131l\u0131nda a\u00e7\u0131k finansman\u0131 i\u00e7in yap\u0131lacak transfer tutar\u0131 ise, 30,6 milyar lira olarak \u00f6ng\u00f6r\u00fclm\u00fc\u015ft\u00fcr.<\/p>\n<p style=\"text-align: justify;\">2011 y\u0131l\u0131nda SSK ve BA\u011eKUR emeklilerine enflasyonun \u00fczerinde zam yap\u0131yoruz. En d\u00fc\u015f\u00fck emekli maa\u015f\u0131n\u0131 y\u0131ll\u0131k bazda y\u00fczde 21,7 oran\u0131nda art\u0131r\u0131yoruz.<\/p>\n<p style=\"text-align: justify;\"><strong>&#8221;\u00c7\u0130FT\u00c7\u0130YE 6 M\u0130LYAR L\u0130RA DESTEKLEME \u00d6DEMES\u0130 PLANLANIYOR&#8221;<\/strong><\/p>\n<p style=\"text-align: justify;\">&#8211; \u00c7ift\u00e7imize destek olan bir b\u00fct\u00e7edir: \u00c7ift\u00e7inin alan ve \u00fcr\u00fcn baz\u0131nda \u00fcretiminin desteklemesi kapsamda 6 milyar TL destekleme \u00f6demesi yapmay\u0131 planl\u0131yoruz. Tar\u0131m kesimine do\u011frudan yap\u0131lan desteklerin ise 9,8 milyar TL d\u00fczeyine ula\u015fmas\u0131n\u0131 \u00f6ng\u00f6r\u00fcyoruz.<\/p>\n<p style=\"text-align: justify;\"><strong>&#8221;MAHALL\u0130 \u0130DARELERE 27 M\u0130LYAR L\u0130RA DESTEK \u00d6NG\u00d6R\u00dcL\u00dcYOR&#8221;<\/strong><\/p>\n<p style=\"text-align: justify;\">&#8211; Mahalli idarelere deste\u011fi art\u0131ran bir b\u00fct\u00e7edir: 2011 y\u0131l\u0131 b\u00fct\u00e7esinde mahalli idarelerin gelir paylar\u0131n\u0131 y\u00fczde 10,7 oran\u0131nda art\u0131\u015fla 23,7 milyar lira olarak \u00f6ng\u00f6rd\u00fck.<\/p>\n<p style=\"text-align: justify;\">Ayr\u0131ca k\u0131rsal kesimin altyap\u0131s\u0131n\u0131 desteklemek amac\u0131yla K\u00d6YDES ve BELDES Projelerine toplam 950 milyon lira kaynak ay\u0131rd\u0131k.<\/p>\n<p style=\"text-align: justify;\">2011 y\u0131l\u0131nda mahalli idarelere toplamda 27 milyar lira tutar\u0131nda destek sa\u011flamay\u0131 \u00f6ng\u00f6r\u00fcyoruz.<\/p>\n<p style=\"text-align: justify;\"><strong>&#8221;AR-GE \u00d6DENEKLER\u0130 3,2 M\u0130LYAR TL&#8217;YE \u00c7IKARILIYOR&#8221;<\/strong><\/p>\n<p style=\"text-align: justify;\">&#8211; Bilimi ve  AR-GE&#8217;yi destekleyen bir b\u00fct\u00e7edir: T\u00dcB\u0130TAK&#8217;\u0131n 2010 y\u0131l\u0131nda 625 milyon lira \u00f6dene\u011fini y\u00fczde 28 oran\u0131nda art\u0131rarak, 2011&#8217;de 800 milyon TL&#8217;ye \u00e7\u0131kar\u0131yoruz. \u00dcniversitelerin AR-GE \u00f6deneklerini y\u00fczde 23 oran\u0131nda art\u0131rarak, 547 milyon liraya \u00e7\u0131kar\u0131yoruz.<\/p>\n<p style=\"text-align: justify;\">Toplam AR-GE \u00f6deneklerini y\u00fczde 20,6 oran\u0131nda art\u0131rarak 3,2 milyar TL&#8217;ye \u00e7\u0131kart\u0131yoruz.<\/p>\n<p style=\"text-align: justify;\">&#8211; B\u00f6lgesel geli\u015fme projelerinin tamam\u0131n\u0131 destekleyen bir b\u00fct\u00e7edir: 2011 b\u00fct\u00e7esi ile GAP, DAP, Konya Ovas\u0131 gibi b\u00f6lgesel projelere kaynak aktarmaya devam ediyoruz.&#8221;<\/p>\n<p style=\"text-align: justify;\"><strong>RAKAMLARLA 2011 B\u00dcT\u00c7ES\u0130<\/strong><\/p>\n<p style=\"text-align: justify;\">2011 Merkezi Y\u00f6netim B\u00fct\u00e7e Tasar\u0131s\u0131na g\u00f6re, \u00f6n\u00fcm\u00fczdeki y\u0131l 232,2 milyar lira vergi toplanacak.<\/p>\n<p style=\"text-align: justify;\">Bunun 67,8 milyar liras\u0131 katma de\u011fer vergisinden, 61,1 milyar liras\u0131 da \u00f6zel t\u00fcketim vergisinden gelecek.<\/p>\n<p style=\"text-align: justify;\">2011 y\u0131l\u0131nda gelir vergisi yoluyla 47,3 milyar liral\u0131k, kurumlar vergisi yoluyla da 23,1 milyar liral\u0131k vergi tahsilat\u0131 yap\u0131lacak. Motorlu ta\u015f\u0131t sahipleri de yeni y\u0131lda 5,9 milyar lira motorlu ta\u015f\u0131tlar vergisi \u00f6deyecek.<\/p>\n<p style=\"text-align: justify;\">2011 y\u0131l\u0131nda b\u00fct\u00e7e giderleri ile gelir kalemi \u00f6ng\u00f6r\u00fcleri \u015f\u00f6yle:<\/p>\n<p style=\"text-align: justify;\">B\u00dcT\u00c7E G\u0130DERLER\u0130          : 312,5 milyar TL<\/p>\n<p style=\"text-align: justify;\">-Personel Giderleri      :  72,3 milyar TL<\/p>\n<p style=\"text-align: justify;\">-SGK Devlet Primi Gid.   :  12,7 milyar TL<\/p>\n<p style=\"text-align: justify;\">-Mal ve Hiz.Al\u0131m Gid.    :  30,0 milyar TL<\/p>\n<p style=\"text-align: justify;\">-Faiz Giderleri          :  47,5 milyar TL<\/p>\n<p style=\"text-align: justify;\">-Cari Transferler        : 115,8 milyar TL<\/p>\n<p style=\"text-align: justify;\">-Sermaye Giderleri       :  21,7 milyar TL<\/p>\n<p style=\"text-align: justify;\">-Sermaye Transferleri    :   4,3 milyar TL<\/p>\n<p style=\"text-align: justify;\">-Bor\u00e7 Verme              :   6,4 milyar TL<\/p>\n<p style=\"text-align: justify;\">-Yedek \u00d6denekler         :   1,7 milyar TL<\/p>\n<p style=\"text-align: justify;\">Faiz Hari\u00e7 Giderler      : 265,0 milyar TL<\/p>\n<p style=\"text-align: justify;\">B\u00dcT\u00c7E GEL\u0130RLER\u0130          : 279,0 milyar TL<\/p>\n<p style=\"text-align: justify;\">Vergi Gelirleri          : 232,2 milyar TL<\/p>\n<p style=\"text-align: justify;\">-Gelir Vergisi           :  47,3 milyar TL<\/p>\n<p style=\"text-align: justify;\">-Kurumlar Vergisi        :  23,1 milyar TL<\/p>\n<p style=\"text-align: justify;\">-Dahilde Al\u0131nan KDV      :  26,8 milyar TL<\/p>\n<p style=\"text-align: justify;\">-\u0130thalde Al\u0131nan KDV      :  41,0 milyar TL<\/p>\n<p style=\"text-align: justify;\">-\u00d6zel T\u00fcketim Vergisi    :  61,1 milyar TL<\/p>\n<p style=\"text-align: justify;\">-Motorlu Ta\u015f\u0131tlar Vergisi:   5,9 milyar TL<\/p>\n<p style=\"text-align: justify;\">-BSMV                    :   4,3 milyar TL<\/p>\n<p style=\"text-align: justify;\">-Har\u00e7lar                 :   7,8 milyar TL<\/p>\n<p style=\"text-align: justify;\">-Damga Vergisi           :   5,7 milyar TL<\/p>\n<p style=\"text-align: justify;\">Vergi D\u0131\u015f\u0131 Gelirler      :  46,8 milyar TL<\/p>\n<p style=\"text-align: justify;\">B\u00fct\u00e7e A\u00e7\u0131\u011f\u0131              :  33,5 milyar TL<\/p>\n<p style=\"text-align: justify;\">Faiz D\u0131\u015f\u0131 Fazla          :  14,0 milyar TL<\/p>\n<p style=\"text-align: justify;\"><a href=\"http:\/\/www.gazeteport.com.tr\/EKONOMI\/NEWS\/GP_782072\" target=\"_blank\"><span style=\"color: #888888;\">Kaynak : GAZETEPORT<\/span><\/a><\/p>\n","protected":false},"excerpt":{"rendered":"<p style=\"text-align: justify;\">\n<p style=\"text-align: justify;\">Maliye Bakan\u0131 Mehmet \u015eim\u015fek, 2011 y\u0131l\u0131nda ortalama devlet memuru ayl\u0131\u011f\u0131nda y\u00fczde 13,7 oran\u0131nda art\u0131\u015f yap\u0131lm\u0131\u015f olaca\u011f\u0131n\u0131 belirtti, Maliye Bakan\u0131 Mehmet \u015eim\u015fek, 2011 y\u0131l\u0131 merkezi y\u00f6netim b\u00fct\u00e7esinin 312,5 milyar lira b\u00fcy\u00fckl\u00fc\u011fe sahip oldu\u011funu a\u00e7\u0131klad\u0131.<\/p>\n","protected":false},"author":1,"featured_media":0,"comment_status":"open","ping_status":"closed","sticky":false,"template":"","format":"standard","meta":{"footnotes":""},"categories":[7],"tags":[],"class_list":["post-26609","post","type-post","status-publish","format-standard","hentry","category-ekonomi","odd"],"_links":{"self":[{"href":"http:\/\/www.korhanyilmaz.com\/index.php?rest_route=\/wp\/v2\/posts\/26609","targetHints":{"allow":["GET"]}}],"collection":[{"href":"http:\/\/www.korhanyilmaz.com\/index.php?rest_route=\/wp\/v2\/posts"}],"about":[{"href":"http:\/\/www.korhanyilmaz.com\/index.php?rest_route=\/wp\/v2\/types\/post"}],"author":[{"embeddable":true,"href":"http:\/\/www.korhanyilmaz.com\/index.php?rest_route=\/wp\/v2\/users\/1"}],"replies":[{"embeddable":true,"href":"http:\/\/www.korhanyilmaz.com\/index.php?rest_route=%2Fwp%2Fv2%2Fcomments&post=26609"}],"version-history":[{"count":0,"href":"http:\/\/www.korhanyilmaz.com\/index.php?rest_route=\/wp\/v2\/posts\/26609\/revisions"}],"wp:attachment":[{"href":"http:\/\/www.korhanyilmaz.com\/index.php?rest_route=%2Fwp%2Fv2%2Fmedia&parent=26609"}],"wp:term":[{"taxonomy":"category","embeddable":true,"href":"http:\/\/www.korhanyilmaz.com\/index.php?rest_route=%2Fwp%2Fv2%2Fcategories&post=26609"},{"taxonomy":"post_tag","embeddable":true,"href":"http:\/\/www.korhanyilmaz.com\/index.php?rest_route=%2Fwp%2Fv2%2Ftags&post=26609"}],"curies":[{"name":"wp","href":"https:\/\/api.w.org\/{rel}","templated":true}]}}