{"id":26604,"date":"2010-10-15T11:11:11","date_gmt":"2010-10-15T08:11:11","guid":{"rendered":"http:\/\/www.korhanyilmaz.com\/?p=26604"},"modified":"2010-10-15T11:11:11","modified_gmt":"2010-10-15T08:11:11","slug":"kilicdaroglu-dervis-ile-gorustu","status":"publish","type":"post","link":"http:\/\/www.korhanyilmaz.com\/?p=26604","title":{"rendered":"K\u0131l\u0131\u00e7daro\u011flu, Dervi\u015f ile g\u00f6r\u00fc\u015ft\u00fc"},"content":{"rendered":"<p style=\"text-align: justify;\"><a href=\"http:\/\/www.korhanyilmaz.com\/wp-content\/uploads\/2010\/10\/134.jpg\"  class=\"lightview\"><img loading=\"lazy\" decoding=\"async\" class=\"aligncenter size-full wp-image-26605\" src=\"http:\/\/www.korhanyilmaz.com\/wp-content\/uploads\/2010\/10\/134.jpg\" alt=\"\" width=\"412\" height=\"219\" \/><\/a><\/p>\n<p style=\"text-align: justify;\">CHP Genel Ba\u015fkan\u0131 Kemal K\u0131l\u0131\u00e7daro\u011flu, eski devlet bakanlar\u0131ndan ABD&#8217;deki d\u00fc\u015f\u00fcnce kurulu\u015fu Brookings Enstit\u00fcs\u00fcn\u00fcn k\u00fcresel ekonomi ve kalk\u0131nmadan sorumlu Ba\u015fkan Yard\u0131mc\u0131s\u0131 Kemal Dervi\u015f ile \u0130stanbul&#8217;da g\u00f6r\u00fc\u015ft\u00fc.<!--more--><\/p>\n<p style=\"text-align: justify;\">\u0130STANBUL &#8211; CHP Genel Ba\u015fkan\u0131 Kemal K\u0131l\u0131\u00e7daro\u011flu, partisince d\u00fczenlenen programa kat\u0131lmak i\u00e7in Kahramanmara\u015f&#8217;a gitmek \u00fczere saat 06.45 s\u0131ralar\u0131nda Atat\u00fcrk Havaliman\u0131&#8217;na geldi. Ancak hava muhalefeti nedeniyle u\u00e7a\u011f\u0131 kalkmad\u0131\u011f\u0131 i\u00e7in CHP lideri,Kahramanmara\u015f&#8217;a gidemedi.<\/p>\n<p style=\"text-align: justify;\">K\u0131l\u0131\u00e7daro\u011flu, Atat\u00fcrk Havaliman\u0131&#8217;nda T\u00fcrkiye&#8217;ye gelen Kemal Dervi\u015f ile kar\u015f\u0131la\u015ft\u0131. Atat\u00fcrk Havaliman\u0131 VIP salonunda bir araya gelen K\u0131l\u0131\u00e7daro\u011flu ile Dervi\u015f, yakla\u015f\u0131k 45 dakika g\u00f6r\u00fc\u015ft\u00fc.<\/p>\n<p style=\"text-align: justify;\">K\u0131l\u0131\u00e7daro\u011flu ve Dervi\u015f&#8217;in, d\u00fcnyadaki ve T\u00fcrkiye&#8217;deki ekonomik geli\u015fmelere ili\u015fkin kar\u015f\u0131l\u0131kl\u0131 g\u00f6r\u00fc\u015f al\u0131\u015fveri\u015finde bulunduklar\u0131 belirtildi.<\/p>\n<p style=\"text-align: justify;\"><a href=\"http:\/\/www.gazeteport.com.tr\/SIYASET\/NEWS\/GP_781832\" target=\"_blank\"><span style=\"color: #888888;\">GAZETEPORT<\/span><\/a><\/p>\n","protected":false},"excerpt":{"rendered":"<p style=\"text-align: justify;\">\n<p style=\"text-align: justify;\">CHP Genel Ba\u015fkan\u0131 Kemal K\u0131l\u0131\u00e7daro\u011flu, eski devlet bakanlar\u0131ndan ABD&#8217;deki d\u00fc\u015f\u00fcnce kurulu\u015fu Brookings Enstit\u00fcs\u00fcn\u00fcn k\u00fcresel ekonomi ve kalk\u0131nmadan sorumlu Ba\u015fkan Yard\u0131mc\u0131s\u0131 Kemal Dervi\u015f ile \u0130stanbul&#8217;da g\u00f6r\u00fc\u015ft\u00fc.<\/p>\n","protected":false},"author":1,"featured_media":0,"comment_status":"open","ping_status":"closed","sticky":false,"template":"","format":"standard","meta":{"footnotes":""},"categories":[105],"tags":[],"class_list":["post-26604","post","type-post","status-publish","format-standard","hentry","category-gundem","odd"],"_links":{"self":[{"href":"http:\/\/www.korhanyilmaz.com\/index.php?rest_route=\/wp\/v2\/posts\/26604","targetHints":{"allow":["GET"]}}],"collection":[{"href":"http:\/\/www.korhanyilmaz.com\/index.php?rest_route=\/wp\/v2\/posts"}],"about":[{"href":"http:\/\/www.korhanyilmaz.com\/index.php?rest_route=\/wp\/v2\/types\/post"}],"author":[{"embeddable":true,"href":"http:\/\/www.korhanyilmaz.com\/index.php?rest_route=\/wp\/v2\/users\/1"}],"replies":[{"embeddable":true,"href":"http:\/\/www.korhanyilmaz.com\/index.php?rest_route=%2Fwp%2Fv2%2Fcomments&post=26604"}],"version-history":[{"count":0,"href":"http:\/\/www.korhanyilmaz.com\/index.php?rest_route=\/wp\/v2\/posts\/26604\/revisions"}],"wp:attachment":[{"href":"http:\/\/www.korhanyilmaz.com\/index.php?rest_route=%2Fwp%2Fv2%2Fmedia&parent=26604"}],"wp:term":[{"taxonomy":"category","embeddable":true,"href":"http:\/\/www.korhanyilmaz.com\/index.php?rest_route=%2Fwp%2Fv2%2Fcategories&post=26604"},{"taxonomy":"post_tag","embeddable":true,"href":"http:\/\/www.korhanyilmaz.com\/index.php?rest_route=%2Fwp%2Fv2%2Ftags&post=26604"}],"curies":[{"name":"wp","href":"https:\/\/api.w.org\/{rel}","templated":true}]}}