{"id":26600,"date":"2010-10-15T18:21:09","date_gmt":"2010-10-15T15:21:09","guid":{"rendered":"http:\/\/www.korhanyilmaz.com\/?p=26600"},"modified":"2010-10-15T18:21:09","modified_gmt":"2010-10-15T15:21:09","slug":"avcinin-kitabina-toplatma-istemi","status":"publish","type":"post","link":"http:\/\/www.korhanyilmaz.com\/?p=26600","title":{"rendered":"Avc\u0131&#8217;n\u0131n kitab\u0131na toplatma istemi"},"content":{"rendered":"<p style=\"text-align: justify;\"><a href=\"http:\/\/www.korhanyilmaz.com\/wp-content\/uploads\/2010\/10\/133.jpg\"  class=\"lightview\"><img loading=\"lazy\" decoding=\"async\" class=\"aligncenter size-full wp-image-26601\" src=\"http:\/\/www.korhanyilmaz.com\/wp-content\/uploads\/2010\/10\/133.jpg\" alt=\"\" width=\"449\" height=\"231\" \/><\/a><\/p>\n<p style=\"text-align: justify;\">\u00d6zel Yetkili \u0130stanbul Cumhuriyet Savc\u0131s\u0131 Mehmet Berk, &#8221;Hali\u00e7&#8217;te ya\u015fayan Simonlar D\u00fcn Devlet Bug\u00fcn Cemaat&#8221; adl\u0131 kitab\u0131nda kendisi hakk\u0131ndaki anlat\u0131mlar\u0131 nedeniyle, tutuklu Emniyet M\u00fcd\u00fcr\u00fc Hanefi Avc\u0131 aleyhine 100 bin TL&#8217;lik tazminat davas\u0131 a\u00e7arak, kitab\u0131n toplat\u0131lmas\u0131 y\u00f6n\u00fcnde tedbir karar\u0131 al\u0131nmas\u0131n\u0131 istedi.<!--more--><\/p>\n<p style=\"text-align: justify;\">\u0130STANBUL &#8211; \u00d6zel Yetkili \u0130stanbul Cumhuriyet Savc\u0131s\u0131 Mehmet Berk, &#8221;Hali\u00e7&#8217;te ya\u015fayan Simonlar D\u00fcn Devlet Bug\u00fcn Cemaat&#8221;  adl\u0131 kitab\u0131nda, kendisi hakk\u0131ndaki anlat\u0131mlar\u0131 nedeniyle, tutuklu Emniyet M\u00fcd\u00fcr\u00fc Hanefi Avc\u0131 hakk\u0131nda 100 bin TL&#8217;lik manevi tazminat davas\u0131 a\u00e7t\u0131.<\/p>\n<p style=\"text-align: justify;\">Savc\u0131 Berk&#8217;in avukat\u0131 taraf\u0131ndan K\u00fc\u00e7\u00fck\u00e7ekmece 2. Asliye Hukuk Mahkemesine sunulan dava dilek\u00e7esinde, Hanefi Avc\u0131&#8217;n\u0131n &#8221;Hali\u00e7&#8217;te Ya\u015fayan Simonlar D\u00fcn Devlet Bug\u00fcn Cemaat&#8221; adl\u0131 kitab\u0131ndaki ger\u00e7e\u011fe ayk\u0131r\u0131 ifadeler nedeniyle, Berk&#8217;in, toplumun husumet ve hakaretine maruz b\u0131rak\u0131ld\u0131\u011f\u0131, ger\u00e7ek d\u0131\u015f\u0131 tahkir ve tezyif edici, haks\u0131z, hukuka ayk\u0131r\u0131 beyan ve isnatlarla a\u00e7\u0131k\u00e7a \u015feref ve sayg\u0131nl\u0131\u011f\u0131n\u0131n rencide edildi\u011fi \u00f6ne s\u00fcr\u00fcld\u00fc.<\/p>\n<p style=\"text-align: justify;\">Mehmet Berk lehine 100 bin TL&#8217;lik manevi tazminata h\u00fckmedilmesi istenen dilek\u00e7ede, Berk&#8217;in ki\u015filik haklar\u0131n\u0131n korunabilmesi i\u00e7in s\u00f6z konusu kitab\u0131n piyasadan toplat\u0131lmas\u0131 hususunda tedbir karar\u0131 verilmesi talep edildi.<\/p>\n<p style=\"text-align: justify;\"><strong>&#8220;GER\u00c7EK DI\u015eI \u0130THAM&#8221;<\/strong><\/p>\n<p style=\"text-align: justify;\">\u0130stanbul \u00d6zel Yetkili Cumhuriyet Savc\u0131s\u0131 Mehmet Berk&#8217;in, tutuklu Emniyet M\u00fcd\u00fcr\u00fc Hanefi Avc\u0131 hakk\u0131nda a\u00e7t\u0131\u011f\u0131 tazminat davas\u0131 dilek\u00e7esinde, Avc\u0131&#8217;n\u0131n kitab\u0131nda, Berk&#8217;in \u015fahsiyet haklar\u0131na tecav\u00fcz niteli\u011finde, onur ve sayg\u0131nl\u0131\u011f\u0131na y\u00f6nelik ger\u00e7ek d\u0131\u015f\u0131 ithamlarda bulundu\u011fu iddia edildi.<\/p>\n<p style=\"text-align: justify;\">Berk&#8217;in avukatlar\u0131 H\u00fcseyin Gen\u00e7t\u00fcrk ve Yahya Arslan taraf\u0131ndan K\u00fc\u00e7\u00fck\u00e7ekmece 2. Asliye Ceza Mahkemesine sunulan dava dilek\u00e7esinde, davac\u0131 Mehmet Berk&#8217;in savc\u0131 olmas\u0131 nedeniyle dava dosyalar\u0131n\u0131n b\u00fcy\u00fck bir k\u0131sm\u0131n\u0131n yaz\u0131l\u0131 ve g\u00f6rsel bas\u0131nda takip edildi\u011fi, t\u00fcm geli\u015fmelerin kamuoyuna hemen yans\u0131d\u0131\u011f\u0131 ifade edilerek, son zamanlarda g\u00f6r\u00fclen bir\u00e7ok dosyan\u0131n, \u00fclke g\u00fcndemini de\u011fi\u015ftirecek kadar \u00f6nemli oldu\u011fu kaydedildi.<\/p>\n<p style=\"text-align: justify;\">Dilek\u00e7ede, gerek Berk&#8217;in gerekse di\u011fer hakim ve savc\u0131lar\u0131n adlar\u0131n\u0131n kamuoyu taraf\u0131ndan bilindi\u011fi, yapt\u0131klar\u0131 i\u015fler ve ald\u0131klar\u0131 kararlar\u0131n yakinen takip edildi\u011fi dile getirilerek, \u015fu ifadeler kullan\u0131ld\u0131:<\/p>\n<p style=\"text-align: justify;\">&#8221;Daval\u0131 Avc\u0131, yazm\u0131\u015f oldu\u011fu kitab\u0131n m\u00fcvekkil Berk ile ilgili k\u0131s\u0131mlar\u0131nda, ger\u00e7eklerle uzaktan yak\u0131ndan alakas\u0131 olmayan, \u015fahsiyet haklar\u0131na tecav\u00fcz niteli\u011finde, m\u00fcvekkilin onur ve sayg\u0131nl\u0131\u011f\u0131na y\u00f6nelik ger\u00e7ek d\u0131\u015f\u0131 ithamlarda bulunmu\u015ftur. Yapm\u0131\u015f oldu\u011fu g\u00f6rev nedeniyle kamuoyunun yakinen tan\u0131d\u0131\u011f\u0131 Berk&#8217;in kamuoyunda itibar\u0131 ve sayg\u0131nl\u0131\u011f\u0131 zedelenmi\u015f, ki\u015filik haklar\u0131 ihlal edilerek, Berk hakk\u0131nda yarg\u0131s\u0131z infazda bulunulmas\u0131na neden olunmu\u015ftur.&#8221;<\/p>\n<p style=\"text-align: justify;\"><strong>&#8221;K\u0130TAPTA BERK&#8217;\u0130N \u0130SM\u0130 16 KEZ GE\u00c7\u0130YOR&#8221;<\/strong><\/p>\n<p style=\"text-align: justify;\">Hanefi Avc\u0131&#8217;n\u0131n &#8221;Hali\u00e7&#8217;te Ya\u015fayan Simonlar D\u00fcn Devlet Bug\u00fcn Cemaat&#8221; adl\u0131 kitab\u0131nda &#8221;Savc\u0131 Mehmet Berk&#8217;in Fethullah G\u00fclen cemaatinin mensubu oldu\u011funun&#8221; iddia edildi\u011fi ve G\u00fclen&#8217;den 8 kez bahsedilirken Berk&#8217;in isminin 16 kez ge\u00e7ti\u011fi belirtilen dilek\u00e7ede, Berk&#8217;in a\u00e7\u0131k\u00e7a hedef haline getirildi\u011fi ifade edildi.<\/p>\n<p style=\"text-align: justify;\">Savc\u0131 Mehmet Berk&#8217;in, tutuklanan ve duru\u015fmada tahliye edilen Emniyet Genel M\u00fcd\u00fcr Yard\u0131mc\u0131s\u0131 Emin Arslan&#8217;\u0131n da aralar\u0131nda bulundu\u011fu \u015f\u00fcphelilere y\u00f6nelik soru\u015fturma, d\u00f6nemin Sakarya Emniyet M\u00fcd\u00fcr\u00fc Faruk \u00dcnsal&#8217;\u0131n da \u015f\u00fcphelileri aras\u0131nda bulundu\u011fu Akyaz\u0131&#8217;daki su\u00e7 \u00f6rg\u00fct\u00fcne y\u00f6nelik soru\u015fturma ile &#8221;Balyoz Plan\u0131&#8221; iddialar\u0131na ili\u015fkin soru\u015fturmalar\u0131 y\u00fcr\u00fctt\u00fc\u011f\u00fc hat\u0131rlat\u0131lan dilek\u00e7ede, bu soru\u015fturmalarla s\u00f6z konusu kitapta yer alan Berk aleyhine b\u00f6l\u00fcmler ve sayfa paragraflar\u0131 belirtildi.<\/p>\n<p style=\"text-align: justify;\">Avc\u0131&#8217;n\u0131n olaylar\u0131 kafas\u0131nda olu\u015fturdu\u011fu kurguya g\u00f6re yorumlay\u0131p kesin de\u011fer yarg\u0131lar\u0131yla do\u011fru oldu\u011funu iddia etti\u011fi ileri s\u00fcr\u00fclen dilek\u00e7ede, Avc\u0131&#8217;n\u0131n kitab\u0131ndaki beyanlar\u0131n\u0131n sadece davac\u0131 olan Berk&#8217;i de\u011fil, asl\u0131nda t\u00fcm kamu g\u00f6revlilerini hedef g\u00f6sterdi\u011fi savunuldu.<\/p>\n<p style=\"text-align: justify;\">&#8221;Kitab\u0131n neredeyse tamam\u0131 iftira, hakaret ve tehditlerle doludur&#8221; ifadesi kullan\u0131lan dilek\u00e7ede, Avc\u0131&#8217;n\u0131n kitaptaki beyanlar\u0131yla adil yarg\u0131lamay\u0131 etkilemeye \u00e7al\u0131\u015ft\u0131\u011f\u0131 ve bir hesapla\u015fma duygusuna girdi\u011fi i\u00e7in Berk&#8217;i zan alt\u0131nda b\u0131rakt\u0131\u011f\u0131 ileri s\u00fcr\u00fcld\u00fc.<\/p>\n<p style=\"text-align: justify;\"><strong>&#8221;\u0130SPAT HAL\u0130NDE \u0130ST\u0130FA&#8221;<\/strong><\/p>\n<p style=\"text-align: justify;\">Davac\u0131 savc\u0131 Mehmet Berk&#8217;in bakaca\u011f\u0131 dosyalarla ilgili verece\u011fi kararlara ili\u015fkin bir \u00f6nyarg\u0131 olu\u015faca\u011f\u0131, kitab\u0131n Berk&#8217;in mesleki itibar\u0131n\u0131 zedeledi\u011fi ve ki\u015filik haklar\u0131n\u0131n mesnetsiz sald\u0131r\u0131ya u\u011frad\u0131\u011f\u0131 ileri s\u00fcr\u00fclen dilek\u00e7ede, &#8221;M\u00fcvekkil, daval\u0131n\u0131n iddialar\u0131n\u0131 ispat edebilmesi halinde istifa etmeye haz\u0131r oldu\u011funu s\u00f6yleyecek kadar kendinden emin ve yapt\u0131\u011f\u0131 i\u015flerin arkas\u0131nda olan bir kimsedir&#8221; ifadesi kullan\u0131ld\u0131.<\/p>\n<p style=\"text-align: justify;\">Kitab\u0131n piyasadan toplat\u0131lmas\u0131 hususunda tedbir karar\u0131 verilmesi de istenen dilek\u00e7ede, Berk&#8217;in ki\u015fisel haklar\u0131na y\u00f6nelik sald\u0131r\u0131n\u0131n hukuka ayk\u0131r\u0131l\u0131\u011f\u0131n\u0131n tespiti, Berk&#8217;e dava tarihinden ge\u00e7erli olmak \u00fczere i\u015fleyecek yasal faiziyle birlikte 100 bin TL manevi tazminat \u00f6denmesi istenirken, verilecek olan bu karar\u0131n T\u00fcrkiye \u00e7ap\u0131nda yay\u0131n yapan 3 b\u00fcy\u00fck gazetede yay\u0131nlanmas\u0131 talep edildi.(A.A)<\/p>\n<p style=\"text-align: justify;\"><a href=\"http:\/\/www.gazeteport.com.tr\/GUNCEL\/NEWS\/GP_782277\" target=\"_blank\"><span style=\"color: #888888;\">Kaynak : GAZETEPORT<\/span><\/a><\/p>\n","protected":false},"excerpt":{"rendered":"<p style=\"text-align: justify;\">\n<p style=\"text-align: justify;\">\u00d6zel Yetkili \u0130stanbul Cumhuriyet Savc\u0131s\u0131 Mehmet Berk, &#8221;Hali\u00e7&#8217;te ya\u015fayan Simonlar D\u00fcn Devlet Bug\u00fcn Cemaat&#8221; adl\u0131 kitab\u0131nda kendisi hakk\u0131ndaki anlat\u0131mlar\u0131 nedeniyle, tutuklu Emniyet M\u00fcd\u00fcr\u00fc Hanefi Avc\u0131 aleyhine 100 bin TL&#8217;lik tazminat davas\u0131 a\u00e7arak, kitab\u0131n toplat\u0131lmas\u0131 y\u00f6n\u00fcnde tedbir karar\u0131 al\u0131nmas\u0131n\u0131 istedi.<\/p>\n","protected":false},"author":1,"featured_media":0,"comment_status":"open","ping_status":"closed","sticky":false,"template":"","format":"standard","meta":{"footnotes":""},"categories":[105],"tags":[],"class_list":["post-26600","post","type-post","status-publish","format-standard","hentry","category-gundem","odd"],"_links":{"self":[{"href":"http:\/\/www.korhanyilmaz.com\/index.php?rest_route=\/wp\/v2\/posts\/26600","targetHints":{"allow":["GET"]}}],"collection":[{"href":"http:\/\/www.korhanyilmaz.com\/index.php?rest_route=\/wp\/v2\/posts"}],"about":[{"href":"http:\/\/www.korhanyilmaz.com\/index.php?rest_route=\/wp\/v2\/types\/post"}],"author":[{"embeddable":true,"href":"http:\/\/www.korhanyilmaz.com\/index.php?rest_route=\/wp\/v2\/users\/1"}],"replies":[{"embeddable":true,"href":"http:\/\/www.korhanyilmaz.com\/index.php?rest_route=%2Fwp%2Fv2%2Fcomments&post=26600"}],"version-history":[{"count":0,"href":"http:\/\/www.korhanyilmaz.com\/index.php?rest_route=\/wp\/v2\/posts\/26600\/revisions"}],"wp:attachment":[{"href":"http:\/\/www.korhanyilmaz.com\/index.php?rest_route=%2Fwp%2Fv2%2Fmedia&parent=26600"}],"wp:term":[{"taxonomy":"category","embeddable":true,"href":"http:\/\/www.korhanyilmaz.com\/index.php?rest_route=%2Fwp%2Fv2%2Fcategories&post=26600"},{"taxonomy":"post_tag","embeddable":true,"href":"http:\/\/www.korhanyilmaz.com\/index.php?rest_route=%2Fwp%2Fv2%2Ftags&post=26600"}],"curies":[{"name":"wp","href":"https:\/\/api.w.org\/{rel}","templated":true}]}}