{"id":26595,"date":"2010-10-15T21:08:28","date_gmt":"2010-10-15T18:08:28","guid":{"rendered":"http:\/\/www.korhanyilmaz.com\/?p=26595"},"modified":"2010-10-15T21:08:28","modified_gmt":"2010-10-15T18:08:28","slug":"ocalan-15-gun-sonra-hicbir-seye-karismam","status":"publish","type":"post","link":"http:\/\/www.korhanyilmaz.com\/?p=26595","title":{"rendered":"\u00d6calan: 15 g\u00fcn sonra hi\u00e7bir \u015feye kar\u0131\u015fmam"},"content":{"rendered":"<p style=\"text-align: center;\"><a href=\"http:\/\/www.korhanyilmaz.com\/wp-content\/uploads\/2010\/10\/1311.jpg\"  class=\"lightview\"><img loading=\"lazy\" decoding=\"async\" class=\"aligncenter size-full wp-image-26596\" src=\"http:\/\/www.korhanyilmaz.com\/wp-content\/uploads\/2010\/10\/1311.jpg\" alt=\"\" width=\"413\" height=\"220\" \/><\/a><\/p>\n<p style=\"text-align: justify;\">\u0130mral\u0131&#8217;da devletle y\u00fcr\u00fct\u00fclen g\u00f6r\u00fc\u015fmelerin kesildi\u011fi s\u00f6ylenen Abdullah \u00d6calan, avukatlar\u0131 arac\u0131l\u0131\u011f\u0131yla &#8220;15 g\u00fcn daha beklerim, ondan sonra art\u0131k hi\u00e7bir \u015feye kar\u0131\u015fmam&#8221; dedi.<!--more--><\/p>\n<p style=\"text-align: justify;\">Abdullah \u00d6calan 31 Ekim&#8217;e kadar \u00e7\u00f6z\u00fcm i\u00e7in gelinmezse kellesi gitse de kar\u0131\u015fmayaca\u011f\u0131n\u0131, &#8220;Art\u0131k oyuna gelmeyece\u011fini&#8221; s\u00f6yledi.<\/p>\n<p style=\"text-align: justify;\">\u00d6calan, devlete ve Kandil&#8217;e g\u00f6nderdi\u011fi mektuplara da cevap alamad\u0131\u011f\u0131n\u0131 belirterek, &#8220;31 Ekim&#8217;den sonra ben yokum. Art\u0131k karar\u0131 KCK kendisi verir&#8221; dedi.<\/p>\n<p style=\"text-align: justify;\">Bu arada BDP&#8217;nin ate\u015fkes s\u00fcreci ile paralellik kurdu\u011fu 151 san\u0131kl\u0131 KCK davas\u0131 pazartesi g\u00fcn\u00fc Diyarbak\u0131r&#8217;da ba\u015fl\u0131yor.<\/p>\n<p style=\"text-align: justify;\">Nisan ay\u0131nda yap\u0131lan operasyonlarda aralar\u0131nda DTP e\u015f ba\u015fkan yard\u0131mc\u0131lar\u0131, belediye ba\u015fkanlar\u0131n\u0131n da bulundu\u011fu 53 ki\u015fi tutuklanm\u0131\u015ft\u0131.<\/p>\n<p style=\"text-align: justify;\">De\u011fi\u015fik illerde yap\u0131lan operasyonlarla tutuklu say\u0131s\u0131 bin be\u015f y\u00fcz\u00fc a\u015ft\u0131.<\/p>\n<p style=\"text-align: justify;\">G\u00f6zalt\u0131na al\u0131nanlar\u0131n adliyeye elleri kelep\u00e7eli getirilmeli ele\u015ftiri konusu olmu\u015ftu.<\/p>\n<p style=\"text-align: justify;\">Bir di\u011fer ele\u015ftiri ise baz\u0131 san\u0131klar\u0131n 18 ay sonra hakim kar\u015f\u0131s\u0131na \u00e7\u0131kacak olmas\u0131.<\/p>\n<p style=\"text-align: justify;\">BDP K\u00fcrt sorununun \u00e7\u00f6z\u00fcm\u00fcnde at\u0131lacak pratik ad\u0131mlardan birisinin KCK tutuklular\u0131n\u0131n serbest b\u0131rak\u0131lmas\u0131 oldu\u011funu a\u00e7\u0131klam\u0131\u015ft\u0131. BDP tutuklular\u0131n serbest b\u0131rak\u0131lmas\u0131n\u0131n bir iyi niyet i\u015fareti olarak alg\u0131l\u0131yor.<\/p>\n<p style=\"text-align: justify;\">Abdullah \u00d6calan&#8217;\u0131n avukat g\u00f6r\u00fc\u015fmelerindeki a\u00e7\u0131klamalar\u0131nda KCK davas\u0131n\u0131n gidi\u015fat\u0131 ile ate\u015fkes s\u00fcreci aras\u0131nda paralellik kuruluyor.<\/p>\n<p style=\"text-align: justify;\">Dava i\u00e7in \u00e7ok say\u0131da yerli ve yabanc\u0131 delegasyonun Avrupa\u2019dan baz\u0131 milletvekilleri, T\u00fcrkiye&#8217;deki diplomatik misyon temsilcilerinin de pazartesi g\u00fcn\u00fc Diyarbak\u0131r&#8217;da olmas\u0131 bekleniyor.<\/p>\n<p style=\"text-align: justify;\"><strong>151 K\u0130\u015e\u0130 YARGILANIYOR<\/strong><\/p>\n<p style=\"text-align: justify;\">Haz\u0131rlanan iddianameye g\u00f6re &#8216;K\u00fcrdistan Topluluklar\u0131 Birli\u011fi T\u00fcrkiye Meclisi&#8217; \u00f6rg\u00fctlenmesi anlam\u0131na gelen KCK, PKK&#8217;n\u0131n \u015fehir \u00f6rg\u00fctlenmesi.<\/p>\n<p style=\"text-align: justify;\">7578 sayfal\u0131k iddinamede 103&#8217;\u00fc tutuklu 151 ki\u015fi ter\u00f6r \u00f6rg\u00fct\u00fc y\u00f6neticisi olmak, yard\u0131m ve yatakl\u0131k su\u00e7lar\u0131ndan yarg\u0131lanacak.(ntvmsnbc)<\/p>\n<p style=\"text-align: justify;\"><a href=\"http:\/\/www.gazeteport.com.tr\/GUNCEL\/NEWS\/GP_782354\" target=\"_blank\"><span style=\"color: #888888;\">Kaynak : GAZETEPORT<\/span><\/a><\/p>\n","protected":false},"excerpt":{"rendered":"<p style=\"text-align: center;\">\n<p style=\"text-align: justify;\">\u0130mral\u0131&#8217;da devletle y\u00fcr\u00fct\u00fclen g\u00f6r\u00fc\u015fmelerin kesildi\u011fi s\u00f6ylenen Abdullah \u00d6calan, avukatlar\u0131 arac\u0131l\u0131\u011f\u0131yla &#8220;15 g\u00fcn daha beklerim, ondan sonra art\u0131k hi\u00e7bir \u015feye kar\u0131\u015fmam&#8221; dedi.<\/p>\n","protected":false},"author":1,"featured_media":0,"comment_status":"open","ping_status":"closed","sticky":false,"template":"","format":"standard","meta":{"footnotes":""},"categories":[105],"tags":[],"class_list":["post-26595","post","type-post","status-publish","format-standard","hentry","category-gundem","odd"],"_links":{"self":[{"href":"http:\/\/www.korhanyilmaz.com\/index.php?rest_route=\/wp\/v2\/posts\/26595","targetHints":{"allow":["GET"]}}],"collection":[{"href":"http:\/\/www.korhanyilmaz.com\/index.php?rest_route=\/wp\/v2\/posts"}],"about":[{"href":"http:\/\/www.korhanyilmaz.com\/index.php?rest_route=\/wp\/v2\/types\/post"}],"author":[{"embeddable":true,"href":"http:\/\/www.korhanyilmaz.com\/index.php?rest_route=\/wp\/v2\/users\/1"}],"replies":[{"embeddable":true,"href":"http:\/\/www.korhanyilmaz.com\/index.php?rest_route=%2Fwp%2Fv2%2Fcomments&post=26595"}],"version-history":[{"count":0,"href":"http:\/\/www.korhanyilmaz.com\/index.php?rest_route=\/wp\/v2\/posts\/26595\/revisions"}],"wp:attachment":[{"href":"http:\/\/www.korhanyilmaz.com\/index.php?rest_route=%2Fwp%2Fv2%2Fmedia&parent=26595"}],"wp:term":[{"taxonomy":"category","embeddable":true,"href":"http:\/\/www.korhanyilmaz.com\/index.php?rest_route=%2Fwp%2Fv2%2Fcategories&post=26595"},{"taxonomy":"post_tag","embeddable":true,"href":"http:\/\/www.korhanyilmaz.com\/index.php?rest_route=%2Fwp%2Fv2%2Ftags&post=26595"}],"curies":[{"name":"wp","href":"https:\/\/api.w.org\/{rel}","templated":true}]}}