{"id":26580,"date":"2010-10-14T11:17:56","date_gmt":"2010-10-14T08:17:56","guid":{"rendered":"http:\/\/www.korhanyilmaz.com\/?p=26580"},"modified":"2010-10-14T11:17:56","modified_gmt":"2010-10-14T08:17:56","slug":"istanbulda-cami-vurgunu","status":"publish","type":"post","link":"http:\/\/www.korhanyilmaz.com\/?p=26580","title":{"rendered":"\u0130stanbul&#8217;da cami vurgunu"},"content":{"rendered":"<p style=\"text-align: justify;\"><a href=\"http:\/\/www.korhanyilmaz.com\/wp-content\/uploads\/2010\/10\/132.jpg\"  class=\"lightview\"><img loading=\"lazy\" decoding=\"async\" class=\"aligncenter size-full wp-image-26581\" src=\"http:\/\/www.korhanyilmaz.com\/wp-content\/uploads\/2010\/10\/132.jpg\" alt=\"\" width=\"343\" height=\"233\" \/><\/a><\/p>\n<p style=\"text-align: justify;\">Milliyet yazar\u0131 Mehmet Tezkan, ilgin\u00e7 bir iddiay\u0131 k\u00f6\u015fesine ta\u015f\u0131d\u0131&#8230;<\/p>\n<p style=\"text-align: justify;\">\u0130\u015fte o yaz\u0131 ve o iddia;<\/p>\n<p style=\"text-align: justify;\"><span style=\"text-decoration: underline;\"><strong>Diyanet\u2019e a\u011f\u0131r su\u00e7lama&#8230;<\/strong><\/span><\/p>\n<p style=\"text-align: justify;\">CHP Genel Ba\u015fkan Yard\u0131mc\u0131s\u0131 G\u00fcrsel Tekin ge\u00e7en sabah TV8\u2019e \u00e7\u0131kt\u0131.. Erkan Tan\u2019\u0131n sorular\u0131n\u0131 yan\u0131tlad\u0131..<!--more--><\/p>\n<p style=\"text-align: justify;\">(Erkan Tan, izleyiciler b\u00f6yle diyor diye ba\u015flad\u0131\u011f\u0131 c\u00fcmlelerle farkl\u0131 bir \u00fcslup yakalad\u0131, her \u015feyi soruyor.. Tiryakilik yaratt\u0131..)<\/p>\n<p style=\"text-align: justify;\">G\u00fcrsel Tekin, \u0130stanbul\u2019da 50 milyar dolarl\u0131k rant d\u00f6n\u00fcyor dedi..<\/p>\n<p style=\"text-align: justify;\">Tan durur mu? Bir \u00f6rnek ver dedi..<\/p>\n<p style=\"text-align: justify;\">Tekin cami alanlar\u0131n\u0131 \u00f6rnek verdi.. \u0130ddias\u0131 \u015fu:<\/p>\n<p style=\"text-align: justify;\"><strong>Erdo\u011fan<\/strong> 1995 y\u0131l\u0131nda <strong>belediyle ba\u015fkan\u0131<\/strong> olunca bir\u00e7ok yere cami yap\u0131lmas\u0131 i\u00e7in arsa ay\u0131rd\u0131.. Bunun i\u00e7in Diyanet\u2019ten \u2018<strong>camiye ihtiya\u00e7 var<\/strong>\u2019 yaz\u0131s\u0131 almas\u0131 gerekiyordu, ald\u0131.. 15 y\u0131l \u00e7ivi \u00e7ak\u0131lmad\u0131.. Sonra o arsalar birilerine ucuz yollu sat\u0131ld\u0131.. Sat\u0131\u015ftan sonra bu kez Diyanet\u2019ten <strong>camiye ihtiya\u00e7 yoktur yaz\u0131s\u0131<\/strong> al\u0131narak<strong> imar de\u011fi\u015fikli\u011fi<\/strong> yap\u0131ld\u0131. <span style=\"text-decoration: underline;\"><strong>200 bin dolar<\/strong>a sat\u0131lan arsa bir anda <strong>20 milyon dolar<\/strong>l\u0131k oldu..<\/span><\/p>\n<p style=\"text-align: justify;\">* * *<\/p>\n<p style=\"text-align: justify;\">Tekin\u2019in sorusu a\u00e7\u0131k ve netti; bu i\u015fe Diyanet neden bula\u015f\u0131yor?<\/p>\n<p style=\"text-align: justify;\">Diyanet\u2019in bir cevab\u0131 olur herhalde..<\/p>\n<p style=\"text-align: justify;\"><a href=\"http:\/\/www.milliyet.com.tr\/sevindiniz-mi-uzuldunuz-mu-\/mehmet-tezkan\/yasam\/yazardetay\/14.10.2010\/1301218\/default.htm\" target=\"_blank\"><span style=\"color: #888888;\">Kaynak : Milliyet<\/span><\/a><\/p>\n","protected":false},"excerpt":{"rendered":"<p style=\"text-align: justify;\">\n<p style=\"text-align: justify;\">Milliyet yazar\u0131 Mehmet Tezkan, ilgin\u00e7 bir iddiay\u0131 k\u00f6\u015fesine ta\u015f\u0131d\u0131&#8230;<\/p>\n<p style=\"text-align: justify;\">\u0130\u015fte o yaz\u0131 ve o iddia;<\/p>\n<p style=\"text-align: justify;\">Diyanet\u2019e a\u011f\u0131r su\u00e7lama&#8230;<\/p>\n<p style=\"text-align: justify;\">CHP Genel Ba\u015fkan Yard\u0131mc\u0131s\u0131 G\u00fcrsel Tekin ge\u00e7en sabah TV8\u2019e \u00e7\u0131kt\u0131.. Erkan Tan\u2019\u0131n sorular\u0131n\u0131 yan\u0131tlad\u0131..<\/p>\n","protected":false},"author":1,"featured_media":0,"comment_status":"open","ping_status":"closed","sticky":false,"template":"","format":"standard","meta":{"footnotes":""},"categories":[105],"tags":[],"class_list":["post-26580","post","type-post","status-publish","format-standard","hentry","category-gundem","odd"],"_links":{"self":[{"href":"http:\/\/www.korhanyilmaz.com\/index.php?rest_route=\/wp\/v2\/posts\/26580","targetHints":{"allow":["GET"]}}],"collection":[{"href":"http:\/\/www.korhanyilmaz.com\/index.php?rest_route=\/wp\/v2\/posts"}],"about":[{"href":"http:\/\/www.korhanyilmaz.com\/index.php?rest_route=\/wp\/v2\/types\/post"}],"author":[{"embeddable":true,"href":"http:\/\/www.korhanyilmaz.com\/index.php?rest_route=\/wp\/v2\/users\/1"}],"replies":[{"embeddable":true,"href":"http:\/\/www.korhanyilmaz.com\/index.php?rest_route=%2Fwp%2Fv2%2Fcomments&post=26580"}],"version-history":[{"count":0,"href":"http:\/\/www.korhanyilmaz.com\/index.php?rest_route=\/wp\/v2\/posts\/26580\/revisions"}],"wp:attachment":[{"href":"http:\/\/www.korhanyilmaz.com\/index.php?rest_route=%2Fwp%2Fv2%2Fmedia&parent=26580"}],"wp:term":[{"taxonomy":"category","embeddable":true,"href":"http:\/\/www.korhanyilmaz.com\/index.php?rest_route=%2Fwp%2Fv2%2Fcategories&post=26580"},{"taxonomy":"post_tag","embeddable":true,"href":"http:\/\/www.korhanyilmaz.com\/index.php?rest_route=%2Fwp%2Fv2%2Ftags&post=26580"}],"curies":[{"name":"wp","href":"https:\/\/api.w.org\/{rel}","templated":true}]}}