{"id":26567,"date":"2010-10-14T07:31:16","date_gmt":"2010-10-14T04:31:16","guid":{"rendered":"http:\/\/www.korhanyilmaz.com\/?p=26567"},"modified":"2010-10-14T07:31:16","modified_gmt":"2010-10-14T04:31:16","slug":"adalet-bakanligi-bunlari-secin-dedi","status":"publish","type":"post","link":"http:\/\/www.korhanyilmaz.com\/?p=26567","title":{"rendered":"Adalet Bakanl\u0131\u011f\u0131 &#8220;bunlar\u0131 se\u00e7in&#8221; dedi"},"content":{"rendered":"<p style=\"text-align: center;\"><a href=\"http:\/\/www.korhanyilmaz.com\/wp-content\/uploads\/2010\/10\/131.jpg\"  class=\"lightview\"><img loading=\"lazy\" decoding=\"async\" class=\"aligncenter size-full wp-image-26571\" src=\"http:\/\/www.korhanyilmaz.com\/wp-content\/uploads\/2010\/10\/131.jpg\" alt=\"\" width=\"293\" height=\"220\" \/><\/a><\/p>\n<p style=\"text-align: justify;\">17 Ekim Pazar g\u00fcn\u00fc HSYK se\u00e7imleri ger\u00e7ekle\u015fecek. Adalet Bakanl\u0131\u011f\u0131\u2019n\u0131n bu se\u00e7im i\u00e7in uzun zamand\u0131r \u00e7al\u0131\u015ft\u0131\u011f\u0131 ve T\u00fcrkiye\u2019deki t\u00fcm adliyelere arac\u0131lar yoluyla bir liste ula\u015ft\u0131rarak, hakim ve savc\u0131lara, \u201c<strong>Bizim listemiz bu, bunu destekleyin<\/strong>\u201d mesaj\u0131 verdi\u011fi ortaya \u00e7\u0131kt\u0131. <strong>YARSAV Ba\u015fkan\u0131 Emine \u00dclker Tarhan<\/strong> bu listeyi Gazeteport\u2019a a\u00e7\u0131klad\u0131. <!--more--><\/p>\n<p style=\"text-align: justify;\"><strong>L\u0130STEDE ADALET BAKANLI\u011eI B\u00dcROKRATLARI DA VAR<\/strong><\/p>\n<p style=\"text-align: justify;\"><strong><em>Adalet Bakanl\u0131\u011f\u0131\u2019n\u0131n hakim ve savc\u0131lara ula\u015ft\u0131rd\u0131\u011f\u0131 liste \u015fu isimlerden m\u00fcte\u015fekkil:<\/em><\/strong><\/p>\n<p style=\"text-align: justify;\"><em><strong>Celal Avar<\/strong>-\u00dcsk\u00fcdar Savc\u0131s\u0131<\/em><\/p>\n<p style=\"text-align: justify;\"><em><strong>Teoman G\u00f6k\u00e7e<\/strong>-Yarg\u0131tay 10. Ceza Dairesi<\/em><\/p>\n<p style=\"text-align: justify;\"><em><strong>Ahmet Kaya<\/strong>-Adalet Akademisi E\u011fitim Merkezi M\u00fcd\u00fcr\u00fc<\/em><\/p>\n<p style=\"text-align: justify;\"><em><strong>Harun Kodalak<\/strong>-Ankara Savc\u0131s\u0131<\/em><\/p>\n<p style=\"text-align: justify;\"><em><strong>\u00d6mer K\u00f6ro\u011flu<\/strong>-Rize A\u011f\u0131r Ceza Mahkeme Ba\u015fkan\u0131<\/em><\/p>\n<p style=\"text-align: justify;\"><em><strong>Nesibe \u00d6zer<\/strong>-Bak\u0131rk\u00f6y 14. A\u011f\u0131r Ceza Hakimi<\/em><\/p>\n<p style=\"text-align: justify;\"><em><strong>Ali \u00d6zt\u00fcrk<\/strong>-\u0130zmir 7. Asliye Ceza Hakimi<\/em><\/p>\n<p style=\"text-align: justify;\"><em><strong>H\u00fcseyin Serter<\/strong>&#8211; Adana A\u011f\u0131r Ceza Hakimi<\/em><\/p>\n<p style=\"text-align: justify;\"><em><strong>Hayrettin Tire<\/strong>-Ankara 17. Asliye Ceza Hakimi<\/em><\/p>\n<p style=\"text-align: justify;\"><em><strong>Ali G\u00fcng\u00f6r<\/strong>-\u0130stanbul Cumhuriyet Savc\u0131s\u0131<\/em><\/p>\n<p style=\"text-align: justify;\"><em><strong>\u0130brahim Okur<\/strong>-Adalet Bakanl\u0131\u011f\u0131 M\u00fcste\u015far Yard\u0131mc\u0131s\u0131<\/em><\/p>\n<p style=\"text-align: justify;\"><em><strong>Birol Erdem<\/strong>-Adalet Bakanl\u0131\u011f\u0131 Personel Genel M\u00fcd\u00fcr\u00fc<\/em><\/p>\n<p style=\"text-align: justify;\"><strong>\u201cB\u0130ZE OY \u00c7IKMADI\u011eI TAKD\u0130RDE\u2026\u201d<\/strong><\/p>\n<p style=\"text-align: justify;\">Adalet Bakanl\u0131\u011f\u0131\u2019n\u0131n arac\u0131lar eliyle hakim ve savc\u0131lara ayn\u0131 zamanda, \u201c<em><strong>Bize oy \u00e7\u0131kmad\u0131\u011f\u0131 taktirde bunun sizin a\u00e7\u0131n\u0131zdan sonu\u00e7lar\u0131 olur.<\/strong><\/em>\u201d \u015feklinde bir <span style=\"text-decoration: underline;\">haber u\u00e7urdu\u011fu<\/span> da s\u00f6yleniyor. YARSAV Ba\u015fkan\u0131 Emine \u00dclker Tarhan Gazeteport\u2019a bu duruma ili\u015fkin olarak \u015funlar\u0131 s\u00f6yledi:<\/p>\n<p style=\"text-align: justify;\">\u201cSon g\u00fcnlerde 5 il gezdim. Oralarda da g\u00f6rd\u00fcm ki, Adalet Bakanl\u0131\u011f\u0131 hakim ve savc\u0131lar\u0131 bask\u0131 alt\u0131na almaya \u00e7al\u0131\u015f\u0131yor. Bunun i\u00e7in de, \u201cBize oy \u00e7\u0131kmad\u0131\u011f\u0131 takdirde\u201d ile ba\u015flayan c\u00fcmleler kuruluyor. Hakim ve savc\u0131lar, \u201cDosyalar\u0131n\u0131z elimizde, ona g\u00f6re\u201d \u015feklinde ifadelerle Adalet Bakanl\u0131\u011f\u0131\u2019n\u0131n listesi i\u00e7in oy talep ediliyor.<\/p>\n<p style=\"text-align: justify;\"><strong>OY VERECEK HAK\u0130M\u0130N  DOYSASI SE\u00c7\u0130LECEK ADAYIN EL\u0130NDE<\/strong><\/p>\n<p style=\"text-align: justify;\">\u015eunu da \u00f6nemle kaydetmek istiyorum.  Adalet Bakanl\u0131\u011f\u0131\u2019n\u0131n yollad\u0131\u011f\u0131 liste i\u00e7in oyu talep edilen hakim ve savc\u0131lar\u0131n dosyas\u0131 listedeki adaylar\u0131n elinde. D\u00fc\u015f\u00fcn\u00fcn, Adalet Bakanl\u0131\u011f\u0131 Personel Genel M\u00fcd\u00fcr\u00fc ve Adalet Bakanl\u0131\u011f\u0131 M\u00fcste\u015far Yard\u0131mc\u0131s\u0131 se\u00e7im listesindeki adaylar ve oy istedikleri hakim ve savc\u0131lar\u0131n dosyas\u0131 onlar\u0131n elinde.\u201d<\/p>\n<p style=\"text-align: justify;\"><a href=\"http:\/\/www.gazeteport.com.tr\/GUNCEL\/NEWS\/GP_780750\" target=\"_blank\"><span style=\"color: #888888;\">Kaynak : Safile Usul-Gazeteport<\/span><\/a><\/p>\n","protected":false},"excerpt":{"rendered":"<p style=\"text-align: center;\">\n<p style=\"text-align: justify;\">17 Ekim Pazar g\u00fcn\u00fc HSYK se\u00e7imleri ger\u00e7ekle\u015fecek. Adalet Bakanl\u0131\u011f\u0131\u2019n\u0131n bu se\u00e7im i\u00e7in uzun zamand\u0131r \u00e7al\u0131\u015ft\u0131\u011f\u0131 ve T\u00fcrkiye\u2019deki t\u00fcm adliyelere arac\u0131lar yoluyla bir liste ula\u015ft\u0131rarak, hakim ve savc\u0131lara, \u201cBizim listemiz bu, bunu destekleyin\u201d mesaj\u0131 verdi\u011fi ortaya \u00e7\u0131kt\u0131. YARSAV Ba\u015fkan\u0131 Emine \u00dclker Tarhan bu listeyi Gazeteport\u2019a a\u00e7\u0131klad\u0131. <\/p>\n","protected":false},"author":1,"featured_media":0,"comment_status":"open","ping_status":"closed","sticky":false,"template":"","format":"standard","meta":{"footnotes":""},"categories":[105],"tags":[],"class_list":["post-26567","post","type-post","status-publish","format-standard","hentry","category-gundem","odd"],"_links":{"self":[{"href":"http:\/\/www.korhanyilmaz.com\/index.php?rest_route=\/wp\/v2\/posts\/26567","targetHints":{"allow":["GET"]}}],"collection":[{"href":"http:\/\/www.korhanyilmaz.com\/index.php?rest_route=\/wp\/v2\/posts"}],"about":[{"href":"http:\/\/www.korhanyilmaz.com\/index.php?rest_route=\/wp\/v2\/types\/post"}],"author":[{"embeddable":true,"href":"http:\/\/www.korhanyilmaz.com\/index.php?rest_route=\/wp\/v2\/users\/1"}],"replies":[{"embeddable":true,"href":"http:\/\/www.korhanyilmaz.com\/index.php?rest_route=%2Fwp%2Fv2%2Fcomments&post=26567"}],"version-history":[{"count":0,"href":"http:\/\/www.korhanyilmaz.com\/index.php?rest_route=\/wp\/v2\/posts\/26567\/revisions"}],"wp:attachment":[{"href":"http:\/\/www.korhanyilmaz.com\/index.php?rest_route=%2Fwp%2Fv2%2Fmedia&parent=26567"}],"wp:term":[{"taxonomy":"category","embeddable":true,"href":"http:\/\/www.korhanyilmaz.com\/index.php?rest_route=%2Fwp%2Fv2%2Fcategories&post=26567"},{"taxonomy":"post_tag","embeddable":true,"href":"http:\/\/www.korhanyilmaz.com\/index.php?rest_route=%2Fwp%2Fv2%2Ftags&post=26567"}],"curies":[{"name":"wp","href":"https:\/\/api.w.org\/{rel}","templated":true}]}}