{"id":26560,"date":"2010-10-13T19:23:20","date_gmt":"2010-10-13T16:23:20","guid":{"rendered":"http:\/\/www.korhanyilmaz.com\/?p=26560"},"modified":"2010-10-13T19:23:20","modified_gmt":"2010-10-13T16:23:20","slug":"gursel-tekinden-yok-baskanina-kimsiniz-siz","status":"publish","type":"post","link":"http:\/\/www.korhanyilmaz.com\/?p=26560","title":{"rendered":"G\u00fcrsel Tekin&#8217;den Y\u00d6K Ba\u015fkan\u0131&#8217;na: &#8220;Kimsiniz siz?&#8221;"},"content":{"rendered":"<p style=\"text-align: justify;\"><a href=\"http:\/\/www.korhanyilmaz.com\/wp-content\/uploads\/2010\/10\/130.jpg\"  class=\"lightview\"><img loading=\"lazy\" decoding=\"async\" class=\"aligncenter size-full wp-image-26561\" src=\"http:\/\/www.korhanyilmaz.com\/wp-content\/uploads\/2010\/10\/130.jpg\" alt=\"\" width=\"292\" height=\"190\" \/><\/a><\/p>\n<p style=\"text-align: justify;\">CHP Genel Ba\u015fkan Yard\u0131mc\u0131s\u0131 G\u00fcrsel Tekin, &#8220;\u00dcniversitelerde bask\u0131 olursa teminat\u0131 benim&#8221; diyen Y\u00d6K Ba\u015fkan\u0131 Yusuf Ziya \u00d6zcan i\u00e7in &#8220;Bir bilim adam\u0131 &#8216;\u00dcniversitelerde bask\u0131  olursa teminat\u0131 benim&#8217; diyor. Kimsiniz siz? Demokrasiyle, hukukla  i\u015fleyen \u00fclkelerde insan teminat\u0131 olur mu?&#8221; diye konu\u015ftu.<!--more--><\/p>\n<p style=\"text-align: justify;\">CHP Genel Ba\u015fkan Yard\u0131mc\u0131s\u0131 G\u00fcrsel Tekin, &#8220;Profes\u00f6rl\u00fck unvan\u0131 alan bir  bilim adam\u0131 &#8216;\u00dcniversitelerde bask\u0131 olursa teminat\u0131 benim&#8217; diyor.  Kimsiniz siz? Demokrasiyle, hukukla i\u015fleyen \u00fclkelerde insan teminat\u0131  olur mu?&#8221; dedi.<\/p>\n<p style=\"text-align: justify;\">\u0130zmir&#8217;de, Bornova Belediyesince yapt\u0131r\u0131lan  Mevlana Toplum ve Bilim Merkezi&#8217;nin a\u00e7\u0131l\u0131\u015f\u0131nda konu\u015fan Tekin,  referandumdan sonra T\u00fcrkiye&#8217;de &#8220;Mahalle Bask\u0131s\u0131&#8221; konusunun g\u00fcndemde  oldu\u011funu, \u0130zmir&#8217;e g\u00f6\u00e7 etmek isteyenlerin bulundu\u011funu belirtti.<\/p>\n<p style=\"text-align: justify;\">Tekin, 50 bin \u00f6\u011frencinin e\u011fitim ald\u0131\u011f\u0131 baz\u0131 kentlerde, sosyal ya\u015fam alanlar\u0131n\u0131n olmad\u0131\u011f\u0131n\u0131 ifade ederek \u015f\u00f6yle konu\u015ftu:<\/p>\n<p style=\"text-align: justify;\">&#8220;Bu  gen\u00e7 karde\u015flerimizin sosyal ya\u015fam ihtiya\u00e7lar\u0131 yok mu? Yani bir sinemaya  bir tiyatroya ya da k\u00fclt\u00fcr merkezlerine gitme ihtiya\u00e7lar\u0131 olmaz m\u0131? Ne  oldu da bu hale geldik? \u0130zmir hayranl\u0131\u011f\u0131, \u0130zmir&#8217;de demokrasinin,  \u00f6zg\u00fcrl\u00fc\u011f\u00fcn ve sosyal belediyecili\u011finin ne noktada oldu\u011funun  g\u00f6stergesidir. O nedenle insanlar \u0130zmir&#8217;e gelme tart\u0131\u015fmas\u0131n\u0131n i\u00e7indedir.  Profes\u00f6rl\u00fck unvan\u0131 alan bir bilimadam\u0131 &#8216;\u00dcniversitelerde bask\u0131 olursa  teminat\u0131 benim&#8217; diyor. Kimsiniz siz? Allah a\u015fk\u0131na, demokrasiyle, hukukla  i\u015fleyen \u00fclkelerde insan teminat\u0131 olur mu? Var m\u0131 benzerleri, var.  Demokrasinin olmad\u0131\u011f\u0131 Saddam (H\u00fcseyin) ve Libya modelidir. Demokrasi ve  \u00f6zg\u00fcrl\u00fck kurallarla belirlenmi\u015ftir. Ki\u015filerin teminat\u0131 olur mu?  Ki\u015filerin teminat\u0131yla olan demokrasi bir g\u00fcn batmaya mahkumdur.&#8221;<\/p>\n<p style=\"text-align: justify;\">Sadece \u0130zmir&#8217;i de\u011fil CHP&#8217;nin ba\u015fta oldu\u011fu b\u00fct\u00fcn yerel y\u00f6netimleri kutlad\u0131\u011f\u0131n\u0131 belirten Tekin, \u015f\u00f6yle devam etti:<\/p>\n<p style=\"text-align: justify;\">&#8220;Bizim  belediyelerimiz &#8216;\u015euras\u0131 \u00e7ok g\u00fczel arazi, ranta \u00e7evirelim&#8217; anlay\u0131\u015f\u0131  i\u00e7inde olmam\u0131\u015ft\u0131r. Avrupa k\u00fclt\u00fcr ba\u015fkentinde ya\u015fayan ve orada 3 y\u0131l il  ba\u015fkanl\u0131\u011f\u0131 yapm\u0131\u015f insan\u0131m. \u0130stanbul&#8217;un 7 milyonluk kesimi sosyal  ya\u015famdan nasibini alam\u0131yor. K\u00f6ylerde sosyal ya\u015fam daha \u00fcst d\u00fczeyde.  Mahalle kahveleri, \u00e7ay bah\u00e7eleri var. AKP&#8217;nin yerel y\u00f6netim anlay\u0131\u015f\u0131yla,  mahalle bask\u0131s\u0131 ba\u015fl\u0131yor. Ya\u015fam bi\u00e7imi dayatmas\u0131 getiren belediyecilik  anlay\u0131\u015f\u0131, Size ne karde\u015fim kimin ne i\u00e7ece\u011fini siz mi belirleyeceksiniz?  Sosyal ya\u015fam\u0131 de\u011fi\u015ftiremedi\u011finiz yerde demokrasiyi i\u015fletemezsiniz.  \u0130nan\u0131yorum ki \u00f6n\u00fcm\u00fczdeki s\u00fcre\u00e7te CHP&#8217;nin iktidar\u0131yla bu temel s\u0131k\u0131nt\u0131lar ortadan kalkacakt\u0131r. Ki\u015filerin g\u00fcvencesi de\u011fil, sistemin, hukukun g\u00fcvencesi olacakt\u0131r.&#8221;<\/p>\n<p style=\"text-align: justify;\"><strong>&#8220;Y\u00d6K&#8217;\u00fc teslim ald\u0131lar&#8221;<\/strong><\/p>\n<p style=\"text-align: justify;\">H\u00fck\u00fcmetin daha \u00f6nce Y\u00d6K&#8217;le ciddi sorunlar\u0131n\u0131n oldu\u011funu, T\u00fcrkiye&#8217;nin 3 y\u0131l Y\u00d6K&#8217;\u00fc tart\u0131\u015ft\u0131\u011f\u0131n\u0131 anlatan Tekin, &#8220;Y\u00d6K Yasas\u0131 de\u011fi\u015fmedi. Ancak H\u00fck\u00fcmetin Y\u00d6K sorunu kalmad\u0131. Y\u00d6K&#8217;\u00fc  teslim ald\u0131lar. Say\u0131n Ba\u015fbakan devletin b\u00fct\u00fcn kurumlar\u0131n\u0131 teslim  alabilirsiniz ama teslim alamayaca\u011f\u0131n\u0131z bir kurum var o da Mustafa Kemal  Atat\u00fcrk&#8217;\u00fcn bize emanet etti\u011fi Cumhuriyet Halk Partisi. CHP oldu\u011fu s\u00fcrece sizin b\u00fct\u00fcn \u00e7abalar\u0131n\u0131z bo\u015fa gidecektir.&#8221;<\/p>\n<p style=\"text-align: justify;\">K\u00fclt\u00fcr Bakan\u0131 Ertu\u011frul G\u00fcnay&#8217;\u0131n Antalya Alt\u0131n Portakal Film Festivali&#8217;ne kat\u0131lmamas\u0131n\u0131 ele\u015ftiren Tekin, &#8220;Ey Say\u0131n G\u00fcnay siz CHP&#8217;nin k\u00fclt\u00fcr\u00fcnden gelen insans\u0131n\u0131z. Nas\u0131l olur da CHP&#8217;nin etkinliklerine kat\u0131lmazs\u0131n\u0131z. Uluslararas\u0131 etkinli\u011fe kat\u0131lm\u0131yorsunuz. Bunlar\u0131n k\u00fclt\u00fcr anlay\u0131\u015f\u0131 bu. \u0130yi ki CHP var. \u0130yi ki CHP belediyeleri var&#8221; diye konu\u015ftu.<\/p>\n<p style=\"text-align: justify;\">Bornova  Belediye Ba\u015fkan\u0131 Kamil Okyay S\u0131nd\u0131r, 2 bin 900 metrekarelik alana sahip  olan merkezde k\u00fclt\u00fcr sanat etkinlikleri d\u00fczenlenece\u011fini, kad\u0131nlara el  beceri ve okuma yazma kurslar\u0131 verilece\u011fini kaydetti.<\/p>\n<p style=\"text-align: justify;\">A\u00e7\u0131l\u0131\u015fa \u0130zmir B\u00fcy\u00fck\u015fehir Belediye Ba\u015fkan\u0131 Aziz Kocao\u011flu, Bornova Kaymakam\u0131 Hakk\u0131 Uzun, Kar\u015f\u0131yaka Belediye Ba\u015fkan\u0131 Cevat Durak, CHP \u0130zmir \u0130l Ba\u015fkan\u0131 R\u0131fat Nalbanto\u011flu ve vatanda\u015flar kat\u0131ld\u0131.<\/p>\n<p style=\"text-align: justify;\"><a href=\"http:\/\/www.cnnturk.com\/2010\/turkiye\/10\/13\/gursel.tekinden.yok.baskanina.kimsiniz.siz\/592903.0\/index.html\" target=\"_blank\"><span style=\"color: #888888;\">CNN T\u00dcRK<\/span><\/a><\/p>\n","protected":false},"excerpt":{"rendered":"<p style=\"text-align: justify;\">\n<p style=\"text-align: justify;\">CHP Genel Ba\u015fkan Yard\u0131mc\u0131s\u0131 G\u00fcrsel Tekin, &#8220;\u00dcniversitelerde bask\u0131 olursa teminat\u0131 benim&#8221; diyen Y\u00d6K Ba\u015fkan\u0131 Yusuf Ziya \u00d6zcan i\u00e7in &#8220;Bir bilim adam\u0131 &#8216;\u00dcniversitelerde bask\u0131 olursa teminat\u0131 benim&#8217; diyor. Kimsiniz siz? Demokrasiyle, hukukla i\u015fleyen \u00fclkelerde insan teminat\u0131 olur mu?&#8221; diye konu\u015ftu.<\/p>\n","protected":false},"author":1,"featured_media":0,"comment_status":"open","ping_status":"closed","sticky":false,"template":"","format":"standard","meta":{"footnotes":""},"categories":[105],"tags":[],"class_list":["post-26560","post","type-post","status-publish","format-standard","hentry","category-gundem","odd"],"_links":{"self":[{"href":"http:\/\/www.korhanyilmaz.com\/index.php?rest_route=\/wp\/v2\/posts\/26560","targetHints":{"allow":["GET"]}}],"collection":[{"href":"http:\/\/www.korhanyilmaz.com\/index.php?rest_route=\/wp\/v2\/posts"}],"about":[{"href":"http:\/\/www.korhanyilmaz.com\/index.php?rest_route=\/wp\/v2\/types\/post"}],"author":[{"embeddable":true,"href":"http:\/\/www.korhanyilmaz.com\/index.php?rest_route=\/wp\/v2\/users\/1"}],"replies":[{"embeddable":true,"href":"http:\/\/www.korhanyilmaz.com\/index.php?rest_route=%2Fwp%2Fv2%2Fcomments&post=26560"}],"version-history":[{"count":0,"href":"http:\/\/www.korhanyilmaz.com\/index.php?rest_route=\/wp\/v2\/posts\/26560\/revisions"}],"wp:attachment":[{"href":"http:\/\/www.korhanyilmaz.com\/index.php?rest_route=%2Fwp%2Fv2%2Fmedia&parent=26560"}],"wp:term":[{"taxonomy":"category","embeddable":true,"href":"http:\/\/www.korhanyilmaz.com\/index.php?rest_route=%2Fwp%2Fv2%2Fcategories&post=26560"},{"taxonomy":"post_tag","embeddable":true,"href":"http:\/\/www.korhanyilmaz.com\/index.php?rest_route=%2Fwp%2Fv2%2Ftags&post=26560"}],"curies":[{"name":"wp","href":"https:\/\/api.w.org\/{rel}","templated":true}]}}