{"id":26550,"date":"2010-10-13T11:51:52","date_gmt":"2010-10-13T08:51:52","guid":{"rendered":"http:\/\/www.korhanyilmaz.com\/?p=26550"},"modified":"2010-10-13T11:51:52","modified_gmt":"2010-10-13T08:51:52","slug":"chpden-akpye-aysun-kayaci-yanit","status":"publish","type":"post","link":"http:\/\/www.korhanyilmaz.com\/?p=26550","title":{"rendered":"CHP&#8217;den AKP&#8217;ye Aysun Kayac\u0131 yan\u0131t\u0131"},"content":{"rendered":"<p><a href=\"http:\/\/www.korhanyilmaz.com\/wp-content\/uploads\/2010\/10\/128.jpg\"  class=\"lightview\"><img loading=\"lazy\" decoding=\"async\" class=\"aligncenter size-full wp-image-26551\" src=\"http:\/\/www.korhanyilmaz.com\/wp-content\/uploads\/2010\/10\/128.jpg\" alt=\"\" width=\"400\" height=\"125\" \/><\/a><\/p>\n<p style=\"text-align: justify;\">CHP Grup Ba\u015fkanvekili Muharrem \u0130nce, &#8220;AK Parti s\u00f6zc\u00fclerinin bakmas\u0131 gereken noktan\u0131n, Aysun Kayac\u0131\u2019n\u0131n s\u00f6zleri de\u011fil, siyasetin S\u00fcl\u00fcn Osmanlar\u0131&#8221; oldu\u011funu ifade ederek, &#8220;Say\u0131n Mustafa Elita\u015f\u2019\u0131, siyasetin S\u00fcl\u00fcn Osmanlar\u0131ndan hesap sormaya davet ediyorum&#8221; dedi.<!--more--><\/p>\n<p style=\"text-align: justify;\">\u0130nce, yapt\u0131\u011f\u0131 yaz\u0131l\u0131 a\u00e7\u0131klamada, AK Parti Grup Ba\u015fkanvekili Mustafa Elita\u015f\u2019\u0131n CHP\u2019ye y\u00f6nelik &#8220;Sizin Aysun Kayac\u0131\u2019dan ne fark\u0131n\u0131z var&#8221; y\u00f6n\u00fcndeki s\u00f6zlerine yan\u0131t verdi.<\/p>\n<p style=\"text-align: justify;\">&#8220;Kendine demokrat olan, kendini demokrat zanneden AKP s\u00f6zc\u00fclerinin, demokrasi ve millet iradesi konular\u0131nda ahkam kesmeleri, kendilerini komik duruma d\u00fc\u015f\u00fcrmektedir&#8221; g\u00f6r\u00fc\u015f\u00fcn\u00fc savunan \u0130nce, &#8220;AK Parti s\u00f6zc\u00fclerinin bakmas\u0131 gereken noktan\u0131n Aysun Kayac\u0131\u2019n\u0131n s\u00f6zleri de\u011fil, siyasetin S\u00fcl\u00fcn Osmanlar\u0131&#8221; oldu\u011funu belirtti.<\/p>\n<p style=\"text-align: justify;\"><a href=\"http:\/\/www.korhanyilmaz.com\/wp-content\/uploads\/2010\/10\/129.jpg\"  class=\"lightview\"><img loading=\"lazy\" decoding=\"async\" class=\"alignleft size-full wp-image-26556\" style=\"margin-left: 10px; margin-right: 10px;\" src=\"http:\/\/www.korhanyilmaz.com\/wp-content\/uploads\/2010\/10\/129.jpg\" alt=\"\" width=\"280\" height=\"210\" \/><\/a>\u0130nce, Kayac\u0131\u2019n\u0131n vatanda\u015fl\u0131k y\u00fck\u00fcml\u00fcl\u00fcklerini yerine getiren, vergisini \u00f6deyen bir yurtta\u015f oldu\u011funu vurgulayarak, a\u00e7\u0131klamas\u0131nda \u015funlar\u0131 kaydetti:<\/p>\n<p style=\"text-align: justify;\">&#8220;Buna kar\u015f\u0131n, maden ruhsatlar\u0131n\u0131 kapatan, hayali ihracat yapan, vergisini \u00f6demeyip vergi bar\u0131\u015f\u0131 kanunlar\u0131ndan yararlanan, dokunulmazl\u0131k z\u0131rh\u0131na s\u0131\u011f\u0131nan, milletin varl\u0131klar\u0131n\u0131, 80 y\u0131lda di\u015finden t\u0131rna\u011f\u0131ndan art\u0131rarak in\u015fa etti\u011fi tesisleri yok pahas\u0131na satan ve buna ra\u011fmen borcunu artt\u0131ran AKP s\u00f6zc\u00fclerinin sorgulamas\u0131 gereken nokta, iktidarlar\u0131 d\u00f6neminde yapt\u0131klar\u0131 bu i\u015flemlerin demokratik olup olmad\u0131\u011f\u0131d\u0131r. Elita\u015f, Kayac\u0131\u2019ya de\u011fil, hemen yan\u0131 ba\u015f\u0131nda il ba\u015fkanlar\u0131n\u0131n siyasetin g\u00fcc\u00fcyle maden ruhsatlar\u0131n\u0131 nas\u0131l kapatt\u0131\u011f\u0131na bakmal\u0131 ve bunun hesab\u0131n\u0131 vermelidir. Say\u0131n Elita\u015f\u2019\u0131, siyasetin S\u00fcl\u00fcn Osmanlar\u0131ndan hesap sormaya davet ediyorum.&#8221;<\/p>\n<p style=\"text-align: justify;\"><a href=\"http:\/\/haber.gazetevatan.com\/chpden--akpye--aysun-kayaci-yanit\/334394\/1\/Gundem\" target=\"_blank\"><span style=\"color: #888888;\">Kaynak : VATAN<\/span><\/a><\/p>\n","protected":false},"excerpt":{"rendered":"<\/p>\n<p style=\"text-align: justify;\">CHP Grup Ba\u015fkanvekili Muharrem \u0130nce, &#8220;AK Parti s\u00f6zc\u00fclerinin bakmas\u0131 gereken noktan\u0131n, Aysun Kayac\u0131\u2019n\u0131n s\u00f6zleri de\u011fil, siyasetin S\u00fcl\u00fcn Osmanlar\u0131&#8221; oldu\u011funu ifade ederek, &#8220;Say\u0131n Mustafa Elita\u015f\u2019\u0131, siyasetin S\u00fcl\u00fcn Osmanlar\u0131ndan hesap sormaya davet ediyorum&#8221; dedi.<\/p>\n","protected":false},"author":1,"featured_media":0,"comment_status":"open","ping_status":"closed","sticky":false,"template":"","format":"standard","meta":{"footnotes":""},"categories":[105],"tags":[],"class_list":["post-26550","post","type-post","status-publish","format-standard","hentry","category-gundem","odd"],"_links":{"self":[{"href":"http:\/\/www.korhanyilmaz.com\/index.php?rest_route=\/wp\/v2\/posts\/26550","targetHints":{"allow":["GET"]}}],"collection":[{"href":"http:\/\/www.korhanyilmaz.com\/index.php?rest_route=\/wp\/v2\/posts"}],"about":[{"href":"http:\/\/www.korhanyilmaz.com\/index.php?rest_route=\/wp\/v2\/types\/post"}],"author":[{"embeddable":true,"href":"http:\/\/www.korhanyilmaz.com\/index.php?rest_route=\/wp\/v2\/users\/1"}],"replies":[{"embeddable":true,"href":"http:\/\/www.korhanyilmaz.com\/index.php?rest_route=%2Fwp%2Fv2%2Fcomments&post=26550"}],"version-history":[{"count":0,"href":"http:\/\/www.korhanyilmaz.com\/index.php?rest_route=\/wp\/v2\/posts\/26550\/revisions"}],"wp:attachment":[{"href":"http:\/\/www.korhanyilmaz.com\/index.php?rest_route=%2Fwp%2Fv2%2Fmedia&parent=26550"}],"wp:term":[{"taxonomy":"category","embeddable":true,"href":"http:\/\/www.korhanyilmaz.com\/index.php?rest_route=%2Fwp%2Fv2%2Fcategories&post=26550"},{"taxonomy":"post_tag","embeddable":true,"href":"http:\/\/www.korhanyilmaz.com\/index.php?rest_route=%2Fwp%2Fv2%2Ftags&post=26550"}],"curies":[{"name":"wp","href":"https:\/\/api.w.org\/{rel}","templated":true}]}}