{"id":26546,"date":"2010-10-12T14:37:06","date_gmt":"2010-10-12T11:37:06","guid":{"rendered":"http:\/\/www.korhanyilmaz.com\/?p=26546"},"modified":"2010-10-12T14:37:06","modified_gmt":"2010-10-12T11:37:06","slug":"emekli-maaslari-belli-oldu","status":"publish","type":"post","link":"http:\/\/www.korhanyilmaz.com\/?p=26546","title":{"rendered":"Emekli maa\u015flar\u0131 belli oldu"},"content":{"rendered":"<p style=\"text-align: justify;\"><a href=\"http:\/\/www.korhanyilmaz.com\/wp-content\/uploads\/2010\/10\/127.jpg\"  class=\"lightview\"><img loading=\"lazy\" decoding=\"async\" class=\"aligncenter size-full wp-image-26547\" src=\"http:\/\/www.korhanyilmaz.com\/wp-content\/uploads\/2010\/10\/127.jpg\" alt=\"\" width=\"320\" height=\"252\" \/><\/a><\/p>\n<p style=\"text-align: justify;\">Ba\u015fbakan Recep Tayyip Erdo\u011fan, 2011 Ocak ay\u0131nda emekli ayl\u0131klar\u0131na y\u00fczde 21.7-4 oran\u0131nda art\u0131\u015f yap\u0131laca\u011f\u0131n\u0131 belirterek, en d\u00fc\u015f\u00fck emekli ayl\u0131\u011f\u0131ndaki art\u0131\u015f\u0131n y\u0131ll\u0131k 80-91 lira aras\u0131nda olaca\u011f\u0131n\u0131 s\u00f6yledi.<!--more--><\/p>\n<p style=\"text-align: justify;\">CNN T\u00dcRK, Ba\u015fbakan Erdo\u011fan&#8217;\u0131n a\u00e7\u0131klamas\u0131 \u00f6ncesinde, SSK ve Ba\u011f-Kur emeklilerinin maa\u015flar\u0131na 2011 y\u0131l\u0131nda 80 TL ile 95 TL aras\u0131nda zam yap\u0131laca\u011f\u0131n\u0131 bildirmi\u015fti.<\/p>\n<p style=\"text-align: justify;\">Erdo\u011fan, AK Parti grup toplant\u0131s\u0131nda yapt\u0131\u011f\u0131 konu\u015fmada, 2011 y\u0131l\u0131nda emekli maa\u015flar\u0131na yap\u0131lacak ve 1 Ocak&#8217;tan itibaren ge\u00e7erli olacak zamlara ili\u015fkin, 2010 y\u0131l\u0131nda oldu\u011fu gibi d\u00fc\u015f\u00fck ayl\u0131k alanlara daha y\u00fcksek oranda art\u0131\u015f yap\u0131laca\u011f\u0131n\u0131 s\u00f6yledi.<\/p>\n<p style=\"text-align: justify;\">Ocak ay\u0131nda en d\u00fc\u015f\u00fck ayl\u0131klara en az 60 lira olmak \u00fczere ve art\u0131 y\u00fczde 4 oran\u0131nda art\u0131\u015f yapt\u0131klar\u0131n\u0131 belirten Erdo\u011fan, ilk 6 aydaki enflasyona bak\u0131lmadan, enflasyon daha d\u00fc\u015f\u00fck oranda \u00e7\u0131ksa dahi y\u00fczde 4 oran\u0131ndaki art\u0131\u015f\u0131n aynen ge\u00e7erli olaca\u011f\u0131n\u0131 ifade etti.<\/p>\n<p style=\"text-align: justify;\"><span style=\"text-decoration: underline;\">Erdo\u011fan, s\u00f6zlerini \u015f\u00f6yle s\u00fcrd\u00fcrd\u00fc:<\/span><\/p>\n<p style=\"text-align: justify;\">&#8220;2011 y\u0131l\u0131n\u0131n tamam\u0131nda emekli ayl\u0131klar\u0131n\u0131 y\u00fczde 21.7 ile y\u00fczde 4 aras\u0131nda art\u0131r\u0131yoruz. Rakamsal olarak s\u00f6ylersek en d\u00fc\u015f\u00fck emekli ayl\u0131klar\u0131na y\u0131ll\u0131k 80 ile 91 lira aras\u0131nda art\u0131\u015f sa\u011fl\u0131yoruz, en d\u00fc\u015f\u00fc\u011f\u00fcne. En d\u00fc\u015f\u00fck ayl\u0131k alan Ba\u011f-Kur tar\u0131m emeklimizin ayl\u0131\u011f\u0131 ocak ay\u0131nda 371 liradan 434 liraya, temmuz ay\u0131nda ise 450 liraya \u00e7\u0131k\u0131yor. Yani en d\u00fc\u015f\u00fck Ba\u011f-Kur tar\u0131m emeklisinin ayl\u0131\u011f\u0131na 2011 y\u0131l\u0131nda 80 lira, bir ba\u015fka deyi\u015fle y\u0131ll\u0131k y\u00fczde 21.7 oran\u0131nda art\u0131\u015f yapm\u0131\u015f oluyoruz.<\/p>\n<p style=\"text-align: justify;\">SSK tar\u0131m emeklimizin en d\u00fc\u015f\u00fck ayl\u0131\u011f\u0131 492 liradan ocak ay\u0131nda 555 liraya, temmuz ay\u0131 art\u0131\u015f\u0131yla birlikte 577 liraya ula\u015f\u0131yor. SSK tar\u0131m emeklisi ayl\u0131\u011f\u0131 y\u0131ll\u0131k 85 lira, yani y\u00fczde 17.3 oran\u0131nda art\u0131yor. Ba\u011f-Kur esnaf emeklisi ayl\u0131\u011f\u0131 ocak ay\u0131nda 511 liradan 574 liraya, temmuzda 597 liraya ula\u015f\u0131yor. Esnaf emeklimizin ayl\u0131\u011f\u0131na b\u00f6ylece 86 lira, yani y\u00fczde 16.8 oran\u0131nda art\u0131\u015f yap\u0131yoruz. SSK i\u015f\u00e7i emeklisinin en d\u00fc\u015f\u00fck ayl\u0131\u011f\u0131 648 liradan 710 liraya, temmuz ay\u0131nda da 739 liraya \u00e7\u0131k\u0131yor. SSK i\u015f\u00e7i emeklimizin ayl\u0131\u011f\u0131 da 91 lira, yani y\u00fczde 14 oran\u0131nda art\u0131yor.&#8221;<\/p>\n<p style=\"text-align: justify;\">Bu art\u0131\u015flar\u0131n mali boyutunun pazar g\u00fcnk\u00fc Resmi Gazete&#8217;de yay\u0131mlanan Orta Vadeli Programa ve 2011 y\u0131l\u0131 b\u00fct\u00e7esine tamamen uyumlu oldu\u011funu belirten Ba\u015fbakan Erdo\u011fan, &#8220;Kayna\u011f\u0131n\u0131 nereden buluyorsunuz, nas\u0131ld\u0131r, \u015fudur, budur diyenler, Orta Vadeli Program\u0131m\u0131za bakarlarsa onunla uyumlu bir \u015fekilde at\u0131lm\u0131\u015f bir ad\u0131m oldu\u011funu g\u00f6recekler. Yani, b\u00fct\u00e7e dengesinin bozulmas\u0131, b\u00fct\u00e7eye ek y\u00fck getirilmesi, mali disiplinden taviz verilmesi asla s\u00f6z konusu de\u011fildir&#8221; diye konu\u015ftu.<\/p>\n<p style=\"text-align: justify;\"><a href=\"http:\/\/www.cnnturk.com\/2010\/ekonomi\/genel\/10\/12\/emekli.maaslari.belli.oldu\/592600.0\/index.html\" target=\"_blank\"><span style=\"color: #888888;\">CNN T\u00dcRK<\/span><\/a><\/p>\n","protected":false},"excerpt":{"rendered":"<p style=\"text-align: justify;\">\n<p style=\"text-align: justify;\">Ba\u015fbakan Recep Tayyip Erdo\u011fan, 2011 Ocak ay\u0131nda emekli ayl\u0131klar\u0131na y\u00fczde 21.7-4 oran\u0131nda art\u0131\u015f yap\u0131laca\u011f\u0131n\u0131 belirterek, en d\u00fc\u015f\u00fck emekli ayl\u0131\u011f\u0131ndaki art\u0131\u015f\u0131n y\u0131ll\u0131k 80-91 lira aras\u0131nda olaca\u011f\u0131n\u0131 s\u00f6yledi.<\/p>\n","protected":false},"author":1,"featured_media":0,"comment_status":"open","ping_status":"closed","sticky":false,"template":"","format":"standard","meta":{"footnotes":""},"categories":[7],"tags":[],"class_list":["post-26546","post","type-post","status-publish","format-standard","hentry","category-ekonomi","odd"],"_links":{"self":[{"href":"http:\/\/www.korhanyilmaz.com\/index.php?rest_route=\/wp\/v2\/posts\/26546","targetHints":{"allow":["GET"]}}],"collection":[{"href":"http:\/\/www.korhanyilmaz.com\/index.php?rest_route=\/wp\/v2\/posts"}],"about":[{"href":"http:\/\/www.korhanyilmaz.com\/index.php?rest_route=\/wp\/v2\/types\/post"}],"author":[{"embeddable":true,"href":"http:\/\/www.korhanyilmaz.com\/index.php?rest_route=\/wp\/v2\/users\/1"}],"replies":[{"embeddable":true,"href":"http:\/\/www.korhanyilmaz.com\/index.php?rest_route=%2Fwp%2Fv2%2Fcomments&post=26546"}],"version-history":[{"count":0,"href":"http:\/\/www.korhanyilmaz.com\/index.php?rest_route=\/wp\/v2\/posts\/26546\/revisions"}],"wp:attachment":[{"href":"http:\/\/www.korhanyilmaz.com\/index.php?rest_route=%2Fwp%2Fv2%2Fmedia&parent=26546"}],"wp:term":[{"taxonomy":"category","embeddable":true,"href":"http:\/\/www.korhanyilmaz.com\/index.php?rest_route=%2Fwp%2Fv2%2Fcategories&post=26546"},{"taxonomy":"post_tag","embeddable":true,"href":"http:\/\/www.korhanyilmaz.com\/index.php?rest_route=%2Fwp%2Fv2%2Ftags&post=26546"}],"curies":[{"name":"wp","href":"https:\/\/api.w.org\/{rel}","templated":true}]}}