{"id":26532,"date":"2010-10-13T10:38:47","date_gmt":"2010-10-13T07:38:47","guid":{"rendered":"http:\/\/www.korhanyilmaz.com\/?p=26532"},"modified":"2010-10-13T10:38:47","modified_gmt":"2010-10-13T07:38:47","slug":"polisin-rastgele-kursunu-15-can-aldi","status":"publish","type":"post","link":"http:\/\/www.korhanyilmaz.com\/?p=26532","title":{"rendered":"Polisin rastgele kur\u015funu 15 can ald\u0131&#8230;"},"content":{"rendered":"<p style=\"text-align: center;\"><a href=\"http:\/\/www.korhanyilmaz.com\/wp-content\/uploads\/2010\/10\/123.jpg\"  class=\"lightview\"><img loading=\"lazy\" decoding=\"async\" class=\"aligncenter size-full wp-image-26533\" src=\"http:\/\/www.korhanyilmaz.com\/wp-content\/uploads\/2010\/10\/123.jpg\" alt=\"\" width=\"346\" height=\"266\" \/><\/a><\/p>\n<p style=\"text-align: justify;\">T\u00fcrkiye&#8217;de sadece bu y\u0131l\u0131n ilk alt\u0131 ay\u0131nda kolluk g\u00fc\u00e7lerinin &#8220;dur&#8221; ihtar\u0131, rastgele ate\u015f a\u00e7ma ve yarg\u0131s\u0131z infaz olaylar\u0131nda 15 ki\u015fi hayat\u0131n\u0131 kaybetti. G\u00f6zalt\u0131 merkezlerinde ve cezaevlerinde de 25 ki\u015fi \u015f\u00fcpheli intiharlarla ya\u015fam\u0131n\u0131 yitirdi. \u0130\u015fte kolluk g\u00fc\u00e7lerinin do\u011frudan ya da dolayl\u0131 olarak neden oldu\u011fu \u00f6l\u00fcmler..<!--more--><\/p>\n<p style=\"text-align: justify;\"><strong>Baran Tursun, 21 ya\u015f\u0131ndayd\u0131. <\/strong><\/p>\n<p style=\"text-align: justify;\">\u0130zmir&#8217;de 24 Kas\u0131m 2007&#8217;de &#8220;dur&#8221; ihtar\u0131na uymad\u0131\u011f\u0131 gerek\u00e7esiyle arac\u0131nda polis kur\u015funuyla \u00f6ld\u00fcr\u00fcld\u00fc.<\/p>\n<p style=\"text-align: justify;\"><strong>Turan \u00d6zdemir, 41 ya\u015f\u0131ndayd\u0131.<\/strong><\/p>\n<p style=\"text-align: justify;\">2008&#8217;de Sivas&#8217;ta ayn\u0131 gerek\u00e7eyle polisin kur\u015funlar\u0131na hedef oldu.<\/p>\n<p style=\"text-align: justify;\"><strong>Metin Y\u00fcksel. <\/strong><\/p>\n<p style=\"text-align: justify;\">Ayn\u0131 y\u0131l Zonguldak polis merkezinde bir polisin silah\u0131ndan \u00e7\u0131kan kaza kur\u015funu ile \u00f6ld\u00fc.<\/p>\n<p style=\"text-align: justify;\"><strong>\u00c7a\u011fda\u015f Gemik, 18 ya\u015f\u0131ndayd\u0131. <\/strong><\/p>\n<p style=\"text-align: justify;\">Antalya&#8217;da ehliyeti olmad\u0131\u011f\u0131 i\u00e7in motosikletiyle ka\u00e7maya \u00e7al\u0131\u015f\u0131rken polis kur\u015funuyla \u00f6ld\u00fc. Bunlar ilk anda akla gelen \u00f6rnekler.<\/p>\n<p style=\"text-align: justify;\">T\u00fcrkiye \u0130nsan Haklar\u0131 Vakf\u0131&#8217;n\u0131n verilerine g\u00f6re, sadece 2010 y\u0131l\u0131n\u0131n ilk alt\u0131 ay\u0131nda kolluk g\u00fc\u00e7lerinin &#8220;dur&#8221; ihtar\u0131, rastgele ate\u015f a\u00e7ma ve yarg\u0131s\u0131z infaz olaylar\u0131nda 15 ki\u015fi hayat\u0131n\u0131 kaybetti.<\/p>\n<p style=\"text-align: justify;\"><strong>25 ki\u015fi intihar etti <\/strong><\/p>\n<p style=\"text-align: justify;\">G\u00f6zalt\u0131 merkezlerinde ve cezaevlerinde de 25 ki\u015fi \u015f\u00fcpheli intiharlarla ya\u015fam\u0131n\u0131 yitirdi.<\/p>\n<p style=\"text-align: justify;\">Kolluk g\u00fc\u00e7lerinin do\u011frudan ya da dolayl\u0131 olarak neden oldu\u011fu \u00f6l\u00fcmler, Haziran 2007&#8217;de Polis Vazife ve Salahiyetleri Kanunu&#8217;nda yap\u0131lan de\u011fi\u015fiklikle daha da artt\u0131.<\/p>\n<p style=\"text-align: justify;\">Ate\u015fli silah kullanma konusunda polisin yetkilerinin art\u0131r\u0131lmas\u0131, bu y\u00f6nteme daha s\u0131k ba\u015fvurulmas\u0131nda kilit rol oynad\u0131.<\/p>\n<p style=\"text-align: justify;\">Bunun son \u00f6rne\u011fi 13 Nisan 2010&#8217;da Ku\u015fadas\u0131&#8217;nda sivil bir polis memurunun yere yat\u0131rarak etkisiz hale getirdi\u011fi 27 ya\u015f\u0131ndaki Umut Tama\u00e7&#8217;a adl\u0131 ki\u015fiye ate\u015f etmesiydi.<\/p>\n<p style=\"text-align: justify;\"><a href=\"http:\/\/www.cnnturk.com\/2010\/yasam\/diger\/10\/13\/polisin.rastgele.kursunu.15.can.aldi\/592795.0\/index.html\" target=\"_blank\"><span style=\"color: #888888;\">CNN T\u00dcRK<\/span><\/a><\/p>\n","protected":false},"excerpt":{"rendered":"<p style=\"text-align: center;\">\n<p style=\"text-align: justify;\">T\u00fcrkiye&#8217;de sadece bu y\u0131l\u0131n ilk alt\u0131 ay\u0131nda kolluk g\u00fc\u00e7lerinin &#8220;dur&#8221; ihtar\u0131, rastgele ate\u015f a\u00e7ma ve yarg\u0131s\u0131z infaz olaylar\u0131nda 15 ki\u015fi hayat\u0131n\u0131 kaybetti. G\u00f6zalt\u0131 merkezlerinde ve cezaevlerinde de 25 ki\u015fi \u015f\u00fcpheli intiharlarla ya\u015fam\u0131n\u0131 yitirdi. \u0130\u015fte kolluk g\u00fc\u00e7lerinin do\u011frudan ya da dolayl\u0131 olarak neden oldu\u011fu \u00f6l\u00fcmler..<\/p>\n","protected":false},"author":1,"featured_media":0,"comment_status":"open","ping_status":"closed","sticky":false,"template":"","format":"standard","meta":{"footnotes":""},"categories":[105],"tags":[],"class_list":["post-26532","post","type-post","status-publish","format-standard","hentry","category-gundem","odd"],"_links":{"self":[{"href":"http:\/\/www.korhanyilmaz.com\/index.php?rest_route=\/wp\/v2\/posts\/26532","targetHints":{"allow":["GET"]}}],"collection":[{"href":"http:\/\/www.korhanyilmaz.com\/index.php?rest_route=\/wp\/v2\/posts"}],"about":[{"href":"http:\/\/www.korhanyilmaz.com\/index.php?rest_route=\/wp\/v2\/types\/post"}],"author":[{"embeddable":true,"href":"http:\/\/www.korhanyilmaz.com\/index.php?rest_route=\/wp\/v2\/users\/1"}],"replies":[{"embeddable":true,"href":"http:\/\/www.korhanyilmaz.com\/index.php?rest_route=%2Fwp%2Fv2%2Fcomments&post=26532"}],"version-history":[{"count":0,"href":"http:\/\/www.korhanyilmaz.com\/index.php?rest_route=\/wp\/v2\/posts\/26532\/revisions"}],"wp:attachment":[{"href":"http:\/\/www.korhanyilmaz.com\/index.php?rest_route=%2Fwp%2Fv2%2Fmedia&parent=26532"}],"wp:term":[{"taxonomy":"category","embeddable":true,"href":"http:\/\/www.korhanyilmaz.com\/index.php?rest_route=%2Fwp%2Fv2%2Fcategories&post=26532"},{"taxonomy":"post_tag","embeddable":true,"href":"http:\/\/www.korhanyilmaz.com\/index.php?rest_route=%2Fwp%2Fv2%2Ftags&post=26532"}],"curies":[{"name":"wp","href":"https:\/\/api.w.org\/{rel}","templated":true}]}}