{"id":26523,"date":"2010-10-13T10:37:22","date_gmt":"2010-10-13T07:37:22","guid":{"rendered":"http:\/\/www.korhanyilmaz.com\/?p=26523"},"modified":"2010-10-13T10:37:22","modified_gmt":"2010-10-13T07:37:22","slug":"silili-madenciler-yeryuzune-cikariliyor","status":"publish","type":"post","link":"http:\/\/www.korhanyilmaz.com\/?p=26523","title":{"rendered":"\u015eilili madenciler yery\u00fcz\u00fcne \u00e7\u0131kar\u0131l\u0131yor"},"content":{"rendered":"<p style=\"text-align: center;\"><a href=\"http:\/\/www.korhanyilmaz.com\/wp-content\/uploads\/2010\/10\/120.jpg\"  class=\"lightview\"><img loading=\"lazy\" decoding=\"async\" class=\"aligncenter size-full wp-image-26524\" src=\"http:\/\/www.korhanyilmaz.com\/wp-content\/uploads\/2010\/10\/120.jpg\" alt=\"\" width=\"346\" height=\"266\" \/><\/a><\/p>\n<p style=\"text-align: justify;\">Ve sonunda mucize ger\u00e7ekle\u015fti. Yerin yakla\u015f\u0131k 700 metre alt\u0131nda 69 g\u00fcn ge\u00e7iren \u015eilili 33 madenci \u00f6zg\u00fcrl\u00fc\u011f\u00fcne kavu\u015fuyor. \u015eu ana kadar 5 madenci \u00f6zg\u00fcrl\u00fc\u011f\u00fcne kavu\u015ftu. Madenden ilk \u00e7\u0131kar\u0131lan Florencio Avalos oldu. Avalos&#8217;un yery\u00fcz\u00fcne ilk \u00e7\u0131kt\u0131\u011f\u0131 anlarda sevin\u00e7 g\u00f6zya\u015flar\u0131 vard\u0131&#8230;<!--more--><\/p>\n<p style=\"text-align: justify;\"><a href=\"http:\/\/www.korhanyilmaz.com\/wp-content\/uploads\/2010\/10\/121.jpg\"  class=\"lightview\"><img loading=\"lazy\" decoding=\"async\" class=\"alignleft size-full wp-image-26525\" style=\"margin-left: 10px; margin-right: 10px;\" src=\"http:\/\/www.korhanyilmaz.com\/wp-content\/uploads\/2010\/10\/121.jpg\" alt=\"\" width=\"292\" height=\"211\" \/><\/a>Uzun s\u00fcre karanl\u0131kta kald\u0131ktan sonra &#8220;Aziz Lorenzo&#8221; ad\u0131 verilen operasyon kapsam\u0131nda tek tek yery\u00fcz\u00fcne \u00e7\u0131kar\u0131lan madencilerin rahats\u0131z olmamas\u0131 i\u00e7in ortam\u0131n fazla ayd\u0131nlat\u0131lmamas\u0131na dikkat edildi.<\/p>\n<p style=\"text-align: justify;\">Kriz an\u0131nda so\u011fukkanl\u0131l\u0131\u011f\u0131n\u0131 koruyabilen ve sa\u011fl\u0131k durumu iyi olan madencilere \u00f6ncelik verildi.<\/p>\n<p style=\"text-align: justify;\"><span style=\"text-decoration: underline;\">\u0130lk madenci 31 ya\u015f\u0131ndaki Florencio Avalos:<\/span><\/p>\n<p style=\"text-align: justify;\">Bir kurtarma ekibi g\u00f6revlisi e\u015fli\u011finde, \u00e7elik kurtarma kaps\u00fcl\u00fcyle g\u00fcny\u00fcz\u00fcne \u00e7\u0131kar\u0131lan \u015eilili 31 ya\u015f\u0131ndaki Florencio Avalos, ilk olarak 7 ya\u015f\u0131ndaki \u00e7ocu\u011fu ve e\u015fi Monica&#8217;ya sar\u0131ld\u0131.<\/p>\n<p style=\"text-align: justify;\">Daha sonra \u015eili Devlet Ba\u015fkan\u0131 Sebastian Pinera ve onu bekleyen birka\u00e7 ki\u015fiyle daha kucakla\u015fan Avalos, ilk t\u0131bbi tetkiklerin yap\u0131lmas\u0131 i\u00e7in kamp hastanesine g\u00f6t\u00fcr\u00fcld\u00fc.<\/p>\n<p style=\"text-align: justify;\"><span style=\"text-decoration: underline;\">Mario Sepulveda Espina:<\/span><\/p>\n<p style=\"text-align: justify;\">Avalos&#8217;dan bir saat sonra Mario Sepulveda Espina (39) da \u00e7elik kurtarma kaps\u00fcl\u00fcyle sorunsuz bir \u015fekilde g\u00fcn \u0131\u015f\u0131\u011f\u0131na kavu\u015ftu.<\/p>\n<p style=\"text-align: justify;\">Madenden \u00e7\u0131kar\u0131lmas\u0131 yakla\u015f\u0131k 15 dakika s\u00fcren Espina, ilk olarak e\u015fi Katty Valdivia&#8217;ya sar\u0131ld\u0131.<\/p>\n<p style=\"text-align: justify;\">Mutlulu\u011fu y\u00fcz\u00fcnden okunan Espina, &#8220;\u015eili \u00e7ok ya\u015fa&#8221; diye ba\u011f\u0131rarak, duygular\u0131n\u0131 kendisini bekleyenlerle payla\u015ft\u0131 ve &#8220;yeralt\u0131ndaki evinden&#8221; getirdi\u011fi kayalar\u0131, \u015eili Devlet Ba\u015fkan\u0131 Sebastian Pinera, Madencilik Bakan\u0131 Laurence Golborne ve kurtarma g\u00f6revlilerine da\u011f\u0131tt\u0131.<\/p>\n<p style=\"text-align: justify;\"><span style=\"text-decoration: underline;\">Julian Palma:<\/span><\/p>\n<p style=\"text-align: justify;\">\u00dc\u00e7\u00fcnc\u00fc madenci 52 ya\u015f\u0131ndaki Julian Palma da \u00f6zg\u00fcrl\u00fc\u011f\u00fcne kavu\u015ftu.<\/p>\n<p style=\"text-align: justify;\">Illanes de, di\u011fer iki madenci gibi \u00f6nce e\u015fine sar\u0131ld\u0131. Yeni ya\u015f\u0131na yerin alt\u0131nda giren Illanes daha sonra Devlet Ba\u015fkan\u0131 Sebastian Pinera ve Madencilik Bakan\u0131 Laurence Golborne ile kucakla\u015ft\u0131.<\/p>\n<p style=\"text-align: justify;\"><span style=\"text-decoration: underline;\">Bolivyal\u0131 Carlos Mamani:<\/span><\/p>\n<p style=\"text-align: justify;\">\u015eili&#8217;de \u00f6zg\u00fcrl\u00fc\u011f\u00fcne kavu\u015fan d\u00f6rd\u00fcnc\u00fc madenci de Bolivyal\u0131 Carlos Mamani oldu. Mamani, ilk olarak \u00e7evresindekileri selamlad\u0131 ve kendisini g\u00f6zya\u015flar\u0131yla bekleyen yak\u0131nlar\u0131yla kucakla\u015ft\u0131.<\/p>\n<p style=\"text-align: justify;\"><span style=\"text-decoration: underline;\">Jimmy Sanchez:<\/span><\/p>\n<p style=\"text-align: justify;\">Madendeki en gen\u00e7 madenci olan 19 ya\u015f\u0131ndaki Jimmy Sanchez de kurtar\u0131ld\u0131. \u00c7evresine g\u00fcl\u00fcc\u00fckler sa\u00e7an Sanchez&#8217;i babas\u0131 kar\u015f\u0131lad\u0131.<\/p>\n<p style=\"text-align: justify;\"><strong>&#8216;Anka Ku\u015fu&#8217; kaps\u00fcl\u00fc ile yukar\u0131 \u00e7\u0131k\u0131yorlar <\/strong><\/p>\n<p style=\"text-align: justify;\">Madencileri yakla\u015f\u0131k 70 cm geni\u015fli\u011findeki t\u00fcnelden d\u0131\u015far\u0131 \u00e7\u0131karmak i\u00e7in \u00f6zel olarak Amerikal\u0131 bir teknisyen taraf\u0131ndan tasarlanan, 4 mm kal\u0131nl\u0131\u011f\u0131ndaki &#8216;Anka Ku\u015fu&#8217; adl\u0131 \u00e7elik kaps\u00fcl, 2,5 metre uzunlu\u011funda ve 54 cm \u00e7ap\u0131nda.<\/p>\n<p style=\"text-align: justify;\">250 kilo a\u011f\u0131rl\u0131\u011f\u0131ndaki kurtarma kaps\u00fcl\u00fcnde, 3 saat s\u00fcreyle yetecek oksijen ve acil durum \u00e7\u0131k\u0131\u015f\u0131n\u0131n yan\u0131 s\u0131ra ses ve g\u00f6r\u00fcnt\u00fc sistemi de bulunuyor.<\/p>\n<p style=\"text-align: justify;\">Tek tek yap\u0131lan kurtarma i\u015flemi s\u0131ras\u0131nda madenciler, eldiven, kaska monte fener, g\u00fcvenlik botlar\u0131 ve yans\u0131mal\u0131 \u00f6zel k\u0131yafetler giyiyor.<\/p>\n<p style=\"text-align: justify;\">Madenciler kaps\u00fcldeki diyafonu kullanarak kurtarma ekipleri ile haberle\u015febiliyor.<\/p>\n<p style=\"text-align: justify;\">Kurtar\u0131lan madencileri Devlet Ba\u015fkan\u0131 Pinera ve Madencilik Bakan\u0131 Golborne&#8217;un yan\u0131 s\u0131ra yakla\u015f\u0131k 800 madenci yak\u0131n\u0131 ve 2 binden fazla gazeteci kar\u015f\u0131l\u0131yor.<\/p>\n<p style=\"text-align: justify;\">\u00c7\u0131karken g\u00f6zlerini kapal\u0131 tutmalar\u0131 istenen madenciler \u00f6zel g\u00f6zl\u00fck de tak\u0131yor.<\/p>\n<p style=\"text-align: justify;\">T\u00fcm madencilerin madene yak\u0131n bir hastanede yakla\u015f\u0131k 2 g\u00fcn m\u00fc\u015fahede alt\u0131nda tutulaca\u011f\u0131 belirtilirken, sa\u011fl\u0131k uzmanlar\u0131, baz\u0131 madencilerin psikolojik durumlar\u0131n\u0131n hassas oldu\u011funu ve kurtar\u0131ld\u0131ktan sonra uzun s\u00fcre stres yapabileceklerini s\u00f6yl\u00fcyor.<\/p>\n<p style=\"text-align: justify;\">Kurtarma operasyonun dev ekranlardan izlendi\u011fi \u00fclkede &#8220;bayram co\u015fkusu&#8221; ya\u015fan\u0131yor.<\/p>\n<p style=\"text-align: justify;\">Mahsur madenciler, s\u0131\u011f\u0131nakta kendi koyduklar\u0131 kurallarla g\u00fcna\u015f\u0131r\u0131 2 ka\u015f\u0131k ton bal\u0131\u011f\u0131, bir yudum s\u00fct, bir par\u00e7a kraker ve bir lokma \u015feftali yiyerek hayatta kald\u0131.<\/p>\n<p style=\"text-align: justify;\"><strong>Yazar ve senaristler s\u0131raya girmi\u015f durumda <\/strong><\/p>\n<p style=\"text-align: justify;\">Bu arada, madencilerin yeralt\u0131nda ge\u00e7irdi\u011fi 2 ay boyunca &#8220;yeralt\u0131ndaki evlerine&#8221; g\u00f6nderilen \u00e7ok say\u0131da hediye aras\u0131nda, \u015eili ve Real Madrid futbol tak\u0131mlar\u0131n\u0131n formalar\u0131 ile Amerikan teknoloji \u00fcreticisi Apple&#8217;\u0131n patronu Steve Jobs&#8217;un g\u00f6nderdi\u011fi Ipod da bulunuyor.<\/p>\n<p style=\"text-align: justify;\">\u015eili&#8217;nin \u00f6nemli sanayicilerinden multimilyoner Leonardo Farkas da madencilerin ailelerine ve yak\u0131nlar\u0131na 10 bin dolar de\u011ferinde \u00e7ek g\u00f6nderdi\u011fi belirtiliyor.<\/p>\n<p style=\"text-align: justify;\">\u00d6te yandan, madencilerin yeralt\u0131ndaki hikayesini kaleme almak isteyen \u00e7ok say\u0131da yazar ve senarist s\u0131raya girmi\u015f bulunuyor.<\/p>\n<p style=\"text-align: justify;\"><strong>TEPK\u0130LER&#8230; <\/strong><\/p>\n<p style=\"text-align: justify;\">\u015eili Devlet Ba\u015fkan\u0131 Sebastian Pinera, yerin yakla\u015f\u0131k 700 metre alt\u0131nda 69 g\u00fcnd\u00fcr mahsur olan 33 madenciyi kurtarma operasyonunun benzersiz oldu\u011funu belirtti.<\/p>\n<p style=\"text-align: justify;\">Pinera, ilk madencinin kurtar\u0131lmas\u0131ndan sonra yapt\u0131\u011f\u0131 a\u00e7\u0131klamada, &#8220;Daha \u00f6nce b\u00f6yle bir kurtarma operasyonu denenmemi\u015fti. Madencilerin bize verdi\u011fi ders umar\u0131m hep akl\u0131m\u0131zda kal\u0131r&#8221; dedi.<\/p>\n<p style=\"text-align: justify;\">\u015eili&#8217;de 27 \u015eubatta meydana gelen ve 486 ki\u015finin \u00f6l\u00fcm\u00fcne, 30 milyar dolar zarara yol a\u00e7an depreme at\u0131fta bulunan Pinera, madencilerin depremzedeler gibi, &#8220;\u015eili&#8217;nin birle\u015fti\u011finde t\u00fcm talihsizliklerin tersine \u00e7evrilebildi\u011fini ve b\u00fcy\u00fck \u015feylerin ba\u015far\u0131labilece\u011fini g\u00f6sterdi\u011fini&#8221; belirtti.<\/p>\n<p style=\"text-align: justify;\">Pinera, &#8220;madencilerin s\u0131nav\u0131ndan&#8221; inanc\u0131n, umudun, dostlu\u011fun ve dayan\u0131\u015fman\u0131n de\u011ferinin bir kez daha \u00f6\u011frenildi\u011fini s\u00f6yledi.<\/p>\n<p style=\"text-align: justify;\">ABD Ba\u015fkan\u0131 Barack Obama, madencileri kurtarmak i\u00e7in \u015eilili kurtarma ekipleriyle \u00e7al\u0131\u015fan Amerikal\u0131larla da gurur duydu\u011funu ifade etti.<\/p>\n<p style=\"text-align: justify;\"><a href=\"http:\/\/www.cnnturk.com\/2010\/dunya\/10\/13\/silili.madenciler.yeryuzune.cikariliyor\/592784.0\/index.html\" target=\"_blank\"><span style=\"color: #888888;\">CNN T\u00dcRK<\/span><\/a><\/p>\n","protected":false},"excerpt":{"rendered":"<p style=\"text-align: center;\">\n<p style=\"text-align: justify;\">Ve sonunda mucize ger\u00e7ekle\u015fti. Yerin yakla\u015f\u0131k 700 metre alt\u0131nda 69 g\u00fcn ge\u00e7iren \u015eilili 33 madenci \u00f6zg\u00fcrl\u00fc\u011f\u00fcne kavu\u015fuyor. \u015eu ana kadar 5 madenci \u00f6zg\u00fcrl\u00fc\u011f\u00fcne kavu\u015ftu. Madenden ilk \u00e7\u0131kar\u0131lan Florencio Avalos oldu. Avalos&#8217;un yery\u00fcz\u00fcne ilk \u00e7\u0131kt\u0131\u011f\u0131 anlarda sevin\u00e7 g\u00f6zya\u015flar\u0131 vard\u0131&#8230;<\/p>\n","protected":false},"author":1,"featured_media":0,"comment_status":"open","ping_status":"closed","sticky":false,"template":"","format":"standard","meta":{"footnotes":""},"categories":[105],"tags":[],"class_list":["post-26523","post","type-post","status-publish","format-standard","hentry","category-gundem","odd"],"_links":{"self":[{"href":"http:\/\/www.korhanyilmaz.com\/index.php?rest_route=\/wp\/v2\/posts\/26523","targetHints":{"allow":["GET"]}}],"collection":[{"href":"http:\/\/www.korhanyilmaz.com\/index.php?rest_route=\/wp\/v2\/posts"}],"about":[{"href":"http:\/\/www.korhanyilmaz.com\/index.php?rest_route=\/wp\/v2\/types\/post"}],"author":[{"embeddable":true,"href":"http:\/\/www.korhanyilmaz.com\/index.php?rest_route=\/wp\/v2\/users\/1"}],"replies":[{"embeddable":true,"href":"http:\/\/www.korhanyilmaz.com\/index.php?rest_route=%2Fwp%2Fv2%2Fcomments&post=26523"}],"version-history":[{"count":0,"href":"http:\/\/www.korhanyilmaz.com\/index.php?rest_route=\/wp\/v2\/posts\/26523\/revisions"}],"wp:attachment":[{"href":"http:\/\/www.korhanyilmaz.com\/index.php?rest_route=%2Fwp%2Fv2%2Fmedia&parent=26523"}],"wp:term":[{"taxonomy":"category","embeddable":true,"href":"http:\/\/www.korhanyilmaz.com\/index.php?rest_route=%2Fwp%2Fv2%2Fcategories&post=26523"},{"taxonomy":"post_tag","embeddable":true,"href":"http:\/\/www.korhanyilmaz.com\/index.php?rest_route=%2Fwp%2Fv2%2Ftags&post=26523"}],"curies":[{"name":"wp","href":"https:\/\/api.w.org\/{rel}","templated":true}]}}