{"id":26514,"date":"2010-10-13T09:40:30","date_gmt":"2010-10-13T06:40:30","guid":{"rendered":"http:\/\/www.korhanyilmaz.com\/?p=26514"},"modified":"2010-10-13T09:40:30","modified_gmt":"2010-10-13T06:40:30","slug":"sehit-tabutlariyla-uyusturucu-sevkiyati","status":"publish","type":"post","link":"http:\/\/www.korhanyilmaz.com\/?p=26514","title":{"rendered":"\u015eehit tabutlar\u0131yla uyu\u015fturucu sevkiyat\u0131"},"content":{"rendered":"<p><a href=\"http:\/\/www.korhanyilmaz.com\/wp-content\/uploads\/2010\/10\/117.jpg\"  class=\"lightview\"><img loading=\"lazy\" decoding=\"async\" class=\"aligncenter size-full wp-image-26515\" src=\"http:\/\/www.korhanyilmaz.com\/wp-content\/uploads\/2010\/10\/117.jpg\" alt=\"\" width=\"412\" height=\"218\" \/><\/a><\/p>\n<p style=\"text-align: justify;\">Ergenekon san\u0131\u011f\u0131 emekli Albay Arif Do\u011fan, J\u0130TEM&#8217;i PKK ile \u00e7at\u0131\u015fan operasyonel bir g\u00fc\u00e7 olarak tan\u0131ml\u0131yor.<\/p>\n<p style=\"text-align: justify;\">Emekli Jandarma \u0130stihbarat astsubay\u0131 H\u00fcseyin O\u011fuz ise Do\u011fan&#8217;\u0131n manip\u00fclasyon yapt\u0131\u011f\u0131n\u0131 belirterek, J\u0130TEM&#8217;in rant pe\u015finde ko\u015fan \u00e7ok karanl\u0131k bir \u00f6rg\u00fct oldu\u011funu s\u00f6yl\u00fcyor. J\u0130TEM&#8217;in \u015fehit cenazesi g\u00f6r\u00fcnt\u00fcs\u00fc alt\u0131nda, G\u00fcneydo\u011fu&#8217;dan bat\u0131 illerine tabutlarla uyu\u015fturucu ta\u015f\u0131d\u0131\u011f\u0131n\u0131 ifade eden O\u011fuz, &#8220;Y\u00fcksekova&#8217;da g\u00f6rev yapt\u0131\u011f\u0131m s\u0131rada y\u00fcr\u00fctt\u00fc\u011f\u00fcm bir soru\u015fturmada bunu belgeledim.&#8221; diyor. <!--more--><\/p>\n<p style=\"text-align: justify;\"><img loading=\"lazy\" decoding=\"async\" class=\"alignleft size-full wp-image-26516\" style=\"margin-left: 10px; margin-right: 10px;\" src=\"http:\/\/www.korhanyilmaz.com\/wp-content\/uploads\/2010\/10\/118.jpg\" alt=\"\" width=\"200\" height=\"160\" \/>J\u0130TEM&#8217;in \u00e7ok karanl\u0131k bir \u00f6rg\u00fct oldu\u011funu s\u00f6yleyen H\u00fcseyin O\u011fuz, Albay Arif Do\u011fan&#8217;\u0131n iddia etti\u011fi gibi operasyonel bir g\u00fc\u00e7ten ziyade bir rant grubu oldu\u011funu savunuyor. J\u0130TEM&#8217;in uyu\u015fturucu i\u015finde aktif oldu\u011funu belirten O\u011fuz, &#8220;Y\u00fcksekova&#8217;da g\u00f6rev yapt\u0131\u011f\u0131m s\u0131rada y\u00fcr\u00fctt\u00fc\u011f\u00fcm bir soru\u015fturmada bunu belgeledim. Jandarma bir k\u00f6ye bask\u0131n d\u00fczenleyip eroin ele ge\u00e7iriyor. O uyu\u015fturucunun sahipleri infaz ediliyor. Binba\u015f\u0131 M.E. ile astsubay B.Y. adl\u0131 J\u0130TEM elemanlar\u0131 da bu uyu\u015fturucuyu daha sonra \u015fehit cenazesi g\u00f6r\u00fcnt\u00fcs\u00fc alt\u0131nda tabutla \u0130zmir&#8217;e g\u00f6ndermi\u015fti. 13 kilosunu \u0130stanbul&#8217;a, 5 kilosunu \u0130zmir&#8217;e ta\u015f\u0131d\u0131lar.&#8221; \u015feklinde konu\u015fuyor.<\/p>\n<p style=\"text-align: justify;\">J\u0130TEM&#8217;in PKK&#8217;l\u0131lar\u0131n kellesi kar\u015f\u0131l\u0131\u011f\u0131nda para verdi\u011fi iddialar\u0131na da de\u011finen O\u011fuz, bu \u00f6rg\u00fct\u00fcn \u00f6l\u00fcmler \u00fczerinden rant dev\u015firdi\u011fini do\u011fruluyor. O\u011fuz, &#8220;\u00d6yle zannedildi\u011fi gibi PKK&#8217;l\u0131 da de\u011fildi \u00e7o\u011fu. Sivil insanlar\u0131 al\u0131p infaz ediyorlard\u0131. Bu \u00f6l\u00fcmler \u00fczerinden rant sa\u011fl\u0131yorlard\u0131.&#8221; diyor. Albay Arif Do\u011fan&#8217;\u0131n a\u00e7\u0131klamalar\u0131n\u0131n manip\u00fclasyon oldu\u011funu savunan O\u011fuz \u015f\u00f6yle konu\u015fuyor: &#8220;Bu halk\u0131 kimse enayi yerine koymas\u0131n. Benim bir ricam var. Benim \u00e7obanl\u0131k foto\u011fraf\u0131mla Arif Do\u011fan&#8217;\u0131n Mercedes&#8217;li foto\u011fraf\u0131n\u0131 yan yana koysunlar. Bu fark bile her \u015feyi a\u00e7\u0131klar. Ben Y\u00fcksekova \u00e7etesini ortaya \u00e7\u0131kard\u0131m diye ba\u015f\u0131ma gelmeyen kalmad\u0131, \u00e7obanl\u0131k yap\u0131yorum. Ama Arif Do\u011fan, korumalar, hizmetliler e\u015fli\u011finde Mercedes&#8217;le ifadeye gidiyor. Bu iki foto\u011fraf bile kimin ne yapt\u0131\u011f\u0131n\u0131 ortaya koyuyor.&#8221;<\/p>\n<p style=\"text-align: justify;\">Edirneli olan H\u00fcseyin O\u011fuz eski bir Jandarma \u0130stihbarat astsubay\u0131. T\u00fcrkiye onun ad\u0131n\u0131 Y\u00fcksekova \u00c7etesi&#8217;ne y\u00f6nelik operasyon ile \u00f6\u011frendi. Askeri makamlar \u00e7etenin \u00fcst\u00fcn\u00fc \u00f6rtmeye \u00e7al\u0131\u015f\u0131nca istifa ederek Diyarbak\u0131r&#8217;da sivil savc\u0131ya ifade verdi. B\u00f6ylece \u00e7etenin ortaya \u00e7\u0131kmas\u0131yla sonu\u00e7lanan operasyonun ba\u015flamas\u0131n\u0131 sa\u011flad\u0131. Ard\u0131ndan Susurluk Komisyonu&#8217;na verdi\u011fi cesur ifadelerle g\u00fcndemi sarst\u0131. Ye\u015fil kod adl\u0131 Mahmut Y\u0131ld\u0131r\u0131m&#8217;\u0131n ad\u0131n\u0131 ilk a\u00e7\u0131klayan isimler aras\u0131nda bulunuyor. E\u015fi ile \u0130zmir&#8217;e yerle\u015fen O\u011fuz, hayvanc\u0131l\u0131kla ge\u00e7imini sa\u011fl\u0131yor.<\/p>\n<p style=\"text-align: justify;\"><a href=\"http:\/\/www.gazeteport.com.tr\/GUNCEL\/NEWS\/GP_780304\" target=\"_blank\"><span style=\"color: #888888;\">Kaynak : GAZETEPORT<\/span><\/a><\/p>\n","protected":false},"excerpt":{"rendered":"<\/p>\n<p style=\"text-align: justify;\">Ergenekon san\u0131\u011f\u0131 emekli Albay Arif Do\u011fan, J\u0130TEM&#8217;i PKK ile \u00e7at\u0131\u015fan operasyonel bir g\u00fc\u00e7 olarak tan\u0131ml\u0131yor.<\/p>\n<p style=\"text-align: justify;\">Emekli Jandarma \u0130stihbarat astsubay\u0131 H\u00fcseyin O\u011fuz ise Do\u011fan&#8217;\u0131n manip\u00fclasyon yapt\u0131\u011f\u0131n\u0131 belirterek, J\u0130TEM&#8217;in rant pe\u015finde ko\u015fan \u00e7ok karanl\u0131k bir \u00f6rg\u00fct oldu\u011funu s\u00f6yl\u00fcyor. J\u0130TEM&#8217;in \u015fehit cenazesi g\u00f6r\u00fcnt\u00fcs\u00fc alt\u0131nda, G\u00fcneydo\u011fu&#8217;dan bat\u0131 illerine tabutlarla uyu\u015fturucu ta\u015f\u0131d\u0131\u011f\u0131n\u0131 ifade eden O\u011fuz, <\/p>\n","protected":false},"author":1,"featured_media":0,"comment_status":"open","ping_status":"closed","sticky":false,"template":"","format":"standard","meta":{"footnotes":""},"categories":[105],"tags":[],"class_list":["post-26514","post","type-post","status-publish","format-standard","hentry","category-gundem","odd"],"_links":{"self":[{"href":"http:\/\/www.korhanyilmaz.com\/index.php?rest_route=\/wp\/v2\/posts\/26514","targetHints":{"allow":["GET"]}}],"collection":[{"href":"http:\/\/www.korhanyilmaz.com\/index.php?rest_route=\/wp\/v2\/posts"}],"about":[{"href":"http:\/\/www.korhanyilmaz.com\/index.php?rest_route=\/wp\/v2\/types\/post"}],"author":[{"embeddable":true,"href":"http:\/\/www.korhanyilmaz.com\/index.php?rest_route=\/wp\/v2\/users\/1"}],"replies":[{"embeddable":true,"href":"http:\/\/www.korhanyilmaz.com\/index.php?rest_route=%2Fwp%2Fv2%2Fcomments&post=26514"}],"version-history":[{"count":0,"href":"http:\/\/www.korhanyilmaz.com\/index.php?rest_route=\/wp\/v2\/posts\/26514\/revisions"}],"wp:attachment":[{"href":"http:\/\/www.korhanyilmaz.com\/index.php?rest_route=%2Fwp%2Fv2%2Fmedia&parent=26514"}],"wp:term":[{"taxonomy":"category","embeddable":true,"href":"http:\/\/www.korhanyilmaz.com\/index.php?rest_route=%2Fwp%2Fv2%2Fcategories&post=26514"},{"taxonomy":"post_tag","embeddable":true,"href":"http:\/\/www.korhanyilmaz.com\/index.php?rest_route=%2Fwp%2Fv2%2Ftags&post=26514"}],"curies":[{"name":"wp","href":"https:\/\/api.w.org\/{rel}","templated":true}]}}