{"id":26505,"date":"2010-10-12T08:11:08","date_gmt":"2010-10-12T05:11:08","guid":{"rendered":"http:\/\/www.korhanyilmaz.com\/?p=26505"},"modified":"2010-10-12T08:11:08","modified_gmt":"2010-10-12T05:11:08","slug":"telekulak-sanigi-olma-yolunda","status":"publish","type":"post","link":"http:\/\/www.korhanyilmaz.com\/?p=26505","title":{"rendered":"Telekulak san\u0131\u011f\u0131 olma yolunda"},"content":{"rendered":"<p style=\"text-align: justify;\"><a href=\"http:\/\/www.korhanyilmaz.com\/wp-content\/uploads\/2010\/10\/115.jpg\"  class=\"lightview\"><img loading=\"lazy\" decoding=\"async\" class=\"aligncenter size-full wp-image-26506\" src=\"http:\/\/www.korhanyilmaz.com\/wp-content\/uploads\/2010\/10\/115.jpg\" alt=\"\" width=\"449\" height=\"231\" \/><\/a><\/p>\n<p style=\"text-align: justify;\">Emniyet te\u015fkilat\u0131 i\u00e7inde izinsiz dinleme yapan cemaat \u00e7etesi \u00fczerine kitap yazan emniyet m\u00fcd\u00fcr\u00fc Hanefi Avc\u0131, 28 g\u00fcn \u00f6nce bo\u015faltt\u0131\u011f\u0131n\u0131 ileri s\u00fcrd\u00fc\u011f\u00fc makam odas\u0131nda ele ge\u00e7ti\u011fi belirtilen 24 kasetle 53 ki\u015fiyi yasad\u0131\u015f\u0131 olarak dinledi\u011fi iddias\u0131yla telekulak san\u0131\u011f\u0131 olma yolunda.<!--more--><\/p>\n<p style=\"text-align: justify;\">\u0130STANBUL \/ \u0130zinsiz telefon dinlemesinin hedefi oldu\u011fu iddias\u0131n\u0131, Hali\u00e7&#8217;te Ya\u015fayan Simonlar kitab\u0131nda dile getiren Eski\u015fehir Emniyet M\u00fcd\u00fcr\u00fc Hanefi Avc\u0131, Devrimci Karargah soru\u015fturmas\u0131 kapsam\u0131nda, 28 g\u00fcn \u00f6nce bo\u015faltt\u0131\u011f\u0131n\u0131 ileri s\u00fcrd\u00fc\u011f\u00fc Eski\u015fehir Emniyet M\u00fcd\u00fcrl\u00fc\u011f\u00fc makam odas\u0131nda ele ge\u00e7irildi\u011fi belirtilen 24 dinleme kasedi y\u00fcz\u00fcnden telekulak san\u0131\u011f\u0131 olma yolunda.<\/p>\n<p style=\"text-align: justify;\">20 A\u011fustos&#8217;da piyasaya \u00e7\u0131kan &#8220;Hali\u00e7&#8217;te Ya\u015fayan Simonlar&#8221; kitab\u0131 ile kendisine ait telefon numaralar\u0131n\u0131n yasad\u0131\u015f\u0131 olarak dinlendi\u011fini iddia eden Hanefi Avc\u0131, Fethullah G\u00fclen Cemaati&#8217;nin Emniyet \u0130stihbarat Daire Ba\u015fkanl\u0131\u011f\u0131na s\u0131zan yap\u0131lanmas\u0131 ile T\u00fcrkiye&#8217;de binlerce ki\u015finin IMEI numaralar\u0131 \u00fczerinden dinlendi\u011fini iddia etti. Hanefi Avc\u0131 bu iddialar\u0131n\u0131n \u00fczerinden yakla\u015f\u0131k 40 g\u00fcn sonra Devrimci Karargah \u00f6rg\u00fct\u00fcne yard\u0131mc\u0131 oldu\u011fu iddias\u0131yla 28 Eyl\u00fcl tarihinde tutukland\u0131. 27 Eyl\u00fcl tarihinde b\u00fcrosunda yap\u0131lan aramada ele ge\u00e7ti\u011fi iddia edilen 24 adet dinleme kasedi y\u00fcz\u00fcnden kendisinin de yasad\u0131\u015f\u0131 dinleme yapt\u0131\u011f\u0131 iddia ediliyor. Mehmet Ali Birand, Fatih Altayl\u0131, Ahmet \u00d6zal ve Mehmet Eym\u00fcr, ba\u015flat\u0131lan yeni soru\u015fturma kapsam\u0131nda Be\u015fikta\u015f&#8217;ta bulunan \u00d6zel Yetkili savc\u0131lar taraf\u0131ndan ifadeye \u00e7a\u011fr\u0131l\u0131rken, Birand&#8217;\u0131n d\u0131\u015f\u0131nda kalanlar \u015fikayet\u00e7i olduklar\u0131n\u0131 dile getirdi.<\/p>\n<p style=\"text-align: justify;\"><span style=\"text-decoration: underline;\">Kendisine kar\u015f\u0131 yasad\u0131\u015f\u0131 dinleme yap\u0131ld\u0131\u011f\u0131n\u0131 ileri s\u00fcrerek, bu i\u015fin bir \u00f6rg\u00fctsel yap\u0131ya d\u00f6n\u00fc\u015ft\u00fc\u011f\u00fcn\u00fc ileri s\u00fcren Hanefi Avc\u0131&#8217;y\u0131 &#8220;Telekulak&#8221; san\u0131\u011f\u0131 olma yoluna sokan olaylar\u0131n kronolijisi \u015fu \u015fekilde<\/span>;<\/p>\n<p style=\"text-align: justify;\"><strong>&#8211; 20 A\u011fustos:<\/strong> Hanefi Avc\u0131&#8217;n\u0131n Hali\u00e7&#8217;te Ya\u015fayan Simonlar kitab\u0131 piyasaya \u00e7\u0131kt\u0131. \u0130lk bask\u0131s\u0131 20 bin yap\u0131lan kitap \u00e7\u0131kt\u0131\u011f\u0131 g\u00fcn iki saat i\u00e7inde t\u00fckendi. B\u00fcy\u00fck sansasyon yaratan kitab\u0131n ikinci bask\u0131s\u0131 ise yakla\u015f\u0131k 200 binlik say\u0131 ile bir hafta sonra yap\u0131ld\u0131.<\/p>\n<p style=\"text-align: justify;\"><strong>&#8211; 22 A\u011fustos:<\/strong> Eski\u015fehir Emniyet M\u00fcd\u00fcr\u00fc Hanefi Avc\u0131&#8217;n\u0131n &#8220;Hali\u00e7&#8217;te Ya\u015fayan Simonlar&#8221; isimli kitab\u0131nda Fethullah G\u00fclen Cemaati&#8217;nin devleti ele ge\u00e7irdi\u011fini iddia etmesi \u00fczerine a\u00e7\u0131klama yapan Ba\u015fbakan Yard\u0131mc\u0131s\u0131 Cemil \u00c7i\u00e7ek, &#8220;Kanaatler \u00fczerinden h\u00fck\u00fcm tesis etmek ne kadar do\u011frudur? Biz evvela olaya hukuk a\u00e7\u0131s\u0131ndan bakar\u0131z ve deriz ki hakim karar verirken anayasaya, hukuka ama her \u015feyden \u00f6nce de dosyadaki delile bakar. Delil yoksa mahkum etmek de olmaz. Siz bir yarg\u0131ya varacaksan\u0131z bunu delillendirmi\u015f olman\u0131z gerekir. Delillenmiyorsa bu kanaat olarak kal\u0131r&#8221; dedi.<\/p>\n<p style=\"text-align: justify;\"><strong>&#8211; 25 A\u011fustos:<\/strong> Ba\u015fbakan Erdo\u011fan, Show TV\u2019nin canl\u0131 yay\u0131n\u0131nda Avc\u0131\u2019n\u0131n kitab\u0131ndaki iddialar\u0131 yan\u0131tlad\u0131. Ba\u015fbakan Erdo\u011fan kitab\u0131n bilgilerini \u0130\u00e7i\u015fleri Bakan\u0131 Be\u015fir Atalay\u2019dan ald\u0131\u011f\u0131n\u0131 s\u00f6yledi. Ba\u015fbakan, konuyla ilgili \u015f\u00f6yle demi\u015fti: \u201cKitab\u0131 okumad\u0131m. Arkada\u015flar ve \u0130\u00e7i\u015fleri Bakan\u0131m \u00f6zet bilgiler verdiler. Yapt\u0131klar\u0131 talihsiz i\u015fdir. Devlet memurunun bir \u015feyler yazmas\u0131n\u0131 bilmesi gerekir. Bunun yasa \u00e7er\u00e7evesinde kurallar\u0131 var, bakanl\u0131k de tefti\u015fini yap\u0131yor. \u0130ddialar \u00fczerinde durmam, durmay\u0131 da gereksiz bulurum. Hayatta benimle biraraya gelmi\u015f biri de\u011fil. Bunu da gereksiz bulurum. Muhattab\u0131 \u00fcstleridir, gerekirse \u0130\u00e7i\u015fleri Bakan\u0131d\u0131r. Bir ba\u015fbakan il emniyet m\u00fcd\u00fcr\u00fc ile g\u00f6r\u00fc\u015fmez. \u00d6ncelikle bakan\u0131ma sayg\u0131s\u0131zl\u0131kt\u0131r bu.\u201d<\/p>\n<p style=\"text-align: justify;\"><strong>&#8211; 26 A\u011fustos:<\/strong> Hanefi Avc\u0131, yazd\u0131\u011f\u0131 kitaptan sonra kat\u0131ld\u0131\u011f\u0131 bir televizyon kanal\u0131ndaki canl\u0131 yay\u0131nda, Eski\u015fehir Emniyet m\u00fcd\u00fcr\u00fc olarak kalmas\u0131n\u0131n kendisini ve Emniyet te\u015fkilat\u0131n\u0131 y\u0131prataca\u011f\u0131n\u0131 gerek\u00e7e g\u00f6stererek merkeze al\u0131nmak i\u00e7in \u0130\u00e7i\u015fleri Bakanl\u0131\u011f\u0131na dilek\u00e7e verdi\u011fini a\u00e7\u0131klad\u0131. Ba\u015fbakan Erdo\u011fan taraf\u0131ndan jet h\u0131z\u0131yla imzalanan merkeze alma kararnamesi iki g\u00fcn sonra resmi gazetede yay\u0131nland\u0131. Avc\u0131&#8217;n\u0131n yerine bir yard\u0131mc\u0131s\u0131 vekaleten atand\u0131.<\/p>\n<p style=\"text-align: justify;\"><strong>ATALAY: &#8220;YAPILAN ET\u0130K DE\u011e\u0130L&#8221;<\/strong><\/p>\n<p style=\"text-align: justify;\"><strong>&#8211; 27 A\u011fustos:<\/strong> Hali\u00e7&#8217;te Ya\u015fayan Simonlar kitab\u0131nda ileri s\u00fcr\u00fclen iddialar b\u00fcy\u00fck sansasyon yarat\u0131rken, kitapta yaz\u0131lan iddialar nedeniyle bak\u0131\u015flar\u0131n \u00e7evrildi\u011fi \u0130\u00e7i\u015fleri Bakan\u0131 Be\u015fir Atalay, Hanefi Avc\u0131&#8217;n\u0131n kitap yazmas\u0131n\u0131 sert bir dille ele\u015ftirdi.<\/p>\n<p style=\"text-align: justify;\">&#8220;Yap\u0131lan etik de\u011fil. \u00d6zellikle kendi te\u015fkilat\u0131 ile yaz\u0131lar yazmas\u0131&#8230; B\u00f6yle yaz\u0131lar yazacak olanlar g\u00f6revden ayr\u0131ld\u0131ktan sonra istedikleri gibi yazarlar.&#8221; diyen Atalay, &#8216;m\u00fcfetti\u015fler ne gerekiyorsa yapacak&#8217; dedi. Atalay, polis te\u015fkilat\u0131 hakk\u0131nda &#8216;kamplara ayr\u0131lm\u0131\u015f&#8217; de\u011ferlendirmesinin de yanl\u0131\u015f olaca\u011f\u0131n\u0131 s\u00f6yledi.<\/p>\n<p style=\"text-align: justify;\">Habert\u00fcrk&#8217;te kat\u0131ld\u0131\u011f\u0131 canl\u0131 yay\u0131nda, Hanefi Avc\u0131&#8217;n\u0131n yazd\u0131\u011f\u0131 kitab\u0131 inceletti\u011fini a\u00e7\u0131klayan Bakan Atalay, &#8220;\u00dc\u00e7 m\u00fcfetti\u015f inceliyor. Ne gerekiyorsa yap\u0131lacakt\u0131r. Emniyet te\u015fkilat\u0131 220 bin ki\u015filik te\u015fkilatt\u0131r. Polis te\u015fkilat\u0131, kurumsal g\u00fcven ara\u015ft\u0131rmas\u0131nda TSK&#8217;n\u0131n \u00f6n\u00fcnde yer al\u0131yor. Bu konudaki su\u00e7lamalar\u0131 yanl\u0131\u015f buluyoruz. Polis te\u015fkilat\u0131 ikiye ayr\u0131lm\u0131\u015f diye bir \u015fey yok. Somut iddialar olursa, bunlar\u0131n \u00fczerine gidilir. Kamplara ayr\u0131lm\u0131\u015f de\u011ferlendirmesi yanl\u0131\u015f olur. Yanl\u0131\u015f olan varsa \u00fczerine gidilir. Yanl\u0131\u015f yapan\u0131 i\u00e7inde kolay kolay bar\u0131nd\u0131rmaz.&#8221; dedi.<\/p>\n<p style=\"text-align: justify;\"><strong>\u0130DD\u0130ALARA DE\u011e\u0130L KEND\u0130S\u0130NE SORU\u015eTURMA A\u00c7ILDI<\/strong><\/p>\n<p style=\"text-align: justify;\">&#8211; Kitapta yer alan iddialar\u0131 nedeniyle \u0130\u00e7i\u015fleri Bakanl\u0131\u011f\u0131, Avc\u0131 hakk\u0131nda 8 ayr\u0131 soru\u015fturma a\u00e7\u0131ld\u0131. \u0130kisi izinsiz bas\u0131n a\u00e7\u0131klamas\u0131 yapmak, alt\u0131s\u0131 da kitapta yer alan iddialar\u0131 nedeniyle emniyet te\u015fkilat\u0131n\u0131 k\u00fc\u00e7\u00fck d\u00fc\u015f\u00fcrmek, g\u00f6revini k\u00f6t\u00fcye kulland\u0131\u011f\u0131 ileri s\u00fcr\u00fcl\u00fcyordu.<\/p>\n<p style=\"text-align: justify;\"><strong>20 Eyl\u00fcl: <\/strong>Ankara \u00d6zel Yetkili Ba\u015fsavc\u0131 Vekili Hamza Kele\u015f taraf\u0131ndan \u00e7a\u011fr\u0131lan Hanefi Avc\u0131, Hali\u00e7&#8217;te Ya\u015fayan Simonlar kitab\u0131nda ileri s\u00fcrd\u00fc\u011f\u00fc, G\u00fclen Cemaatinin Emniyet Genel M\u00fcd\u00fcrl\u00fc\u011f\u00fc, \u0130stihbarat Daire Ba\u015fkanl\u0131\u011f\u0131 i\u00e7indeki dinleme \u00e7etesi ile ilgili olarak ifade verdi.<\/p>\n<p style=\"text-align: justify;\"><strong>21 Eyl\u00fcl:<\/strong> Hanefi Avc\u0131 hakk\u0131nda, Devrimci Karargah \u00f6rg\u00fct\u00fcne yard\u0131mc\u0131 oldu\u011fu ve e\u015fini aldatt\u0131\u011f\u0131 iddialar\u0131 ortaya at\u0131ld\u0131. Avc\u0131, 30 Eyl\u00fcl&#8217;de a\u00e7\u0131klama yaparak b\u00fct\u00fcn iddialara yan\u0131t verece\u011fini a\u00e7\u0131klad\u0131.<\/p>\n<p style=\"text-align: justify;\"><strong>23 Eyl\u00fcl:<\/strong> \u0130stanbul \u00d6zel Yetkili Savc\u0131s\u0131 Kadir Alt\u0131n\u0131\u015f\u0131k taraf\u0131ndan ter\u00f6r \u00f6rg\u00fct\u00fc Devrimci Karargah soru\u015fturmas\u0131 kapsam\u0131nda ifade vermeye \u00e7a\u011fr\u0131ld\u0131. \u00c7a\u011fr\u0131y\u0131 kabul eden Avc\u0131 izinli oldu\u011fu i\u00e7in izin sonunda ifade vermeye gidece\u011fini a\u00e7\u0131klad\u0131.<\/p>\n<p style=\"text-align: justify;\"><strong>27 Eyl\u00fcl:<\/strong> Genelkurmay askeri savc\u0131l\u0131\u011f\u0131na \u00e7a\u011fr\u0131 \u00fczerine giden Hanefi Avc\u0131, kitab\u0131nda yer alan G\u00fclen Cemaatinin TSK i\u00e7indeki yap\u0131lanmas\u0131 ile ilgili bilgi verdi.<\/p>\n<p style=\"text-align: justify;\"><strong>ANKARA&#8217;DA G\u00d6ZALTINA ALINDI \u0130STANBUL&#8217;DA TUTUKLANDI<\/strong><\/p>\n<p style=\"text-align: justify;\"><strong>28 Eyl\u00fcl: <\/strong>Ankara&#8217;da Emniyet Genel M\u00fcd\u00fcrl\u00fc\u011f\u00fcne giden Hanefi Avc\u0131 \u0130stanbul \u00d6zel Yetkili Savc\u0131s\u0131 Kadir Alt\u0131n\u0131\u015f\u0131k&#8217;\u0131n \u00e7\u0131kard\u0131\u011f\u0131 &#8220;yakalama&#8221; m\u00fczekkeresi ile g\u00f6zalt\u0131na al\u0131nd\u0131. Eski\u015fehir&#8217;de bo\u015faltt\u0131\u011f\u0131 Emniyet M\u00fcd\u00fcrl\u00fc\u011f\u00fc makam\u0131 ile hen\u00fcz bo\u015faltmad\u0131\u011f\u0131 Emniyet M\u00fcd\u00fcr\u00fc lojman\u0131 arand\u0131. Baz\u0131 evrak ve elektronik malzemelere el kondu. \u0130stanbul&#8217;a getirelen Hanefi Avc\u0131, \u00d6zel Yetkili Savc\u0131 Kadir Alt\u0131n\u0131\u015f\u0131k&#8217;a ifade vermeyi reddetti. Ya\u015fad\u0131klar\u0131n\u0131 komplo olarak de\u011ferlendiren Avc\u0131, tutuklanma talebi ile n\u00f6bet\u00e7i 14. A\u011f\u0131r Ceza Mahkemesine \u00e7\u0131kart\u0131ld\u0131. Mahkemede hakimin sorular\u0131na yan\u0131t veren Avc\u0131, mahkeme taraf\u0131ndan \u00f6rg\u00fcte yard\u0131m su\u00e7lamas\u0131 ile tutukland\u0131. Hanefi Avc\u0131 tutuklanmas\u0131n\u0131n &#8220;Cemaat operasyonu&#8221; oldu\u011funu ileri s\u00fcrd\u00fc.<\/p>\n<p style=\"text-align: justify;\"><strong>TERS\u0130NE D\u00d6NEN R\u00dcZGARIN \u0130LK \u0130\u015eARET\u0130 ARIN\u00c7 VERD\u0130<\/strong><\/p>\n<p style=\"text-align: justify;\"><strong>30 Eyl\u00fcl: <\/strong>Ba\u015fbakan Yard\u0131mc\u0131s\u0131 B\u00fclent Ar\u0131n\u00e7, Emniyet M\u00fcd\u00fcr\u00fc Hanefi Avc\u0131&#8217;n\u0131n tutuklanmas\u0131na ili\u015fkin H\u00fck\u00fcmetin veya siyasi otoritelerin bir ilgisi ve dahlinin bulunmad\u0131\u011f\u0131n\u0131 s\u00f6yledi. &#8220;Bir kitap yazm\u0131\u015ft\u0131r. Bu kitab\u0131 kamuoyunda ilgiyle kar\u015f\u0131lanm\u0131\u015ft\u0131r&#8221; diyen Ar\u0131n\u00e7, \u015f\u00f6yle devam etti:<\/p>\n<p style=\"text-align: justify;\">&#8220;Ama \u015fu anda devam eden ba\u015fka bir soru\u015fturma sebebiyle kendisi g\u00f6zalt\u0131na al\u0131nm\u0131\u015f ve daha sonra tutuklanm\u0131\u015ft\u0131r. G\u00f6zalt\u0131na alanlar adli makamlard\u0131r, tutuklama isteminde bulunan savc\u0131d\u0131r, tutuklayan hakimdir. Yarg\u0131 s\u00fcrecinde cereyan eden bir olayla kar\u015f\u0131 kar\u015f\u0131yay\u0131z. Bu t\u00fcr olaylar da ilk de\u011fil. Soru\u015fturma ge\u00e7irmekte olan bir ki\u015fi hakk\u0131nda s\u00f6yleyecek ba\u015fka bir s\u00f6z bulam\u0131yorum. Ancak kamuoyunda &#8216;kitab\u0131 yazd\u0131\u011f\u0131 i\u00e7in mutlaka bu tutuklama olmu\u015ftur&#8217; diye d\u00fc\u015f\u00fcnenler var. Bu yarg\u0131ya inanmamak anlam\u0131na gelir. Yarg\u0131sal s\u00fcrecin i\u015fledi\u011fi bir yerde mutlaka hukuki t\u00fcm yard\u0131mlar, olanaklar, imkanlar ortaya konulacakt\u0131r. H\u00fck\u00fcmetin veya siyasi otoritelerin bu olayla bir ilgisi, bir dahli, bir katk\u0131s\u0131 oldu\u011fu kanaatinde de\u011filim. &#8216;Kitap dolay\u0131s\u0131yla g\u00f6zalt\u0131na al\u0131nd\u0131&#8217; diyenlerin kar\u015f\u0131s\u0131nda &#8216;g\u00f6zalt\u0131na al\u0131naca\u011f\u0131n\u0131, b\u00f6yle bir soru\u015fturmayla kar\u015f\u0131la\u015faca\u011f\u0131n\u0131 biliyordu, onun i\u00e7in bu kitab\u0131 alelacele piyasaya \u00e7\u0131kard\u0131&#8217; diyenler de var. Ben onlar\u0131n yalanc\u0131s\u0131y\u0131m. Ama bir ger\u00e7ek var. Ortada bir yarg\u0131 s\u00fcreci var, o yarg\u0131 s\u00fcrecini hepimiz b\u00fcy\u00fck bir dikkatle takip etmeliyiz.&#8221;<\/p>\n<p style=\"text-align: justify;\"><strong>ERG\u0130N: &#8220;\u0130HT\u0130YATLI YAKLA\u015eMAK LAZIM&#8221;<\/strong><\/p>\n<p style=\"text-align: justify;\"><strong>&#8211; 30 Eyl\u00fcl:<\/strong> Adalet Bakan\u0131 Sadullah Ergin, &#8220;Hanefi Avc\u0131 ile ilgili bakanl\u0131k soru\u015fturmas\u0131nda belli bir mesafe ald\u0131k. Avc\u0131&#8217;n\u0131n m\u00fc\u015fteki s\u0131fat\u0131yla ifadesine ba\u015fvuraca\u011f\u0131z&#8221; dedi. Ergin, soru\u015fturma s\u00fcrecinin devam etti\u011fine i\u015faret ederek, &#8220;\u0130htiyatl\u0131 yakla\u015fmak laz\u0131m, beklemek laz\u0131m&#8221; diye konu\u015ftu.<\/p>\n<p style=\"text-align: justify;\">Avc\u0131&#8217;n\u0131n yazd\u0131\u011f\u0131 kitap y\u00fcz\u00fcnden tutukland\u0131\u011f\u0131 y\u00f6n\u00fcnde yorumlar bulundu\u011funun an\u0131msat\u0131lmas\u0131 \u00fczerine de Ergin, bu yorumun Avc\u0131 hakk\u0131ndaki iddialardan sadece bir tanesi oldu\u011funa i\u015faret ederek, ba\u015fka iddia ve yorumlar bulundu\u011funu vurgulad\u0131.<\/p>\n<p style=\"text-align: justify;\">Bir gazetecinin Avc\u0131 hakk\u0131nda yazd\u0131\u011f\u0131 kitap nedeniyle Adalet Bakanl\u0131\u011f\u0131n\u0131n da a\u00e7m\u0131\u015f oldu\u011fu soru\u015fturmay\u0131 an\u0131msatmas\u0131 \u00fczerine Ergin, &#8220;Bakanl\u0131k soru\u015fturmas\u0131nda belli bir mesafe ald\u0131k. Avc\u0131&#8217;n\u0131n m\u00fc\u015fteki s\u0131fat\u0131yla ifadesine ba\u015fvuraca\u011f\u0131z&#8221; dedi.<\/p>\n<p style=\"text-align: justify;\"><strong>&#8220;YARGI DURUP DURURKEN YOLDAN GE\u00c7EN B\u0130R\u0130N\u0130 ALMIYOR DE\u011e\u0130L M\u0130?<\/strong><\/p>\n<p style=\"text-align: justify;\"><strong>1 Ekim: <\/strong>Ba\u015fbakan Tayyip Erdo\u011fan, Meclis&#8217;teki yeni yasalama y\u0131l\u0131 a\u00e7\u0131l\u0131\u015f resepsiyonunda BDP&#8217;li Ak\u0131n Birdal&#8217;\u0131n konuyu g\u00fcndeme getirmesi \u00fczerine, y\u00fcr\u00fctmenin yarg\u0131n\u0131n talimat\u0131n\u0131n gere\u011fini yapt\u0131\u011f\u0131n\u0131 s\u00f6yledi. Ba\u015fbakan, &#8220;Burada Avc\u0131 ile ilgili bir \u015fey varsa bunun intisaplar\u0131 ba\u011flant\u0131lar\u0131 nelerdir? Y\u00fcr\u00fctme hepsini ara\u015ft\u0131rmak durumundad\u0131r. \u015eimdi durup dururken yoldan ge\u00e7en birini alm\u0131yorlar de\u011fil mi?&#8221; diye sordu.<\/p>\n<p style=\"text-align: justify;\"><strong>BO\u015eALTTI\u011eI MAKAM ODASINDA BULUNAN D\u0130NLEME CD&#8217;LER\u0130<\/strong><\/p>\n<p style=\"text-align: justify;\"><strong>7 &#8211; 8 Ekim: <\/strong>Mehmet Ali Birand&#8217;\u0131n Hanefi Avc\u0131 taraf\u0131ndan yasad\u0131\u015f\u0131 olarak dinlendi\u011fi iddias\u0131 g\u00fcndemi de\u011fi\u015ftirdi. Birand \u00d6zel Yetkili Savc\u0131l\u0131\u011fa verdi\u011fi ifadede Avc\u0131&#8217;dan davac\u0131 olmad\u0131\u011f\u0131n\u0131 a\u00e7\u0131klad\u0131. Ancak ertesi g\u00fcn ifadeye \u00e7a\u011fr\u0131lan Fatih Altayl\u0131 \u015fikayet\u00e7i oldu\u011funu a\u00e7\u0131klad\u0131. Hanefi Avc\u0131 ise makam odas\u0131nda ele ge\u00e7ti\u011fi ileri s\u00fcr\u00fclen dinleme kasetlerinin ger\u00e7e\u011fi yans\u0131tmad\u0131\u011f\u0131n\u0131 ileri s\u00fcrd\u00fc. Bildi\u011fi t\u00fcm kutsal de\u011ferler \u00fczerine yemin etti\u011fini belirten Avc\u0131, bo\u015faltt\u0131\u011f\u0131 makam odas\u0131nda 28 g\u00fcn sonra yap\u0131lan aramada ele ge\u00e7ti\u011fi iddia edilen kasetlerin kendisine ait olmad\u0131\u011f\u0131n\u0131 a\u00e7\u0131klad\u0131.<\/p>\n<p style=\"text-align: justify;\"><strong>11 Ekim:<\/strong> M\u0130T Kontrter\u00f6r dairesi eski ba\u015fkan\u0131 Mehmet Eym\u00fcr ve Ahmet \u00d6zal Yetkili savc\u0131l\u0131\u011fa \u00e7a\u011fr\u0131ld\u0131. Eym\u00fcr ve \u00d6zal&#8217;a kasetlerdeki konu\u015fma kay\u0131tlar\u0131 dinletilerek konu\u015fmalarla ilgili sorular y\u00f6neltildi. Eym\u00fcr ve \u00d6zal ses kay\u0131tlar\u0131n\u0131n kendilerine ait oldu\u011funu belirterek dinleyenlerden \u015fikayet\u00e7i olduklarn\u0131\u0131 a\u00e7\u0131klad\u0131lar.<\/p>\n<p style=\"text-align: justify;\"><a href=\"http:\/\/www.gazeteport.com.tr\/GUNCEL\/NEWS\/GP_779419\" target=\"_blank\"><span style=\"color: #888888;\">Kaynak : \u0130hsan Demir &#8211; GAZETEPORT<\/span><\/a><\/p>\n","protected":false},"excerpt":{"rendered":"<p style=\"text-align: justify;\">\n<p style=\"text-align: justify;\">Emniyet te\u015fkilat\u0131 i\u00e7inde izinsiz dinleme yapan cemaat \u00e7etesi \u00fczerine kitap yazan emniyet m\u00fcd\u00fcr\u00fc Hanefi Avc\u0131, 28 g\u00fcn \u00f6nce bo\u015faltt\u0131\u011f\u0131n\u0131 ileri s\u00fcrd\u00fc\u011f\u00fc makam odas\u0131nda ele ge\u00e7ti\u011fi belirtilen 24 kasetle 53 ki\u015fiyi yasad\u0131\u015f\u0131 olarak dinledi\u011fi iddias\u0131yla telekulak san\u0131\u011f\u0131 olma yolunda.<\/p>\n","protected":false},"author":1,"featured_media":0,"comment_status":"open","ping_status":"closed","sticky":false,"template":"","format":"standard","meta":{"footnotes":""},"categories":[105],"tags":[],"class_list":["post-26505","post","type-post","status-publish","format-standard","hentry","category-gundem","odd"],"_links":{"self":[{"href":"http:\/\/www.korhanyilmaz.com\/index.php?rest_route=\/wp\/v2\/posts\/26505","targetHints":{"allow":["GET"]}}],"collection":[{"href":"http:\/\/www.korhanyilmaz.com\/index.php?rest_route=\/wp\/v2\/posts"}],"about":[{"href":"http:\/\/www.korhanyilmaz.com\/index.php?rest_route=\/wp\/v2\/types\/post"}],"author":[{"embeddable":true,"href":"http:\/\/www.korhanyilmaz.com\/index.php?rest_route=\/wp\/v2\/users\/1"}],"replies":[{"embeddable":true,"href":"http:\/\/www.korhanyilmaz.com\/index.php?rest_route=%2Fwp%2Fv2%2Fcomments&post=26505"}],"version-history":[{"count":0,"href":"http:\/\/www.korhanyilmaz.com\/index.php?rest_route=\/wp\/v2\/posts\/26505\/revisions"}],"wp:attachment":[{"href":"http:\/\/www.korhanyilmaz.com\/index.php?rest_route=%2Fwp%2Fv2%2Fmedia&parent=26505"}],"wp:term":[{"taxonomy":"category","embeddable":true,"href":"http:\/\/www.korhanyilmaz.com\/index.php?rest_route=%2Fwp%2Fv2%2Fcategories&post=26505"},{"taxonomy":"post_tag","embeddable":true,"href":"http:\/\/www.korhanyilmaz.com\/index.php?rest_route=%2Fwp%2Fv2%2Ftags&post=26505"}],"curies":[{"name":"wp","href":"https:\/\/api.w.org\/{rel}","templated":true}]}}