{"id":26500,"date":"2010-10-12T14:10:27","date_gmt":"2010-10-12T11:10:27","guid":{"rendered":"http:\/\/www.korhanyilmaz.com\/?p=26500"},"modified":"2010-10-12T14:10:27","modified_gmt":"2010-10-12T11:10:27","slug":"adalet-basbakanin-mulku-oldu","status":"publish","type":"post","link":"http:\/\/www.korhanyilmaz.com\/?p=26500","title":{"rendered":"&#8221;Adalet Ba\u015fbakan&#8217;\u0131n M\u00fclk\u00fc Oldu&#8221;"},"content":{"rendered":"<p style=\"text-align: center;\"><a href=\"http:\/\/www.korhanyilmaz.com\/wp-content\/uploads\/2010\/10\/1131.jpg\"  class=\"lightview\"><img loading=\"lazy\" decoding=\"async\" class=\"aligncenter size-full wp-image-26501\" src=\"http:\/\/www.korhanyilmaz.com\/wp-content\/uploads\/2010\/10\/1131.jpg\" alt=\"\" width=\"331\" height=\"248\" \/><\/a><\/p>\n<p style=\"text-align: justify;\">CHP Genel Ba\u015fkan\u0131 Kemal K\u0131l\u0131\u00e7daro\u011flu partisinin grup konu\u015fmas\u0131nda g\u00fcndemdeki konular\u0131 de\u011ferlendirdi.<\/p>\n<p style=\"text-align: justify;\">CHP Genel Ba\u015fkan\u0131 Kemal K\u0131l\u0131\u00e7daro\u011flu, Ba\u015fbakan Recep Tayyip Erdo\u011fan&#8217;dan, Adalet Bakan\u0131 ile Hakim ve Savc\u0131lar Y\u00fcksek Kurulu (HSYK) aras\u0131ndaki yaz\u0131\u015fmalar\u0131 a\u00e7\u0131klamas\u0131n\u0131 isteyerek, &#8221;E\u011fer y\u00fcre\u011fi, cesareti, topluma sayg\u0131s\u0131 varsa, o yaz\u0131\u015fmalar\u0131 kamuoyuna a\u00e7\u0131klar&#8221; dedi. <!--more--><\/p>\n<p style=\"text-align: justify;\">K\u0131l\u0131\u00e7daro\u011flu, partisinin TBMM Grubunda yapt\u0131\u011f\u0131 konu\u015fmada, T\u00fcrkiye&#8217;de yarg\u0131n\u0131n kalbinin neden durdu\u011fu, HSYK \u00fcyelerinin neden istifa etti\u011finin sorulmas\u0131 gerekti\u011fini s\u00f6yledi. K\u0131l\u0131\u00e7daro\u011flu, demokrasilerde en etkili kar\u015f\u0131 \u00e7\u0131k\u0131\u015f y\u00f6ntemlerinden ve en sayg\u0131n kurumlardan birinin istifa oldu\u011funu ifade etti.<\/p>\n<p style=\"text-align: justify;\">Ba\u015fbakan Recep Tayyip Erdo\u011fan&#8217;\u0131n bug\u00fcnk\u00fc grup konu\u015fmas\u0131nda HSYK \u00fcyelerinin istifas\u0131na y\u00f6nelik, &#8221;ge\u00e7 kald\u0131lar&#8221; \u015feklindeki de\u011ferlendirmesine de\u011finen K\u0131l\u0131\u00e7daro\u011flu, &#8221;Bir Ba\u015fbakan&#8217;a yak\u0131\u015f\u0131yor mu?&#8221; diye sordu. K\u0131l\u0131\u00e7daro\u011flu, s\u00f6zlerini \u015f\u00f6yle s\u00fcrd\u00fcrd\u00fc:<\/p>\n<p style=\"text-align: justify;\">&#8221;Ni\u00e7in zaman\u0131nda istifa etmediklerini s\u00f6yl\u00fcyor? Hani yasama, y\u00fcr\u00fctme, yarg\u0131 diye g\u00fc\u00e7ler ayr\u0131l\u0131\u011f\u0131 vard\u0131? Demokrasiden nasibini almam\u0131\u015f bir Ba\u015fbakan&#8217;\u0131n s\u00f6ylemidir bu. &#8216;Elinizi kolunuzu ba\u011flayan m\u0131 vard\u0131&#8217; diyor. Bu da hukuk bilmemezli\u011fin s\u00f6ylemidir. Say\u0131n Ba\u015fbakan bilmiyor mu bakan ve m\u00fcste\u015far\u0131 kat\u0131lmad\u0131\u011f\u0131nda kurul karar alam\u0131yor? Hem hukuku hem yasay\u0131 bilmeyeceksin hem de dilin uzun olacak, halk\u0131 aldatacaks\u0131n. Hukuk bilmiyorsan, yasa bilmiyorsan, konu\u015fma. Ama ikisini de bilmeyeceksin, konu\u015facaks\u0131n. Bu sadece ve sadece cehaletin eseridir.<\/p>\n<p style=\"text-align: justify;\">Say\u0131n Ba\u015fbakan&#8217;a \u015funu s\u00f6yl\u00fcyoruz: HSYK ile Adalet Bakan\u0131 aras\u0131nda yap\u0131lan yaz\u0131\u015fmalar\u0131 a\u00e7\u0131klamas\u0131n\u0131 isteriz. B\u00fcrokrasi ellerinde, Adalet Bakan\u0131 orada, devletin ar\u015fivi orada. Ni\u00e7in istifa ettiklerini herhalde orada okuyabiliriz. E\u011fer y\u00fcre\u011fi, cesareti, topluma sayg\u0131s\u0131 varsa, o yaz\u0131\u015fmalar\u0131 kamuoyuna a\u00e7\u0131klar.&#8221;<\/p>\n<p style=\"text-align: justify;\">CHP Genel Ba\u015fkan\u0131 Kemal K\u0131l\u0131\u00e7daro\u011flu, h\u00fck\u00fcmetin \u0130\u015fsizlik Sigortas\u0131 Fonu&#8217;nda biriken paray\u0131 nereye kulland\u0131\u011f\u0131n\u0131n belli olmad\u0131\u011f\u0131n\u0131 ileri s\u00fcrerek &#8221;(Do\u011fu ve G\u00fcneydo\u011fu&#8217;ya yat\u0131r\u0131m yapaca\u011f\u0131z) diye parlamentodan izin al\u0131p 2 milyar 680 milyon liray\u0131 nereye harcad\u0131n\u0131z? Do\u011fu ve G\u00fcneydo\u011fu&#8217;nun neresine yat\u0131r\u0131m yap\u0131ld\u0131, hangi fabrikay\u0131 a\u00e7t\u0131lar? Nereye gitti bu para?&#8221; dedi.<\/p>\n<p style=\"text-align: justify;\">K\u0131l\u0131\u00e7daro\u011flu, partisinin grup toplant\u0131s\u0131nda yapt\u0131\u011f\u0131 konu\u015fmada g\u00fcndemdeki konulara ili\u015fkin de\u011ferlendirmelerde bulundu. K\u0131l\u0131\u00e7daro\u011flu, konu\u015fmas\u0131na ba\u015flamadan \u00f6nce CHP&#8217;ye kat\u0131lan Yozgat&#8217;\u0131n Sorgun \u0130l\u00e7esi Bahad\u0131n Belde Belediye Ba\u015fkan\u0131 Dilaver \u00d6zcan ve belediye meclisi \u00fcyelerini k\u00fcrs\u00fcye davet ederek, kat\u0131l\u0131mlar\u0131ndan dolay\u0131 te\u015fekk\u00fcr etti. \u00d6zcan da yapt\u0131\u011f\u0131 k\u0131sa konu\u015fmada CHP&#8217;ye kat\u0131lmaktan mutluluk duydu\u011funu ifade etti.<\/p>\n<p style=\"text-align: justify;\">Konu\u015fmas\u0131nda Isparta S\u00fcleyman Demirel \u00dcniversitesinin d\u00fcn yap\u0131lan akademik y\u0131l a\u00e7\u0131l\u0131\u015f t\u00f6renine kat\u0131ld\u0131\u011f\u0131n\u0131 hat\u0131rlatan K\u0131l\u0131\u00e7daro\u011flu, \u00fcniversitelerin bir kentin ya\u015fam\u0131nda ne kadar b\u00fcy\u00fck bir \u00f6neme sahip oldu\u011funu bir kez daha g\u00f6zlemleme \u015fans\u0131 buldu\u011funu aktard\u0131. \u00dcniversitelerin \u00fclkelerin sesi oldu\u011funu, \u00e7a\u011fda\u015fl\u0131\u011f\u0131 ve \u00f6zg\u00fcrl\u00fc\u011f\u00fc getirdi\u011fini herkesin kabul etmesi gerekti\u011fini vurgulayan K\u0131l\u0131\u00e7daro\u011flu, gen\u00e7lerden \u00fclkelerine bir katk\u0131da bulunmak istiyorlarsa okul s\u0131ralar\u0131ndan itibaren soru sormalar\u0131n\u0131 ve ya\u015fananlar\u0131 sorgulamalar\u0131n\u0131 istedi\u011fini s\u00f6yledi.<\/p>\n<p style=\"text-align: justify;\">K\u0131l\u0131\u00e7daro\u011flu, \u015f\u00f6yle konu\u015ftu:<\/p>\n<p style=\"text-align: justify;\">&#8221;Hayat\u0131 sorgulayacaks\u0131n\u0131z ki ni\u00e7in yurt sorunu bu \u00fclkede hala \u00e7\u00f6z\u00fcmlenememi\u015ftir? Hayat\u0131 sorgulayacaks\u0131n\u0131z ki bilimin \u00f6n\u00fcndeki engeller nelerdir ve bu engelleri getirenler kimlerdir? Hayat\u0131 sorgulayacaks\u0131n\u0131z ki neden \u00fcniversiteler \u00f6zerk de\u011fildir? Neden bilimsel, y\u00f6netsel, mali \u00f6zerkli\u011fi yok? \u00d6zerkli\u011fi olmayan bir \u00fcniversitenin gelece\u011fe g\u00fcvenle bakan bir \u00fclkeyi in\u015fa eden temel ta\u015flar\u0131ndan birisinin eksik oldu\u011funu hepimizin kabul etmesi gerekir. Sorgulayacaks\u0131n\u0131z ki neden daha d\u00fcne kadar Y\u00d6K&#8217;\u00fc yerden yere vuranlar bug\u00fcn Y\u00d6K&#8217;\u00fcn arkas\u0131na s\u0131\u011f\u0131nm\u0131\u015f ve Y\u00d6K&#8217;\u00fc ellerinde bir sopa gibi \u00fcniversitelerin \u00fczerinde kullan\u0131yorlar. Bunu sa\u011fl\u0131kl\u0131 sorgulama ile \u00f6\u011frenebiliriz. Ve yine sa\u011fl\u0131kl\u0131 sorgulayaca\u011f\u0131z ki &#8217;12 Eyl\u00fcl darbesi&#8217; deyip, &#8217;12 Eyl\u00fclc\u00fclerden hesap soraca\u011f\u0131z&#8217; deyip yarg\u0131y\u0131 ele ge\u00e7irenlerin bug\u00fcn yarg\u0131y\u0131 hangi noktaya getirdiklerini sorgulayabilelim. En masum talep &#8216;paras\u0131z e\u011fitim istiyoruz&#8217; diyenlerin a\u011f\u0131zlar\u0131 kapat\u0131larak salondan d\u0131\u015far\u0131 at\u0131lmalar\u0131n\u0131n gerek\u00e7esini ancak sa\u011fl\u0131kl\u0131 sorgulama ile \u00f6\u011frenebiliriz.&#8221;<\/p>\n<p style=\"text-align: justify;\"><strong>&#8216;KORKMAYIN, \u00c7EK\u0130NMEY\u0130N&#8230;&#8221; <\/strong><\/p>\n<p style=\"text-align: justify;\">Eski\u015fehir Osmangazi \u00dcniversitesi&#8217;nden bir \u00f6\u011frencinin kendisine &#8221;Ben 60 ki\u015filik bir ko\u011fu\u015fta yat\u0131yorum \u00fcniversiteyi okumak i\u00e7in&#8221; dedi\u011fini aktaran K\u0131l\u0131\u00e7daro\u011flu, &#8221;Acaba bunu Say\u0131n Ba\u015fbakan, Say\u0131n Milli E\u011fitim Bakan\u0131 biliyor mu? Bizim \u00f6\u011frenci olarak okudu\u011fumuz y\u0131llarda dahi 60 ki\u015filik yurt ko\u011fu\u015fu yoktu. T\u00fcrkiye&#8217;nin geldi\u011fi noktaya bak\u0131n\u0131z. Say\u0131n Ba\u015fbakan&#8217;a g\u00f6re T\u00fcrkiye kalk\u0131n\u0131yor, \u00e7a\u011f atl\u0131yor, T\u00fcrkiye&#8217;de m\u00fcthi\u015f de\u011fi\u015fiklikler oluyor. Say\u0131n Ba\u015fbakan senin sayende \u00f6\u011frenciler art\u0131k 60 ki\u015filik ko\u011fu\u015fta kal\u0131yor. Bu mudur T\u00fcrkiye&#8217;yi \u00e7a\u011fda\u015fla\u015ft\u0131rmak?&#8221; diye konu\u015ftu.<\/p>\n<p style=\"text-align: justify;\">Gen\u00e7lere &#8221;korkmay\u0131n, \u00e7ekinmeyin, \u00f6zg\u00fcr olun, d\u00fc\u015f\u00fcncelerinizi \u00f6zg\u00fcrce dile getirin&#8221; diye seslenen K\u0131l\u0131\u00e7daro\u011flu, CHP&#8217;nin her zaman gen\u00e7lerin arkas\u0131nda olaca\u011f\u0131n\u0131 s\u00f6yledi. &#8221;Hi\u00e7 kimse bu \u00fclkede sahipsiz kalmayacak, ba\u015fta gen\u00e7ler&#8221; diyen K\u0131l\u0131\u00e7daro\u011flu, gen\u00e7leri kucaklayacaklar\u0131n\u0131 ve sorunlar\u0131na \u00e7\u00f6z\u00fcm bulacaklar\u0131n\u0131 bildirdi. K\u0131l\u0131\u00e7daro\u011flu gen\u00e7lere y\u0131llarca bask\u0131 yap\u0131ld\u0131\u011f\u0131n\u0131 ve \u00fclke sorunlar\u0131ndan uzak tutulmaya \u00e7al\u0131\u015f\u0131ld\u0131\u011f\u0131n\u0131 ileri s\u00fcrerek, bug\u00fcn ise gen\u00e7lerin daha duyarl\u0131 hale geldi\u011fini savundu.<\/p>\n<p style=\"text-align: justify;\">K\u0131l\u0131\u00e7daro\u011flu, gen\u00e7lerin en \u00f6nemli sorunlar\u0131ndan birinin i\u015fsizlik oldu\u011funu, h\u00fck\u00fcmetin ise bu soruna duyars\u0131z kald\u0131\u011f\u0131n\u0131 ifade ederek, &#8221;Her 5 gen\u00e7ten birinin i\u015fsiz oldu\u011fu bir T\u00fcrkiye&#8217;de ya\u015f\u0131yoruz. Acaba bu iktidar 8 y\u0131ld\u0131r i\u015fsizlik konusunda ne yapt\u0131?&#8221; diye sordu. H\u00fck\u00fcmetin \u0130\u015fsizlik Sigortas\u0131 Fonu&#8217;ndaki paralar\u0131 ba\u015fka yerlerde kulland\u0131\u011f\u0131n\u0131 da iddia eden K\u0131l\u0131\u00e7daro\u011flu, \u015f\u00f6yle devam etti:<\/p>\n<p style=\"text-align: justify;\">&#8221;Parlamentoya getirirken de &#8216;biz Do\u011fu ve G\u00fcneydo\u011fu&#8217;ya yat\u0131r\u0131m yapaca\u011f\u0131z, onun i\u00e7in bu paralar\u0131 istiyoruz&#8217; dedi. Ama sonra kaz\u0131n aya\u011f\u0131n\u0131n \u00f6yle olmad\u0131\u011f\u0131 ortaya \u00e7\u0131kt\u0131. Parlamentoyu da kand\u0131rd\u0131lar. Yanl\u0131\u015f bilgi verdiler. Getirdikleri yasalar\u0131n gerek\u00e7esi de yanl\u0131\u015ft\u0131. O paralar\u0131 g\u00f6t\u00fcrd\u00fcler ba\u015fka yerlerde kulland\u0131lar. Merak ediyorum, &#8216;Do\u011fu ve G\u00fcneydo\u011fu&#8217;ya yat\u0131r\u0131m yapaca\u011f\u0131z&#8217; diye parlamentodan izin al\u0131p 2 milyar 680 milyon liray\u0131 nereye harcad\u0131n\u0131z? Do\u011fu ve G\u00fcneydo\u011fu&#8217;nun neresine yat\u0131r\u0131m yap\u0131ld\u0131, hangi fabrikay\u0131 a\u00e7t\u0131lar? Nereye gitti bu para?&#8221;<\/p>\n<p style=\"text-align: justify;\"><strong>&#8221;V\u0130CDANI OLAN BU TABLOYU G\u00d6RMEZL\u0130KTEN GELEMEZ&#8221; <\/strong><\/p>\n<p style=\"text-align: justify;\">Konu\u015fmas\u0131nda kendilerine ula\u015fan bir mektubu da okuyan K\u0131l\u0131\u00e7daro\u011flu, mektubu yazan ki\u015finin s\u00f6zle\u015fmeli s\u0131n\u0131f \u00f6\u011fretmeni olarak \u00e7al\u0131\u015f\u0131rken kan kanserine yakaland\u0131\u011f\u0131n\u0131 ve tedavisi s\u0131ras\u0131nda 30 g\u00fcnden fazla rapor kulland\u0131\u011f\u0131 i\u00e7in s\u00f6zle\u015fmesinin feshedildi\u011fini aktard\u0131. Sekiz ki\u015filik bir aileye bakmakla y\u00fck\u00fcml\u00fc ve maa\u015f\u0131 kesilece\u011fi i\u00e7in tedavisine devam edemeyecek olan bu ki\u015finin ya\u015fad\u0131\u011f\u0131 dram\u0131n T\u00fcrkiye&#8217;nin i\u00e7inde bulundu\u011fu ko\u015fullar\u0131 g\u00f6sterdi\u011fini ifade eden K\u0131l\u0131\u00e7daro\u011flu, &#8221;Ba\u015f\u0131m\u0131z\u0131n \u00fcst\u00fcnde ta\u015f\u0131mam\u0131z gereken bir \u00f6\u011fretmene bu tabloyu nas\u0131l reva g\u00f6rebiliriz. Bunu yapan iktidar acaba bunlar\u0131 duyuyor mu? Vicdan\u0131 olan y\u00fcre\u011finde bir par\u00e7a insan sevgisi olan bir siyasal yap\u0131 tabloyu nas\u0131l g\u00f6rmezlikten gelebilir?&#8221; diye konu\u015ftu.<\/p>\n<p style=\"text-align: justify;\">Bu durumun sosyal devletin \u00f6nemini bir kez daha g\u00f6zler \u00f6n\u00fcne serdi\u011fini vurgulayan K\u0131l\u0131\u00e7daro\u011flu, milletvekillerinden her yerde ve ortamda sosyal devletin ne oldu\u011funu anlatmalar\u0131n\u0131 istedi.<\/p>\n<p style=\"text-align: justify;\">K\u0131l\u0131\u00e7daro\u011flu, &#8221;Bu tablo sosyal devlet tablosu de\u011fildir, sosyal hukuk devleti olmad\u0131\u011f\u0131m\u0131z\u0131n kan\u0131t\u0131d\u0131r. Bir \u00f6\u011fretmeni \u00f6l\u00fcme mahkum etmek&#8230; S\u00f6zle\u015fme&#8230; B\u00f6yle s\u00f6zle\u015fmeyi kim yap\u0131yor, T\u00fcrkiye Cumhuriyeti&#8217;nin Milli E\u011fitim Bakanl\u0131\u011f\u0131 yap\u0131yor. Bu tablo bizim y\u00fcre\u011fimizde as\u0131l\u0131d\u0131r. Bu karde\u015fimiz merak etmesin, biz sahip \u00e7\u0131kaca\u011f\u0131z Ama bizim iste\u011fimiz bir siyasal partinin \u00f6tesinde sosyal devlet dedi\u011fimiz kurumun sahip \u00e7\u0131kmas\u0131d\u0131r. E\u011fer kurum sahip \u00e7\u0131karsa, sosyal devlet i\u015flevini yerine getirirse bu \u00fclkede hak araman\u0131n ne demek oldu\u011funu hep beraber \u00f6\u011frenmi\u015f oluruz. Bu tablo bizim a\u00e7\u0131m\u0131zdan bir utan\u00e7 tablosudur&#8221; \u015feklinde konu\u015ftu.<\/p>\n<p style=\"text-align: justify;\">CHP Genel Ba\u015fkan\u0131 Kemal K\u0131l\u0131\u00e7daro\u011flu, &#8221;Say\u0131n Ba\u015fbakan, &#8216;Adalet m\u00fclk\u00fcn temelidir&#8217; s\u00f6z\u00fcndeki m\u00fclk\u00fc kendi m\u00fclk\u00fc anl\u0131yor. Kendi m\u00fclk\u00fc haline getirdi\u011fi adalet, bug\u00fcn T\u00fcrkiye&#8217;de ne sonu\u00e7lar do\u011furuyor&#8221; dedi.<\/p>\n<p style=\"text-align: justify;\">K\u0131l\u0131\u00e7daro\u011flu, partisinin TBMM Grubunda, yarg\u0131da ya\u015fanan geli\u015fmeleri de\u011ferlendirdi.<\/p>\n<p style=\"text-align: justify;\">Yarg\u0131\u00e7 k\u00fcrs\u00fcs\u00fcn\u00fcn arkas\u0131nda &#8221;Adalet m\u00fclk\u00fcn temelidir&#8221; s\u00f6z\u00fcn\u00fcn yaz\u0131l\u0131 oldu\u011funu, &#8221;m\u00fclk\u00fcn&#8221; devlet anlam\u0131na geldi\u011fini belirten K\u0131l\u0131\u00e7daro\u011flu, &#8221;\u00d6yle anla\u015f\u0131l\u0131yor ki oradaki m\u00fclk s\u00f6zc\u00fc\u011f\u00fcn\u00fc Say\u0131n Ba\u015fbakan kendi m\u00fclk\u00fc anl\u0131yor. &#8216;Benim m\u00fclk\u00fcmd\u00fcr&#8217; diyor. Kendi m\u00fclk\u00fc haline getirdi\u011fi adalet, bug\u00fcn T\u00fcrkiye&#8217;de ne sonu\u00e7lar do\u011furuyor&#8221; dedi.<\/p>\n<p style=\"text-align: justify;\">K\u0131l\u0131\u00e7daro\u011flu, tutuklu say\u0131s\u0131n\u0131n mahkum say\u0131s\u0131ndan fazla oldu\u011funu belirterek, tutuklulu\u011fun uzun s\u00fcrmesinin infaza d\u00f6n\u00fc\u015ft\u00fc\u011f\u00fcn\u00fc dile getirdi. CHP lideri, &#8221;Nas\u0131l bir adalet, hukuk sistemidir ki yarg\u0131\u00e7lar\u0131n, savc\u0131lar\u0131n telefonlar\u0131 yasa d\u0131\u015f\u0131 dinlenir, yasa d\u0131\u015f\u0131 dinlenen bu telefonlar\u0131 Say\u0131n Ba\u015fbakan k\u00fcrs\u00fclere \u00e7\u0131k\u0131p konu\u015fma malzemesi yapar, Say\u0131n Ba\u015fbakan&#8217;\u0131n konu\u015fmalar\u0131 yasa d\u0131\u015f\u0131 dinlendi\u011finde onlar\u0131 yay\u0131nlayanlar, kendilerini ertesi g\u00fcn Silivri&#8217;de hapishanede bulurlar, ki\u015filerin \u00f6zel ya\u015famlar\u0131yla ilgili hi\u00e7bir \u015fey gizli kalmaz? Onlar bir \u015fekilde iktidara d\u00fczenli olarak servis edilir&#8221; diye konu\u015ftu.<\/p>\n<p style=\"text-align: justify;\">Ki\u015filerin dokunulmazl\u0131\u011f\u0131n\u0131n bulunmad\u0131\u011f\u0131n\u0131 \u00f6ne s\u00fcren K\u0131l\u0131\u00e7daro\u011flu, s\u00f6zlerini, &#8221;Bu mu demokrasi, hukuk devleti? E\u011fer T\u00fcrkiye&#8217;de eksen kaymas\u0131 tart\u0131\u015fmas\u0131 ba\u015flayacaksa, o eksen kaymas\u0131 tart\u0131\u015fmas\u0131 yarg\u0131 s\u00fcreciyle ba\u015flayacakt\u0131r. Yarg\u0131 bizim belki de kontrol edemeyece\u011fimiz, belki de sa\u011fl\u0131kl\u0131 bak\u0131p da olgunla\u015ft\u0131ramayaca\u011f\u0131m\u0131z birilerinin g\u00fcd\u00fcm\u00fcnde farkl\u0131 bir s\u00fcrecin i\u00e7ine \u00e7ekilecektir&#8221; diye s\u00fcrd\u00fcrd\u00fc.<\/p>\n<p style=\"text-align: justify;\"><strong>&#8221;HUKUKTA, DEMOKRAS\u0130DE, AHLAKTA YER\u0130 YOK&#8221; <\/strong><\/p>\n<p style=\"text-align: justify;\">Siyasal partilerde kad\u0131n, gen\u00e7lik, esnaf gibi de\u011fi\u015fik kollar\u0131n bulundu\u011funa i\u015faret eden K\u0131l\u0131\u00e7daro\u011flu, &#8221;Herhalde anayasa de\u011fi\u015fikli\u011finden sonra AKP&#8217;nin de bir yarg\u0131 kollar\u0131 olacak, kad\u0131n ve gen\u00e7lik kollar\u0131ndan sonra&#8221; g\u00f6r\u00fc\u015f\u00fcn\u00fc savundu.<\/p>\n<p style=\"text-align: justify;\">Bunun a\u011f\u0131r bir su\u00e7lama olaca\u011f\u0131n\u0131n s\u00f6ylenebilece\u011fini belirten K\u0131l\u0131\u00e7daro\u011flu, s\u00f6zlerini \u015f\u00f6yle s\u00fcrd\u00fcrd\u00fc:<\/p>\n<p style=\"text-align: justify;\">&#8221;A\u011f\u0131r bir su\u00e7lama de\u011fil. \u0130ki somut \u00f6rnek var: Anayasa Mahkemesine \u00fcye se\u00e7eceksiniz, \u00f6nce \u00fcyeyi &#8216;\u015eu ki\u015fi olsun&#8217; diye belirliyorsunuz. O ki\u015finin ko\u015fullar\u0131 uymuyorsa, o ki\u015finin ko\u015fullar\u0131na uygun alan yarat\u0131yor iktidar. Bir ki\u015fiyi buldular, \u00fcst d\u00fczey b\u00fcrokraside \u00e7al\u0131\u015fmad\u0131\u011f\u0131 i\u00e7in Denizcilik M\u00fcste\u015farl\u0131\u011f\u0131nda M\u00fcste\u015far Yard\u0131mc\u0131s\u0131 koltu\u011funu verdiler. 1 ay g\u00f6rev yapt\u0131ktan sonra Anayasa Mahkemesi \u00fcyeli\u011fine ta\u015f\u0131d\u0131lar. \u0130kinci \u00f6rnek TBMM Genel Kurulu&#8217;nda ya\u015fand\u0131. Bir \u00fcye buluyorlar yine, ko\u015fullar\u0131 tutmuyor, ya\u015f\u0131 45&#8217;i bulmuyor. Haz\u0131rlad\u0131klar\u0131 anayasa de\u011fi\u015fikli\u011finin ne kadar sorunlarla dolu oldu\u011funu o Genel Kurulda herkes g\u00f6rd\u00fc. \u0130lahi adalete bak\u0131n, se\u00e7im yap\u0131l\u0131yor ikinci turda iki \u00fcye birer oy al\u0131yor. \u015eimdi kim \u00fc\u00e7\u00fcnc\u00fc tura kalacak? MHP&#8217;li Meclis Ba\u015fkanvekili ayr\u0131l\u0131yor k\u00fcrs\u00fcden yerine AKP&#8217;li Meclis Ba\u015fkanvekili geliyor, olay\u0131 kendi bildi\u011fi \u015fekilde \u00e7\u00f6z\u00fcyor. Siz buna demokrasi, hukuk diyorsunuz de\u011fil mi? Bunun ne hukuk ne demokrasi ne de ahlakta yeri yoktur. AKP&#8217;nin T\u00fcrkiye&#8217;yi getirdi\u011fi nokta budur.&#8221;<\/p>\n<p style=\"text-align: justify;\"><strong>&#8221;CUMHURBA\u015eKANI&#8217;NA G\u00d6REV D\u00dc\u015e\u00dcYOR&#8221; <\/strong><\/p>\n<p style=\"text-align: justify;\">Bu s\u00fcre\u00e7te Cumhurba\u015fkan\u0131 Abdullah G\u00fcl&#8217;e b\u00fcy\u00fck g\u00f6rev d\u00fc\u015ft\u00fc\u011f\u00fcn\u00fc vurgulayan CHP lideri, G\u00fcl&#8217;\u00fcn, T\u00fcrkiye&#8217;nin, 70 milyonun cumhurba\u015fkan\u0131 olmak istiyorsa, herkesin duyarl\u0131l\u0131\u011f\u0131n\u0131 dikkate almas\u0131 gerekti\u011fini s\u00f6yledi.<\/p>\n<p style=\"text-align: justify;\">K\u0131l\u0131\u00e7daro\u011flu, h\u00fclleyle Anayasa Mahkemesine \u00fcye tayin etmenin, hi\u00e7 kimseye yak\u0131\u015fmayaca\u011f\u0131n\u0131 dile getirerek, s\u00f6zlerini, &#8221;O Anayasa Mahkemesi, e\u011fer anayasayla ilgili karar verecekse, anayasaya ayk\u0131r\u0131l\u0131klar\u0131 saptayacaksa, temel g\u00f6revlerden birisi Cumhurba\u015fkan\u0131&#8217;na d\u00fc\u015fmekte. Say\u0131n Cumhurba\u015fkan\u0131, Anayasa Mahkemesine \u00fcye atarken, toplumun ama herkesimin duyarl\u0131l\u0131klar\u0131n\u0131 dikkate almak zorundad\u0131r. Adaletin kantar\u0131 bozulursa, o kantar bir g\u00fcn gelir o adaleti bozanlar\u0131 da tartar. Adalet m\u00fclk\u00fcn temeliyse, adalet kamunun vicdan\u0131d\u0131r. Yap\u0131lan i\u015flemlerden kamu vicdan\u0131 rahats\u0131zsa orada adalet yoktur&#8221; diye tamamlad\u0131.<\/p>\n<p style=\"text-align: justify;\">CHP Genel Ba\u015fkan\u0131 Kemal K\u0131l\u0131\u00e7daro\u011flu, emekli ayl\u0131klar\u0131na yap\u0131lan zamm\u0131n yetersiz oldu\u011funu \u00f6ne s\u00fcrd\u00fc. &#8221;S\u00f6ylem ile verilen ger\u00e7ek zam aras\u0131nda fark var&#8221; diyen K\u0131l\u0131\u00e7daro\u011flu, emeklilerin ayl\u0131klar\u0131n\u0131 ald\u0131klar\u0131nda bunu g\u00f6rece\u011fini s\u00f6yledi.<\/p>\n<p style=\"text-align: justify;\">K\u0131l\u0131\u00e7daro\u011flu, partisinin grup toplant\u0131s\u0131nda yapt\u0131\u011f\u0131 konu\u015fmada, tar\u0131mda kendi kendine yeten 7 \u00fclkeden biri olan T\u00fcrkiye&#8217;nin, bu \u00f6zelli\u011fini kaybetti\u011fini, &#8221;besicili\u011fin \u00f6ld\u00fcr\u00fcld\u00fc\u011f\u00fcn\u00fc&#8221;, 25 y\u0131ld\u0131r ilk kez donmu\u015f et ithalat\u0131 yap\u0131ld\u0131\u011f\u0131n\u0131, s\u00fct tozu ve tereya\u011f\u0131 ithalat\u0131n\u0131n ba\u015flayaca\u011f\u0131n\u0131 ifade etti.<\/p>\n<p style=\"text-align: justify;\">K\u0131l\u0131\u00e7daro\u011flu, &#8221;\u00c7ift\u00e7i, besici karde\u015fime s\u00f6yl\u00fcyorum: Oy verdi\u011fin AKP&#8217;nin ger\u00e7ek y\u00fcz\u00fcn\u00fc g\u00f6r. Senin al\u0131n terini s\u00f6m\u00fcr\u00fcr. Oy verdi\u011fin s\u00fcrece seni daha da zor duruma sokacakt\u0131r&#8221; diye konu\u015ftu.<\/p>\n<p style=\"text-align: justify;\">Mevcut iktidar d\u00f6neminde b\u00fcy\u00fckba\u015f ve k\u00fc\u00e7\u00fckba\u015f hayvan say\u0131s\u0131nda 4.5 milyon azalma meydana geldi\u011fini belirten K\u0131l\u0131\u00e7daro\u011flu, &#8221;Bir Avrupal\u0131 y\u0131lda 75 kilo k\u0131rm\u0131z\u0131 et t\u00fcketiyor. T\u00fcrkiye&#8217;de 6 kilo t\u00fcketiliyor. Bizim insanlar\u0131m\u0131z et yemesini bilmiyor mu? Biliyor. Ama nas\u0131l alacak? Sorun orada. Onun i\u00e7in besiciye de \u00e7ift\u00e7iye de sesleniyorum: AKP&#8217;ye g\u00fcvenmeyin. Onun derdi sizin sorununuz \u00e7\u00f6zmek de\u011fil&#8221; dedi.<\/p>\n<p style=\"text-align: justify;\">K\u0131l\u0131\u00e7daro\u011flu, T\u00fcrkiye&#8217;de d\u00fcnyan\u0131n en pahal\u0131 etinin t\u00fcketildi\u011fini ifade ederek, &#8221;Bize lay\u0131k g\u00f6rd\u00fckleri budur. Kendi kendine yeten bir \u00fclkede d\u00fcnyan\u0131n en pahal\u0131 etini yediriyorsunuz&#8221; diye konu\u015ftu.<\/p>\n<p style=\"text-align: justify;\">Et ve Bal\u0131k Kurumunun internet sitesinde yay\u0131mland\u0131\u011f\u0131n\u0131 belirtti\u011fi bir mesaj\u0131 okuyan K\u0131l\u0131\u00e7daro\u011flu, yurtd\u0131\u015f\u0131ndan g\u00f6nderilen mesajda, sat\u0131\u015f\u0131nda s\u0131k\u0131nt\u0131 \u00e7ekilen hayvanlar sat\u0131n al\u0131nd\u0131\u011f\u0131 i\u00e7in te\u015fekk\u00fcr edildi\u011fini s\u00f6yledi.<\/p>\n<p style=\"text-align: justify;\">CHP Genel Ba\u015fkan\u0131 K\u0131l\u0131\u00e7daro\u011flu, &#8221;Sat\u0131\u015f\u0131nda s\u0131k\u0131nt\u0131 \u00e7ekilen hayvanlar\u0131 al\u0131yoruz, bizim \u00e7ift\u00e7imiz de orada duruyor. Peri\u015fan vaziyette. \u00c7ift\u00e7imiz AKP h\u00fck\u00fcmetinin kime hizmet etti\u011fini g\u00f6rs\u00fcn&#8221; diye konu\u015ftu.<\/p>\n<p style=\"text-align: justify;\">\u00c7ift\u00e7inin sorununu \u00e7\u00f6zecek olan\u0131n CHP oldu\u011funu belirten K\u0131l\u0131\u00e7daro\u011flu, &#8221;\u00c7\u00fcnk\u00fc, biz diyoruz ki \u00f6nce bizim insan\u0131m\u0131z kazanacak. A\u00e7 ve a\u00e7\u0131kta kimse kalmayacak&#8221; dedi.<\/p>\n<p style=\"text-align: justify;\">Yasada \u00f6ng\u00f6r\u00fclen s\u00fcreden yakla\u015f\u0131k 5 ay sonra orta vadeli program, 4 ay sonra da orta vadeli mali plan\u0131n a\u00e7\u0131kland\u0131\u011f\u0131n\u0131 belirten K\u0131l\u0131\u00e7daro\u011flu, borsan\u0131n iyi gitti\u011fini ancak yabanc\u0131lar\u0131n kazand\u0131\u011f\u0131n\u0131 s\u00f6yledi. K\u0131l\u0131\u00e7daro\u011flu, &#8221;Bu \u00fclkenin \u00e7ift\u00e7isi, emeklisi, i\u015f\u00e7isi bu i\u015ften hi\u00e7bir \u015fey kazanm\u0131yor. Cari a\u00e7\u0131k alm\u0131\u015f ba\u015f\u0131n\u0131 gidiyor. \u0130\u015fsizlik bir cenaze gibi ortada duruyor. Kald\u0131ran yok&#8221; diye konu\u015ftu.<\/p>\n<p style=\"text-align: justify;\">T\u00fcrkiye&#8217;ye bir milyon dolar s\u0131cak para getiren bir yabanc\u0131n\u0131n bir ayda 56 bin dolar kazand\u0131\u011f\u0131n\u0131 ifade eden K\u0131l\u0131\u00e7daro\u011flu, yabanc\u0131lar\u0131n yabanc\u0131 bankalardan kredi alarak bu paray\u0131 kazand\u0131\u011f\u0131n\u0131 kaydetti. K\u0131l\u0131\u00e7daro\u011flu, &#8221;Bu ekonomi politikas\u0131 kime hizmet ediyor?&#8221; diye sordu.<\/p>\n<p style=\"text-align: justify;\"><strong>&#8221;MASKES\u0130N\u0130 \u0130ND\u0130RECE\u011e\u0130M&#8221; <\/strong><\/p>\n<p style=\"text-align: justify;\">Ba\u015fbakan Recep Tayyip Erdo\u011fan&#8217;\u0131n bug\u00fcn a\u00e7\u0131klad\u0131\u011f\u0131 emekli ayl\u0131klar\u0131na zam konusunda de\u011ferlendirmelerde de bulunan CHP Lideri, &#8221;s\u00f6ylem ile verilen ger\u00e7ek zam aras\u0131nda fark oldu\u011funu&#8221; \u00f6ne s\u00fcrd\u00fc.<\/p>\n<p style=\"text-align: justify;\">K\u0131l\u0131\u00e7daro\u011flu, \u00f6zetle \u015fu g\u00f6r\u00fc\u015fleri dile getirdi:<\/p>\n<p style=\"text-align: justify;\">&#8221;Sanki birinci ve ikinci yar\u0131y\u0131l 60&#8217;ar lira zam verilecekmi\u015f gibi. Yok b\u00f6yle bir \u015fey. Yap\u0131lan zam yetersiz. Say\u0131n Ba\u015fbakan diyor ki ana muhalefet partisi lideri emeklilere a\u00e7\u0131klama yaparken istismar ediyor. Yine do\u011frular\u0131 s\u00f6ylemiyor. Emeklilere do\u011fruyu s\u00f6yl\u00fcyoruz Say\u0131n Ba\u015fbakan, sen rahats\u0131z oluyorsun. Benim soruma hala yan\u0131t vermi\u015f de\u011fil. Say\u0131n Ba\u015fbakan, sen \u00fclkede yarat\u0131lan katma de\u011ferden emekliye pay veriyor musun vermiyor musun? Bu soruyu anlayamayacak d\u00fczeyde de de\u011filsin. Gayet iyi de anl\u0131yorsun. Niye yan\u0131t vermiyorsun? Emekliyi kand\u0131racaks\u0131n, emeklinin s\u0131rt\u0131na bineceksin, sonra d\u00f6n\u00fcp diyeceksin, emekliye zam yapt\u0131m. Emekli hakk\u0131n\u0131 alamad\u0131. Emekli ayl\u0131\u011f\u0131n\u0131 ald\u0131\u011f\u0131nda bunu g\u00f6recek.<\/p>\n<p style=\"text-align: justify;\">Ete bir y\u0131lda yap\u0131lan zam y\u00fczde 43. Tabii Say\u0131n Ba\u015fbakan \u015f\u00f6yle d\u00fc\u015f\u00fcn\u00fcyor, nas\u0131l olsa emekli et yemiyor, 43 olmu\u015f, 53 olmu\u015f ne fark eder. G\u0131daya y\u00fczde 28 zam geldi. Emekliyi kand\u0131rmayal\u0131m. Emekliyi kand\u0131rmas\u0131na izin vermeyece\u011fiz. Onun maskesini indirece\u011fim. B\u00fct\u00fcn emeklilere anlataca\u011f\u0131m. 9 milyon emekli var. Gidecekler ayl\u0131klar\u0131n\u0131 alacaklar, ellerine ne ge\u00e7ti\u011fini g\u00f6recekler.&#8221;<\/p>\n<p style=\"text-align: justify;\">&#8221;Ba\u015fbakan\u0131n, kimseyi aldatmaya kalkmamas\u0131 gerekti\u011fini&#8221; belirten K\u0131l\u0131\u00e7daro\u011flu, &#8221;Ba\u015fbakan cilalamas\u0131n\u0131 \u00e7ok iyi biliyor. All\u0131yor, pulluyor satmaya kalk\u0131yor. Halka gidece\u011fiz, onun tezgah\u0131n\u0131 bozaca\u011f\u0131z&#8221; dedi.<\/p>\n<p style=\"text-align: justify;\"><strong>&#8221;EN B\u00dcY\u00dcK ZARARI G\u00d6REN KADINLARIMIZDIR&#8221; <\/strong><\/p>\n<p style=\"text-align: justify;\">D\u00fcnya Bankas\u0131n\u0131n kad\u0131n n\u00fcfusun i\u015f g\u00fcc\u00fcne kat\u0131l\u0131m oranlar\u0131na ili\u015fkin 2008 raporuna g\u00f6re T\u00fcrkiye&#8217;nin Cezayir, Bahreyn, \u0130ran, Fas, Birle\u015fik Arap Emirlikleri&#8217;nin de gerisinde oldu\u011funu ifade eden K\u0131l\u0131\u00e7daro\u011flu, &#8221;B\u00fct\u00fcn kad\u0131n karde\u015flerimin dikkatle bakmas\u0131 gereken bir tablodur. AKP&#8217;nin izledi\u011fi politikadan en b\u00fcy\u00fck zarar\u0131 g\u00f6ren kad\u0131nlar\u0131m\u0131zd\u0131r&#8221; dedi.<\/p>\n<p style=\"text-align: justify;\">Konu\u015fmas\u0131n\u0131n ard\u0131ndan, daha \u00f6nce ziyaret etti\u011fi Kocaeli&#8217;nin baz\u0131 k\u00f6ylerinden gelen gen\u00e7 k\u0131zlar K\u0131l\u0131\u00e7daro\u011flu&#8217;na \u00e7i\u00e7ek sundular.<\/p>\n<p style=\"text-align: justify;\"><strong>29 EK\u0130M RESEPS\u0130YONU <\/strong><\/p>\n<p style=\"text-align: justify;\">K\u0131l\u0131\u00e7daro\u011flu, salondan ayr\u0131l\u0131rken de, bir gazetecinin, &#8221;Say\u0131n Cumhurba\u015fkan\u0131 29 Ekim&#8217;de verece\u011fi resepsiyon say\u0131s\u0131n\u0131 teke indirdi. Nas\u0131l de\u011ferlendiriyorsunuz?&#8221; sorusu \u00fczerine, &#8216;Bizi ilgilendirmiyor. Ay\u0131ran da birle\u015ftiren de biz de\u011filiz&#8221; dedi.<\/p>\n<p style=\"text-align: justify;\">Ayn\u0131 gazetecinin, &#8221;Gider misiniz?&#8221; sorusuna ise K\u0131l\u0131\u00e7daro\u011flu, &#8221;Bakaca\u011f\u0131z&#8221; yan\u0131t\u0131n\u0131 verdi.<\/p>\n<p style=\"text-align: justify;\"><a href=\"http:\/\/www.gazeteport.com.tr\/SIYASET\/NEWS\/GP_779864\" target=\"_blank\"><span style=\"color: #888888;\">Kaynak : GAZETEPORT<\/span><\/a><\/p>\n","protected":false},"excerpt":{"rendered":"<p style=\"text-align: center;\">\n<p style=\"text-align: justify;\">CHP Genel Ba\u015fkan\u0131 Kemal K\u0131l\u0131\u00e7daro\u011flu partisinin grup konu\u015fmas\u0131nda g\u00fcndemdeki konular\u0131 de\u011ferlendirdi.<\/p>\n<p style=\"text-align: justify;\">CHP Genel Ba\u015fkan\u0131 Kemal K\u0131l\u0131\u00e7daro\u011flu, Ba\u015fbakan Recep Tayyip Erdo\u011fan&#8217;dan, Adalet Bakan\u0131 ile Hakim ve Savc\u0131lar Y\u00fcksek Kurulu (HSYK) aras\u0131ndaki yaz\u0131\u015fmalar\u0131 a\u00e7\u0131klamas\u0131n\u0131 isteyerek, &#8221;E\u011fer y\u00fcre\u011fi, cesareti, topluma sayg\u0131s\u0131 varsa, o yaz\u0131\u015fmalar\u0131 kamuoyuna a\u00e7\u0131klar&#8221; dedi. <\/p>\n","protected":false},"author":1,"featured_media":0,"comment_status":"open","ping_status":"closed","sticky":false,"template":"","format":"standard","meta":{"footnotes":""},"categories":[105],"tags":[],"class_list":["post-26500","post","type-post","status-publish","format-standard","hentry","category-gundem","odd"],"_links":{"self":[{"href":"http:\/\/www.korhanyilmaz.com\/index.php?rest_route=\/wp\/v2\/posts\/26500","targetHints":{"allow":["GET"]}}],"collection":[{"href":"http:\/\/www.korhanyilmaz.com\/index.php?rest_route=\/wp\/v2\/posts"}],"about":[{"href":"http:\/\/www.korhanyilmaz.com\/index.php?rest_route=\/wp\/v2\/types\/post"}],"author":[{"embeddable":true,"href":"http:\/\/www.korhanyilmaz.com\/index.php?rest_route=\/wp\/v2\/users\/1"}],"replies":[{"embeddable":true,"href":"http:\/\/www.korhanyilmaz.com\/index.php?rest_route=%2Fwp%2Fv2%2Fcomments&post=26500"}],"version-history":[{"count":0,"href":"http:\/\/www.korhanyilmaz.com\/index.php?rest_route=\/wp\/v2\/posts\/26500\/revisions"}],"wp:attachment":[{"href":"http:\/\/www.korhanyilmaz.com\/index.php?rest_route=%2Fwp%2Fv2%2Fmedia&parent=26500"}],"wp:term":[{"taxonomy":"category","embeddable":true,"href":"http:\/\/www.korhanyilmaz.com\/index.php?rest_route=%2Fwp%2Fv2%2Fcategories&post=26500"},{"taxonomy":"post_tag","embeddable":true,"href":"http:\/\/www.korhanyilmaz.com\/index.php?rest_route=%2Fwp%2Fv2%2Ftags&post=26500"}],"curies":[{"name":"wp","href":"https:\/\/api.w.org\/{rel}","templated":true}]}}