{"id":26493,"date":"2010-10-12T12:15:22","date_gmt":"2010-10-12T09:15:22","guid":{"rendered":"http:\/\/www.korhanyilmaz.com\/?p=26493"},"modified":"2010-10-12T12:15:22","modified_gmt":"2010-10-12T09:15:22","slug":"basortusuz-ogrencilere-guvence","status":"publish","type":"post","link":"http:\/\/www.korhanyilmaz.com\/?p=26493","title":{"rendered":"Ba\u015f\u00f6rt\u00fcs\u00fcz \u00f6\u011frencilere g\u00fcvence"},"content":{"rendered":"<p style=\"text-align: center;\"><a href=\"http:\/\/www.korhanyilmaz.com\/wp-content\/uploads\/2010\/10\/1141.jpg\"  class=\"lightview\"><img loading=\"lazy\" decoding=\"async\" class=\"aligncenter size-full wp-image-26497\" src=\"http:\/\/www.korhanyilmaz.com\/wp-content\/uploads\/2010\/10\/1141.jpg\" alt=\"\" width=\"490\" height=\"301\" \/><\/a><\/p>\n<p style=\"text-align: justify;\">Ba\u015f\u00f6rt\u00fcs\u00fc konusunda uzla\u015fmaya var\u0131ld\u0131\u011f\u0131n\u0131 belirten Y\u00d6K Ba\u015fkan\u0131 \u00d6zcan: Baz\u0131 kesimler ba\u015f\u00f6rt\u00fcs\u00fcz \u00f6\u011frencilere bask\u0131 olaca\u011f\u0131n\u0131 d\u00fc\u015f\u00fcn\u00fcyor. Ancak ben kendim garanti ediyorum. Bug\u00fcn nas\u0131l ba\u015f\u00f6rt\u00fcl\u00fc \u00f6\u011frencilerin girmesini sa\u011fl\u0131yorsak, ba\u015f\u00f6rt\u00fcs\u00fcz \u00f6\u011frenciler de bizim g\u00fcvencemiz alt\u0131nda olacak.<!--more--><\/p>\n<p style=\"text-align: justify;\">BURSA &#8211; Y\u00fcksek \u00d6\u011fretim Kurulu (Y\u00d6K) Ba\u015fkan\u0131 Prof Yusuf Ziya \u00d6zcan, \u00fcniversitedeki ba\u015f\u00f6rt\u00fcs\u00fc sorununun halledilmesi i\u00e7in iyi bir ba\u015flang\u0131\u00e7 yapt\u0131klar\u0131n\u0131 belirterek, &#8220;Garanti ediyorum, g\u00fcvence veriyorum, nas\u0131l ba\u015f\u00f6rt\u00fcl\u00fc \u00f6\u011frencilerimizin girmesini sa\u011fl\u0131yorsak, ba\u015f\u00f6rt\u00fcs\u00fcz \u00f6\u011frenciler de bask\u0131 g\u00f6rmeyecek. Onlar bizim g\u00fcvencemiz alt\u0131ndad\u0131r&#8221; dedi. \u00d6zcan, ba\u015f\u00f6rt\u00fcl\u00fc okula al\u0131nmayan \u00fcniversite \u00f6\u011frencilerinin derhal dilek\u00e7eyle Y\u00d6K&#8217;e ba\u015fvurmas\u0131n\u0131 isteyerek, gere\u011fini yapacaklar\u0131n\u0131 bildirdi.<\/p>\n<p style=\"text-align: justify;\">Bursa&#8217;da Faruk Sara\u00e7 Meslek Y\u00fcksek Okulu&#8217;nun yeni e\u011fitim \u00f6\u011fretim y\u0131l\u0131n\u0131n a\u00e7\u0131l\u0131\u015f t\u00f6renine kat\u0131lan Y\u00d6K Ba\u015fkan\u0131 \u00d6zcan, \u00f6nemli a\u00e7\u0131klamalarda bulundu. Her ay Cumhurba\u015fkan\u0131 ve Ba\u015fbakanla g\u00f6r\u00fc\u015ft\u00fcklerini, rapor sunduklar\u0131n\u0131 anlatan Prof \u00d6zcan, &#8220;D\u00fcn de Y\u00d6K&#8217;te ge\u00e7en 1-1,5 ayl\u0131k durumla ilgili Cumhurba\u015fkan\u0131m\u0131zla g\u00f6r\u00fc\u015ft\u00fck. Neleri yapt\u0131\u011f\u0131m\u0131z\u0131, nelerin eksik kald\u0131\u011f\u0131n\u0131 konu\u015ftuk. Ba\u015f\u00f6rt\u00fcs\u00fcne de de\u011finildi. Cumhurba\u015fkan\u0131m\u0131z gayet memnun, olay\u0131n geldi\u011fi yerden memnuniyetlerini dile getirdiler. Orada ho\u015f bir ivme yakalad\u0131\u011f\u0131m\u0131z\u0131 d\u00fc\u015f\u00fcn\u00fcyorum&#8221; dedi.<\/p>\n<p style=\"text-align: justify;\"><strong>BA\u015e\u00d6RT\u00dcS\u00dcZ \u00d6\u011eRENC\u0130LERE G\u00dcVENCE VE GARANT\u0130<\/strong><\/p>\n<p style=\"text-align: justify;\">Hem iktidar\u0131n hem muhalefetin ba\u015f\u00f6rt\u00fcs\u00fc konusuna gayet olumlu yakla\u015ft\u0131klar\u0131n\u0131 kaydeden \u00d6zcan, &#8220;\u00dcniversitedeki sorunun halledilmesi i\u00e7in iyi bir ba\u015flang\u0131\u00e7 yap\u0131ld\u0131. \u015eimdi t\u00fcm siyasilerin biraraya gelip konsens\u00fcs sa\u011flamalar\u0131 laz\u0131m. Onu sa\u011flad\u0131klar\u0131 zaman daha iyi olur. Baz\u0131 kesimler ba\u015f\u00f6rt\u00fcs\u00fcz \u00f6\u011frencilere bask\u0131 olaca\u011f\u0131n\u0131 d\u00fc\u015f\u00fcn\u00fcyor. Ancak ben kendim garanti ediyorum. Bug\u00fcn nas\u0131l ba\u015f\u00f6rt\u00fcl\u00fc \u00f6\u011frencilerin girmesini sa\u011fl\u0131yorsak, ba\u015f\u00f6rt\u00fcs\u00fcz \u00f6\u011frenciler de bizim g\u00fcvencemiz alt\u0131nda olacak&#8221; dedi.<\/p>\n<p style=\"text-align: justify;\">\u00dcniversitelerde herhangi bir s\u0131k\u0131nt\u0131 ya\u015fanmayaca\u011f\u0131n\u0131 anlatan Prof \u00d6zcan, &#8220;12 y\u0131l \u00f6nce hi\u00e7 bir \u015fey olmuyordu. Ayn\u0131 s\u0131rada yan yana oturuyorlard\u0131. Hatta ba\u015f\u00f6rt\u00fcs\u00fc yasa\u011f\u0131 \u00e7\u0131kt\u0131\u011f\u0131 zaman ba\u015f\u00f6rt\u00fcs\u00fcz \u00f6\u011frenciler arkada\u015flar\u0131 ad\u0131na y\u00fcr\u00fcy\u00fc\u015f yap\u0131p destek verdiler. \u00d6yle g\u00fczel bir ortam\u0131n tekrar sa\u011flanaca\u011f\u0131n\u0131 d\u00fc\u015f\u00fcnoyurum. Onlar da bizim g\u00fcvencemiz alt\u0131ndalar. Hi\u00e7 merak etmesinler. Nas\u0131l bug\u00fcn ba\u015f\u00f6rt\u00fcl\u00fc \u00f6\u011frenciler i\u00e7in bi\u015feyler yap\u0131yorsak, e\u011fer bask\u0131 olursa ba\u015f\u00f6rt\u00fcs\u00fcz \u00f6\u011frenciler i\u00e7in de ayn\u0131 tedbirleri al\u0131r\u0131z&#8221; dedi.<\/p>\n<p style=\"text-align: justify;\"><strong>&#8220;BA\u015e\u00d6RT\u00dcL\u00dc ALINMAYAN \u00d6\u011eRENC\u0130LER Y\u00d6K&#8217;E BA\u015eVURSUN&#8221;<\/strong><\/p>\n<p style=\"text-align: justify;\">Y\u00d6K Ba\u015fkan\u0131 Prof \u00d6zcan, baz\u0131 \u00fcniversitelerde halen sorun oldu\u011funun hat\u0131rlat\u0131lmas\u0131 \u00fczerine de, &#8220;B\u00f6yle ufak tefek olaylar\u0131n olmas\u0131 m\u00fcmk\u00fcnd\u00fcr. Olabilir. Ama bu durumdan \u015fikayet\u00e7i olan \u00f6\u011frencilerimiz varsa, onlar derhal Y\u00d6K&#8217;e dilek\u00e7eyle m\u00fcracat etsinler. Ba\u015fvurmalar\u0131n\u0131 bekliyoruz. Ba\u015fvursunlar gere\u011fini biz yapar\u0131z&#8221; kar\u015f\u0131l\u0131\u011f\u0131n\u0131 verdi.<\/p>\n<p style=\"text-align: justify;\"><strong>&#8220;KILI\u00c7DARO\u011eLU TAKD\u0130RE \u015eAYAN POZ\u0130SYON ALIYOR&#8221;<\/strong><\/p>\n<p style=\"text-align: justify;\">Prof. \u00d6zcan, bir soru \u00fczerine de muhalefetin tavr\u0131n\u0131 samimi buldu\u011funu kaydederek, &#8220;Gayet samimi buluyorum. Bu konuda herkesin vaziyet al\u0131\u015f\u0131 son derece samimidir. Say\u0131n K\u0131l\u0131\u00e7daro\u011flu&#8217;nun ald\u0131\u011f\u0131 pozisyon taktire \u015fayand\u0131r. Ger\u00e7ekten \u00e7ok \u00f6nemlidir. Herkesin pozisyonu fevkalade olumludur.<\/p>\n<p style=\"text-align: justify;\">Bu, bir defa insanlar\u0131n y\u00fcksek \u00f6\u011fretim hakk\u0131d\u0131r. Onu kimsenin elinden alamazs\u0131n\u0131z. Ona \u00e7ok dikkat etmeniz gerekiyor. Gidip bir ba\u015fkas\u0131na nas\u0131l giyinece\u011fini s\u00f6ylemek, hele hele o ki\u015fi 18 ya\u015f\u0131ndaki k\u0131z \u00f6\u011frenci ise \u00e7ok onur k\u0131r\u0131c\u0131 bir \u015feydir. Onu da yapmak istemeyiz. Herkes bu zeminde anla\u015ft\u0131. Bundan sonra yap\u0131lmas\u0131 gereken \u015fey; siyasi liderlerimizin birle\u015fip bunu halka duyurmalar\u0131. Bu konuda uzla\u015ft\u0131klar\u0131n\u0131 a\u00e7\u0131klamalar\u0131. Bir daha a\u00e7\u0131klan\u0131rsa &#8220;g\u00fc\u00e7l\u00fc pozisyonda oluruz&#8221; diye hissediyorum&#8221;\u015feklinde konu\u015ftu.<\/p>\n<p style=\"text-align: justify;\"><strong>&#8220;CHP&#8217;N\u0130N \u00c7EK\u0130NCES\u0130NE GARANT\u0130 VERD\u0130M&#8221;<\/strong><\/p>\n<p style=\"text-align: justify;\">\u00d6zcan, CHP&#8217;nin t\u00fcrban raporuyla ilgili bir soru \u00fczerine ise, &#8220;Sencer Ayata benim \u00e7ok eski arkada\u015f\u0131m. Y\u0131llarca birlikte \u00f6\u011fretim \u00fcyeli\u011fi yapt\u0131k. Bilgi notu haz\u0131rl\u0131yor. Kendisiyle neler yap\u0131labilece\u011fini konu\u015ftuk. Bilgi notu bitmi\u015f de\u011fil. O bana &#8220;ba\u015f\u00f6rt\u00fcs\u00fcz \u00f6\u011frenciler i\u00e7in bir \u015fey olur mu&#8221; diye sordu. Kendisi de ihtimal vermiyor. Ama bu konuda g\u00fcvence vermeye haz\u0131r oldu\u011fumu a\u00e7\u0131klad\u0131m&#8221; \u015feklinde konu\u015ftu.<\/p>\n<p style=\"text-align: justify;\"><a href=\"http:\/\/www.gazeteport.com.tr\/GUNCEL\/NEWS\/GP_779725\" target=\"_blank\"><span style=\"color: #888888;\">Kaynak : GAZETEPORT<\/span><\/a><\/p>\n","protected":false},"excerpt":{"rendered":"<p style=\"text-align: center;\">\n<p style=\"text-align: justify;\">Ba\u015f\u00f6rt\u00fcs\u00fc konusunda uzla\u015fmaya var\u0131ld\u0131\u011f\u0131n\u0131 belirten Y\u00d6K Ba\u015fkan\u0131 \u00d6zcan: Baz\u0131 kesimler ba\u015f\u00f6rt\u00fcs\u00fcz \u00f6\u011frencilere bask\u0131 olaca\u011f\u0131n\u0131 d\u00fc\u015f\u00fcn\u00fcyor. Ancak ben kendim garanti ediyorum. Bug\u00fcn nas\u0131l ba\u015f\u00f6rt\u00fcl\u00fc \u00f6\u011frencilerin girmesini sa\u011fl\u0131yorsak, ba\u015f\u00f6rt\u00fcs\u00fcz \u00f6\u011frenciler de bizim g\u00fcvencemiz alt\u0131nda olacak.<\/p>\n","protected":false},"author":1,"featured_media":0,"comment_status":"open","ping_status":"closed","sticky":false,"template":"","format":"standard","meta":{"footnotes":""},"categories":[105],"tags":[],"class_list":["post-26493","post","type-post","status-publish","format-standard","hentry","category-gundem","odd"],"_links":{"self":[{"href":"http:\/\/www.korhanyilmaz.com\/index.php?rest_route=\/wp\/v2\/posts\/26493","targetHints":{"allow":["GET"]}}],"collection":[{"href":"http:\/\/www.korhanyilmaz.com\/index.php?rest_route=\/wp\/v2\/posts"}],"about":[{"href":"http:\/\/www.korhanyilmaz.com\/index.php?rest_route=\/wp\/v2\/types\/post"}],"author":[{"embeddable":true,"href":"http:\/\/www.korhanyilmaz.com\/index.php?rest_route=\/wp\/v2\/users\/1"}],"replies":[{"embeddable":true,"href":"http:\/\/www.korhanyilmaz.com\/index.php?rest_route=%2Fwp%2Fv2%2Fcomments&post=26493"}],"version-history":[{"count":0,"href":"http:\/\/www.korhanyilmaz.com\/index.php?rest_route=\/wp\/v2\/posts\/26493\/revisions"}],"wp:attachment":[{"href":"http:\/\/www.korhanyilmaz.com\/index.php?rest_route=%2Fwp%2Fv2%2Fmedia&parent=26493"}],"wp:term":[{"taxonomy":"category","embeddable":true,"href":"http:\/\/www.korhanyilmaz.com\/index.php?rest_route=%2Fwp%2Fv2%2Fcategories&post=26493"},{"taxonomy":"post_tag","embeddable":true,"href":"http:\/\/www.korhanyilmaz.com\/index.php?rest_route=%2Fwp%2Fv2%2Ftags&post=26493"}],"curies":[{"name":"wp","href":"https:\/\/api.w.org\/{rel}","templated":true}]}}