{"id":26478,"date":"2010-10-12T08:02:38","date_gmt":"2010-10-12T05:02:38","guid":{"rendered":"http:\/\/www.korhanyilmaz.com\/?p=26478"},"modified":"2010-10-12T08:02:38","modified_gmt":"2010-10-12T05:02:38","slug":"tilki-kumese-mudur-oldu","status":"publish","type":"post","link":"http:\/\/www.korhanyilmaz.com\/?p=26478","title":{"rendered":"Tilki K\u00fcmese M\u00fcd\u00fcr Oldu"},"content":{"rendered":"<p style=\"text-align: center;\"><a href=\"http:\/\/www.odatv.com\/images\/2010_10\/2010_10_11\/tilki-kumese-mudur-oldu-1110101200_m.jpg\"><img loading=\"lazy\" decoding=\"async\" class=\"aligncenter\" src=\"http:\/\/www.odatv.com\/images\/2010_10\/2010_10_11\/tilki-kumese-mudur-oldu-1110101200_m.jpg\" alt=\"\" width=\"465\" height=\"225\" \/><\/a><\/p>\n<p style=\"text-align: justify;\">A\u011f\u0131rl\u0131kl\u0131 olarak, AKP iktidar\u0131n\u0131n ikinci yar\u0131s\u0131ndan sonra ba\u015flayan yarg\u0131 krizi, anayasa de\u011fi\u015fikli\u011fiyle farkl\u0131 boyutlara ve \u00f6zellikle de yeniden yap\u0131lanma \u00fczerine ta\u015f\u0131n\u0131rken, 11 Ekim 2010 g\u00fcn\u00fc a\u00e7\u0131klanan Hakimler ve Savc\u0131lar Y\u00fcksek Kurulu (HSYK) \u00fcyeleri istifalar\u0131yla depreme d\u00f6n\u00fc\u015ft\u00fc. Her zaman oldu\u011fu gibi, \u201cdedi ki, demi\u015f ki\u201d yakla\u015f\u0131m\u0131yla da g\u00fcndeme oturdu.<!--more--><\/p>\n<p style=\"text-align: justify;\">\u00dcyelerin tamam\u0131 istifa etmedi, zaten iki \u00fcyenin s\u00fcresi azalm\u0131\u015ft\u0131; vitrine oynan\u0131yor, meydan bo\u015falt\u0131ld\u0131, hemen yeni se\u00e7imler yap\u0131lacak, AKP\u2019nin ekme\u011fine ya\u011f s\u00fcr\u00fcld\u00fc, zamanlamas\u0131 do\u011fru de\u011fil, Adalet Bakanl\u0131\u011f\u0131 Kurul\u2019u kilitlemi\u015fti, toplant\u0131 bile yapam\u0131yorlard\u0131, istifa en do\u011fal haklar\u0131d\u0131r, en iyi tepkidir, tepki ba\u015fka t\u00fcrl\u00fc olmal\u0131yd\u0131 gibi de\u011ferlendirmelerle tart\u0131\u015fmalar s\u00fcr\u00fcp gidecek.<\/p>\n<p style=\"text-align: justify;\">Bundan sonra ne olaca\u011f\u0131 da, s\u00f6z doland\u0131r\u0131lmadan s\u00f6ylenebilir: \u0130stifa edenlerin yerine, Yarg\u0131tay ve Dan\u0131\u015ftay Genel Kurullar\u0131\u2019nda se\u00e7im yap\u0131lacakt\u0131r; polemik a\u011f\u0131rl\u0131kl\u0131 tart\u0131\u015fma ortam\u0131 i\u00e7inde 17 Ekimde yarg\u0131\u00e7 ve savc\u0131lar aras\u0131ndan se\u00e7im yap\u0131lacak, Cumhurba\u015fkan\u0131\u2019n\u0131n ve T\u00fcrkiye Adalet Akademisi\u2019nin yapaca\u011f\u0131 se\u00e7imler sonucu yeni \u00fcye eklemeleriyle, HSYK, 22 ki\u015fiyle \u00e7al\u0131\u015facak konuma getirilecek ve \u00e7al\u0131\u015ft\u0131r\u0131lacakt\u0131r. T\u00fcrk yarg\u0131s\u0131 da, Adalet Bakan\u0131\u2019n\u0131n y\u00f6netimi ve temsiliyle olu\u015fan yeni HSYK ile \u015fekillenmeye devam edecektir. B\u00fct\u00fcn bunlar\u0131n en uygun zaman dilimine yay\u0131laca\u011f\u0131nda ve yarg\u0131y\u0131 ele ge\u00e7irme konusunda en etkin \u015fekillendirmenin yap\u0131laca\u011f\u0131nda da ku\u015fku bulunmas\u0131n.<\/p>\n<p style=\"text-align: justify;\">\u201cO zaman, istifalar bo\u015funa m\u0131?\u201d diye sorulabilir. Evet, i\u00e7eri\u011fi kavranmad\u0131k\u00e7a ve gere\u011fi yap\u0131larak devam\u0131 getirilmedik\u00e7e, istifa edenlerin isimleri ve konumlar\u0131 \u00fczerine spek\u00fclasyonlara devam edildik\u00e7e bo\u015funa.<\/p>\n<p style=\"text-align: justify;\"><span style=\"text-decoration: underline;\">Sonu\u00e7: Yarg\u0131 tarihine k\u00fc\u00e7\u00fck olmayan bir not\u2026<\/span><\/p>\n<p style=\"text-align: justify;\">Olaylar, \u201cm\u00fcnferit\u201d olarak nitelendirilse bile, i\u00e7inde bulunduklar\u0131 b\u00fct\u00fcnden soyutlanarak de\u011ferlendirildi\u011finde, ger\u00e7ek ortaya \u00e7\u0131kar\u0131lamaz. T\u00fcrk yarg\u0131s\u0131 i\u00e7inde ya\u015fan\u0131lanlar da ayn\u0131 b\u00fct\u00fcnl\u00fck i\u00e7inde de\u011ferlendirilmek zorundad\u0131r. Fazla yorulmaya gerek olmadan, sadece bas\u0131n yay\u0131n organlar\u0131ndaki haberleri ve yarg\u0131ya sald\u0131r\u0131lar\u0131 an\u0131msamak, istifalar\u0131n anlam ve i\u00e7eri\u011fini g\u00f6rmek i\u00e7in yeterlidir. Bug\u00fcne kadar yarg\u0131 \u00fczerinde oynananlar ve anayasa de\u011fi\u015fikli\u011fine kadar gelen s\u00fcre\u00e7, hatta anayasa de\u011fi\u015fikli\u011finden sonra yap\u0131lan se\u00e7im tart\u0131\u015fmalar\u0131, asl\u0131nda istifalar\u0131n en a\u00e7\u0131k habercisidir. Merkezinde, y\u00fcr\u00fctme organ\u0131n\u0131n, daha a\u00e7\u0131k s\u00f6yleyi\u015fle, bir partinin \u00fcst y\u00f6netiminin oldu\u011fu \u201cg\u00fcd\u00fcml\u00fc yarg\u0131\u201d operasyonu, istifalar\u0131n i\u015fareti olmu\u015ftur, bo\u015fa \u00e7\u0131kar\u0131lmamas\u0131 gerekir.<\/p>\n<p style=\"text-align: justify;\"><strong>YARGI FAY HATTINDA<\/strong><\/p>\n<p style=\"text-align: justify;\">Olay\u0131n \u00f6znesi, HSYK de\u011fildir. Konu, sadece HSYK\u2019nin de\u011fil, ba\u011f\u0131ms\u0131z yarg\u0131n\u0131n ve t\u00fcm toplumun konusudur. Depremin do\u011fru okunmas\u0131 gerekir, yoksa depremler s\u00fcrer gider. Fay hatt\u0131 \u00fczerine yap\u0131lm\u0131\u015f bir binan\u0131n, depremde y\u0131k\u0131lmas\u0131 sonucunda, ayn\u0131 yere yeniden bina yap\u0131lmas\u0131 sorunu \u00e7\u00f6zmez. \u0130stifalar, ba\u015fka net eylemlerle desteklenmedik\u00e7e, yarg\u0131 sabun gibi elden kaymaya, sadece birileri i\u00e7in adalet da\u011f\u0131tmaya devam edecektir.<\/p>\n<p style=\"text-align: justify;\">Son anayasa de\u011fi\u015fiklikleriyle birlikte, T\u00fcrk yarg\u0131s\u0131, ana fay hatt\u0131 \u00fczerine yap\u0131lanm\u0131\u015ft\u0131r. Bu durum, anayasa de\u011fi\u015fiklikleri tart\u0131\u015f\u0131l\u0131rken a\u00e7\u0131k a\u00e7\u0131k anlat\u0131lm\u0131\u015ft\u0131r. \u015eimdi yap\u0131lmas\u0131 gereken, polemikleri bir yana b\u0131rakarak, \u201cistifa eylemini\u201d ba\u011f\u0131ms\u0131z yarg\u0131 hedefinin ger\u00e7ekle\u015ftirilmesi yolunda genel eyleme \u00e7evirecek yollar\u0131n ya\u015fama ge\u00e7irilmesi olmal\u0131d\u0131r. Bunun \u00e7e\u015fitli y\u00f6ntemleri bulunabilir. \u00d6rne\u011fin, Yarg\u0131tay ve Dan\u0131\u015ftay, istifa edenlerin yerine se\u00e7im yapmayabilir. \u00d6rne\u011fin, HSYK yarg\u0131\u00e7 ve savc\u0131 adaylar\u0131, adayl\u0131ktan \u00e7ekilebilir. \u00d6zetle, y\u00fck ve sorumluluk yedi ki\u015fi \u00fczerine y\u0131k\u0131lmamal\u0131d\u0131r. Kamuoyu, \u201cistifa edenler haks\u0131z ya da Adalet Bakan\u0131 hakl\u0131d\u0131r\u201d s\u00f6ylemine hapsedilmemelidir. Ba\u011f\u0131ms\u0131z yarg\u0131, en k\u00fc\u00e7\u00fck ku\u015fkuyu bile kald\u0131rmaz iken, onu y\u0131pratmaya bile izin verilmemesi gerekirken, \u201cbatakl\u0131\u011fa itmek\u201d hak ve \u00f6zg\u00fcrl\u00fckleri ba\u015fkalar\u0131na teslim etmek anlam\u0131na gelir.<\/p>\n<p style=\"text-align: justify;\">Anayasa de\u011fi\u015fikli\u011fiyle olu\u015fturulan ve ba\u011f\u0131ml\u0131l\u0131\u011f\u0131 peki\u015ftirilen \u201cyarg\u0131 sistemi\u201dnin, hi\u00e7 olmazsa i\u00e7inde kimi olumluluklar\u0131n bulunmas\u0131 gibi bir dar hedefle yorumlanmas\u0131, 22 ki\u015finin i\u00e7inde bulunsak iyi olur yakla\u015f\u0131m\u0131 \u201cteselli\u201d olmaktan \u00f6teye ge\u00e7emez. Anayasa de\u011fi\u015ftirilmeden \u00f6nce yedide be\u015f oran\u0131 an\u0131msanmal\u0131d\u0131r. <span style=\"text-decoration: underline;\">Tilki k\u00fcmese m\u00fcd\u00fcr olarak atand\u0131ktan sonra, kimi tavuk ya da horozlar\u0131n, tilkiyle iyi ili\u015fkiye girmesi, olsa olsa onlar\u0131n di\u011ferlerinden biraz ge\u00e7 yenmesi anlam\u0131na gelir.<\/span><\/p>\n<p style=\"text-align: justify;\"><span style=\"text-decoration: underline;\">Sorun, sadece yarg\u0131n\u0131n de\u011fil t\u00fcm toplumun sorunudur. Ba\u011f\u0131ms\u0131z yarg\u0131ya sahip \u00e7\u0131kmayan toplum, g\u00fcd\u00fcml\u00fc ya\u015famaya da mahk\u00fbmdur. \u00d6nce <strong>yarg\u0131 d\u00fcnyas\u0131na<\/strong>, sonra da<strong> t\u00fcm topluma<\/strong> duyurulur.<\/span><\/p>\n<p style=\"text-align: justify;\"><a href=\"http:\/\/www.odatv.com\/n.php?n=tilki-kumese-mudur-oldu-1110101200\" target=\"_blank\"><span style=\"color: #888888;\">Kaynak : Ali R\u0131za Ayd\u0131n &#8211;\u00a0 Odatv.com<\/span><\/a><\/p>\n","protected":false},"excerpt":{"rendered":"<p style=\"text-align: center;\">\n<p style=\"text-align: justify;\">A\u011f\u0131rl\u0131kl\u0131 olarak, AKP iktidar\u0131n\u0131n ikinci yar\u0131s\u0131ndan sonra ba\u015flayan yarg\u0131 krizi, anayasa de\u011fi\u015fikli\u011fiyle farkl\u0131 boyutlara ve \u00f6zellikle de yeniden yap\u0131lanma \u00fczerine ta\u015f\u0131n\u0131rken, 11 Ekim 2010 g\u00fcn\u00fc a\u00e7\u0131klanan Hakimler ve Savc\u0131lar Y\u00fcksek Kurulu (HSYK) \u00fcyeleri istifalar\u0131yla depreme d\u00f6n\u00fc\u015ft\u00fc. Her zaman oldu\u011fu gibi, \u201cdedi ki, demi\u015f ki\u201d yakla\u015f\u0131m\u0131yla da g\u00fcndeme oturdu.<\/p>\n","protected":false},"author":1,"featured_media":0,"comment_status":"open","ping_status":"closed","sticky":false,"template":"","format":"standard","meta":{"footnotes":""},"categories":[105],"tags":[],"class_list":["post-26478","post","type-post","status-publish","format-standard","hentry","category-gundem","odd"],"_links":{"self":[{"href":"http:\/\/www.korhanyilmaz.com\/index.php?rest_route=\/wp\/v2\/posts\/26478","targetHints":{"allow":["GET"]}}],"collection":[{"href":"http:\/\/www.korhanyilmaz.com\/index.php?rest_route=\/wp\/v2\/posts"}],"about":[{"href":"http:\/\/www.korhanyilmaz.com\/index.php?rest_route=\/wp\/v2\/types\/post"}],"author":[{"embeddable":true,"href":"http:\/\/www.korhanyilmaz.com\/index.php?rest_route=\/wp\/v2\/users\/1"}],"replies":[{"embeddable":true,"href":"http:\/\/www.korhanyilmaz.com\/index.php?rest_route=%2Fwp%2Fv2%2Fcomments&post=26478"}],"version-history":[{"count":0,"href":"http:\/\/www.korhanyilmaz.com\/index.php?rest_route=\/wp\/v2\/posts\/26478\/revisions"}],"wp:attachment":[{"href":"http:\/\/www.korhanyilmaz.com\/index.php?rest_route=%2Fwp%2Fv2%2Fmedia&parent=26478"}],"wp:term":[{"taxonomy":"category","embeddable":true,"href":"http:\/\/www.korhanyilmaz.com\/index.php?rest_route=%2Fwp%2Fv2%2Fcategories&post=26478"},{"taxonomy":"post_tag","embeddable":true,"href":"http:\/\/www.korhanyilmaz.com\/index.php?rest_route=%2Fwp%2Fv2%2Ftags&post=26478"}],"curies":[{"name":"wp","href":"https:\/\/api.w.org\/{rel}","templated":true}]}}