{"id":26466,"date":"2010-10-11T12:17:16","date_gmt":"2010-10-11T09:17:16","guid":{"rendered":"http:\/\/www.korhanyilmaz.com\/?p=26466"},"modified":"2010-10-11T12:17:16","modified_gmt":"2010-10-11T09:17:16","slug":"hsykda-toplu-istifa","status":"publish","type":"post","link":"http:\/\/www.korhanyilmaz.com\/?p=26466","title":{"rendered":"HSYK&#8217;da toplu istifa"},"content":{"rendered":"<p style=\"text-align: center;\"><a href=\"http:\/\/www.korhanyilmaz.com\/wp-content\/uploads\/2010\/10\/110.jpg\"  class=\"lightview\"><img loading=\"lazy\" decoding=\"async\" class=\"aligncenter size-full wp-image-26467\" src=\"http:\/\/www.korhanyilmaz.com\/wp-content\/uploads\/2010\/10\/110.jpg\" alt=\"\" width=\"480\" height=\"247\" \/><\/a><\/p>\n<p style=\"text-align: justify;\">HSYK Ba\u015fkanvekili Kadir \u00d6zbek ve 3&#8217;\u00fc yedek 6 \u00fcye istifa etti. Se\u00e7ilmi\u015f asil \u00fcyelerden sadece Ali Suat Ertosun istifa etmedi.<\/p>\n<p style=\"text-align: justify;\">ANKARA &#8211; Hakimler ve Savc\u0131lar Y\u00fcksek Kurulu Ba\u015fkanvekili Kadir \u00d6zbek, &#8221;G\u00fcndemi belli olmayan, toplant\u0131 yapt\u0131r\u0131lmayan, karar verdirilmeyen, g\u00f6r\u00fc\u015flerini a\u00e7\u0131klamas\u0131 dahi fiilen engellenen bir yap\u0131 i\u00e7erisinde daha fazla kalman\u0131n bir yarar sa\u011flamayaca\u011f\u0131 g\u00f6r\u00fc\u015f\u00fcyle, ben ve arkada\u015flar\u0131m Suna T\u00fcrko\u011flu, Musa Tekin, Orhan Cem Erb\u00fck, Fatma An\u0131l Gen\u00e7, Hatice Ceyda Kerman ve Ay\u015fe Albayrak Do\u011fan, g\u00f6revimizden ayr\u0131lma karar\u0131 alm\u0131\u015f bulunuyoruz&#8221; dedi. <!--more--><\/p>\n<p style=\"text-align: justify;\">\u00d6zbek, d\u00fczenledi\u011fi bas\u0131n toplant\u0131s\u0131nda, Kurul&#8217;un bir s\u00fcredir kamuoyunun g\u00fcndeminde \u00e7ok yo\u011fun bir bi\u00e7imde yer ald\u0131\u011f\u0131n\u0131 s\u00f6yledi. Hukukun toplum i\u00e7in oldu\u011funu ve toplumla i\u00e7 i\u00e7e oldu\u011funu s\u00f6yleyen \u00d6zbek, \u015funlar\u0131 kaydetti:<\/p>\n<p style=\"text-align: justify;\"><strong>&#8220;17 A\u011eUSTOS&#8217;TAN BER\u0130 \u00c7ALI\u015eTIRILMIYOR&#8221;<\/strong><\/p>\n<p style=\"text-align: justify;\">&#8221;S\u00fcrekli tart\u0131\u015fma konusu yap\u0131lmas\u0131 ve bu yolla y\u0131prat\u0131lmas\u0131, topluma, hukuka ve hukuk kurumlar\u0131na zarar vermektedir. Birinin her an hukukun korumas\u0131 alt\u0131nda oldu\u011funu hissetmeli, hukukun herkes i\u00e7in ayn\u0131 ve tek oldu\u011funa inanmal\u0131, kurallar ve kurumlardan olu\u015fan hukuk devletinde ya\u015faman\u0131n en temel hakk\u0131 oldu\u011funu bilmeli ve bunun i\u00e7in de m\u00fccadele etmelidir. Hukuk kurumlar\u0131 ise bu s\u00fcre\u00e7te kendilerine anayasa ve yasalarla verilen g\u00f6revleri g\u00f6rev bilinci ve sorumlulu\u011fu i\u00e7erisinde hukuk kurallar\u0131na g\u00f6re yerine getirmek zorundad\u0131rlar. Bu ba\u011flamda HSYK hi\u00e7bir \u00f6nyarg\u0131 ve hi\u00e7bir art niyeti olmadan anayasan\u0131n \u00e7izdi\u011fi s\u0131n\u0131rlar i\u00e7erisinde ve kanunlar\u0131n kendilerine verdi\u011fi yetkilerine sahip \u00e7\u0131karak g\u00f6rev yapmak amac\u0131n\u0131 \u0131srarla ortaya koymu\u015f olmas\u0131na ra\u011fmen, 17 A\u011fustos 2010 tarihinden itibaren fiilen \u00e7al\u0131\u015ft\u0131r\u0131lmamaktad\u0131r.<\/p>\n<p style=\"text-align: justify;\">\u00dcz\u00fcnt\u00fcyle ifade edelim ki bu husus Adalet Bakanl\u0131\u011f\u0131na defalarca iletilmi\u015f, s\u00f6zl\u00fc ve yaz\u0131l\u0131 ba\u015fvurularla duruma resmiyet kazand\u0131r\u0131lm\u0131\u015f, yap\u0131lamayan her toplant\u0131 i\u00e7in Kurulun se\u00e7imle gelen \u00fcyeleri taraf\u0131ndan tutanak tutularak durum ilgili makamlara iletilmi\u015f olmas\u0131na ra\u011fmen bug\u00fcne kadar hi\u00e7bir sonu\u00e7 al\u0131namam\u0131\u015ft\u0131r.<\/p>\n<p style=\"text-align: justify;\"><strong>&#8220;\u0130VED\u0130 \u0130\u015eLER\u0130N\u0130 B\u0130LE YAPAMADI&#8221;<\/strong><\/p>\n<p style=\"text-align: justify;\">Adalet Bakanl\u0131\u011f\u0131 son olarak Adalet Bakan\u0131 imzas\u0131yla g\u00f6ndermi\u015f oldu\u011fu yaz\u0131s\u0131nda yeni olu\u015fum tamamlan\u0131ncaya kadar mevcut HSYK&#8217;ya g\u00fcndem yap\u0131lmayaca\u011f\u0131n\u0131, Kurul Ba\u015fkanvekilli\u011fine resmen bildirmi\u015f bulunmaktad\u0131r. Bu s\u00fcre i\u00e7erisinde HSYK halen y\u00fcr\u00fcrl\u00fckte olan 2461 say\u0131l\u0131 kurulu\u015f kanunundan ve 2802 say\u0131l\u0131 Hakimler ve Savc\u0131lar Kanunundan kaynaklanan ve bir\u00e7o\u011fu ivedi olan, hi\u00e7bir g\u00f6revini yapamad\u0131\u011f\u0131 gibi bu ivedi i\u015flerin adalet Bakanl\u0131\u011f\u0131nca nas\u0131l y\u00fcr\u00fct\u00fcld\u00fc\u011f\u00fc konusunda da hi\u00e7bir bilgisi bulunmamaktad\u0131r.<\/p>\n<p style=\"text-align: justify;\">Adalet Bakanl\u0131\u011f\u0131 taraf\u0131ndan a\u00e7\u0131klanan ve 20 ayr\u0131 kurulu\u015ftan g\u00f6r\u00fc\u015f istendi\u011fi bildirilen HSYK Kanun Tasar\u0131s\u0131n\u0131n \u00f6n tasla\u011f\u0131n\u0131n haz\u0131rl\u0131k \u00e7al\u0131\u015fmalar\u0131 s\u0131ras\u0131nda kurulumuzun se\u00e7imle gelen \u00fcyeleriyle herhangi bir bilgi payla\u015f\u0131m\u0131nda bulunulmad\u0131\u011f\u0131 gibi taslak tamamland\u0131ktan sonra bir ileti\u015fim kurulamam\u0131\u015f, taslak hakk\u0131nda g\u00f6r\u00fc\u015f\u00fc istenen kurulu\u015flar aras\u0131nda kurula yer verilmemi\u015f, hatta kurulun bu taslak hakk\u0131nda haz\u0131rlad\u0131\u011f\u0131 g\u00f6r\u00fc\u015flerini HSYK&#8217;n\u0131n kendi internet sitesinde yay\u0131nlanmas\u0131na da olanak tan\u0131nmam\u0131\u015ft\u0131r.<\/p>\n<p style=\"text-align: justify;\">Bizim bug\u00fcn bas\u0131n toplant\u0131m\u0131z\u0131 yapaca\u011f\u0131m\u0131z\u0131 a\u00e7\u0131klad\u0131ktan sonra yakla\u015f\u0131k 1.5 saat kadar \u00f6nce HSYK&#8217;n\u0131n internet sitesine bizim yeni taslakla ilgili kurulun g\u00f6r\u00fc\u015flerinin eklendi\u011fini \u00f6\u011frenmi\u015f bulunuyoruz.<\/p>\n<p style=\"text-align: justify;\">G\u00fcndemi belli olmayan, toplant\u0131 yapt\u0131r\u0131lmayan, karar verdirilmeyen, g\u00f6r\u00fc\u015flerini a\u00e7\u0131klamas\u0131 dahi fiilen engellenen bir yap\u0131 i\u00e7erisinde daha fazla kalman\u0131n bir yarar sa\u011flamayaca\u011f\u0131 g\u00f6r\u00fc\u015f\u00fc ile ben ve arkada\u015flar\u0131m Suna T\u00fcrko\u011flu, Musa Tekin, Orhan Cem Erb\u00fck, Fatma An\u0131l Gen\u00e7, Hatice Ceyda Kerman ve Ay\u015fe Albayrak Do\u011fan, g\u00f6revimizden ayr\u0131lma karar\u0131 alm\u0131\u015f bulunuyoruz.&#8221;<\/p>\n<p style=\"text-align: justify;\"><strong>&#8221;SE\u00c7\u0130M G\u00dcN\u00dcN\u00dc BEKLEMEDEN AYRILMA KARARI ALDIK&#8221;<\/strong><\/p>\n<p style=\"text-align: justify;\">&#8221;Bug\u00fcne kadar neden bekledikleri&#8221; konusuna da de\u011finen \u00d6zbek, bug\u00fcne kadar hi\u00e7bir evrak\u0131 imzalayamad\u0131klar\u0131n\u0131, hi\u00e7bir konuda g\u00f6r\u00fc\u015fme yapamad\u0131klar\u0131n\u0131 ve hi\u00e7bir karar alamad\u0131klar\u0131n\u0131 yineledi. \u00d6zbek, &#8221;Ancak, hep kararnamenin geri kalan k\u0131s\u0131mlar\u0131n\u0131n getirilece\u011fini bekledik, getirilmesi gerekti\u011fi konusunda Bakanl\u0131kla s\u00fcrekli yaz\u0131\u015fmalar yapt\u0131k. Ayr\u0131ca, \u00e7ok \u00f6nemli g\u00f6rd\u00fc\u011f\u00fcm\u00fcz g\u00fcnl\u00fck ve ivedi i\u015flerin g\u00fcndem d\u0131\u015f\u0131 olarak getirilip, bir karara ba\u011flanmas\u0131 gerekti\u011fi ve bu eksikli\u011fin, gere\u011fin tamamlanmas\u0131 icap etti\u011fi i\u00e7in de g\u00f6revimizi devam ettirmeye \u00e7al\u0131\u015ft\u0131k. Fakat, maalesef bug\u00fcne kadar herhangi bir kurulun i\u015flemi, karar\u0131, benzer bir tasarrufu olmam\u0131\u015ft\u0131r. Ayr\u0131lmam\u0131z\u0131n en \u00f6nemli gerek\u00e7esi budur, arkada\u015flar&#8221; diye konu\u015ftu.<\/p>\n<p style=\"text-align: justify;\">\u00d6zbek, daha fazla beklemek istemediklerini ifade ederek, &#8221;Bekleyip, 17 Ekim tarihinde ger\u00e7ekle\u015ftirilecek se\u00e7imden sonra gelecek arkada\u015flar\u0131m\u0131z\u0131n buraya gelmesinden veya isimlerinin belli olmas\u0131ndan sonra ayr\u0131lman\u0131n da bir tak\u0131m polemiklere sebep olaca\u011f\u0131, yeni olu\u015facak kadronun be\u011fenilmedi\u011fi veya onlarla uyumlu bir \u015fekilde \u00e7al\u0131\u015f\u0131lamayaca\u011f\u0131 \u015fekilde bir tak\u0131m de\u011ferlendirmeler yap\u0131labilir endi\u015fesiyle se\u00e7im g\u00fcn\u00fcn\u00fc beklemeden ayr\u0131lma karar\u0131 ald\u0131k&#8221; dedi.<\/p>\n<p style=\"text-align: justify;\">Kararlar\u0131n\u0131n tamamen &#8221;m\u00fcnferit&#8221; oldu\u011funu vurgulayan \u00d6zbek, &#8221;Her bir arkada\u015f\u0131m\u0131z, bu yoldaki iradesini, d\u00fc\u015f\u00fcncesini kendileri ifade etmi\u015flerdir. Bug\u00fcn birlikte de bu karar\u0131n uygulanmaya konmas\u0131n\u0131 uygun g\u00f6rd\u00fck&#8221; de\u011ferlendirmesinde bulundu.<\/p>\n<p style=\"text-align: justify;\"><strong>S\u00dcREC\u0130N BA\u015eLANGICI KARARNAME \u00c7ALI\u015eMALARININ BA\u015eLANGICIDIR<\/strong><\/p>\n<p style=\"text-align: justify;\">Hakimler ve Savc\u0131lar Y\u00fcksek Kurulu&#8217;ndan (HSYK) istifa eden Kadir \u00d6zbek, &#8221;17 a\u011fustostan beri biz bu konular\u0131 de\u011ferlendiriyorduk. Hatta bu s\u00fcrecin ba\u015flang\u0131c\u0131 kararname \u00e7al\u0131\u015fmalar\u0131n\u0131n ba\u015flang\u0131c\u0131d\u0131r. O s\u00fcreden beri kurul normal \u00e7al\u0131\u015fmalar\u0131n\u0131 yapamam\u0131\u015ft\u0131r&#8221; dedi.<\/p>\n<p style=\"text-align: justify;\">\u00d6zbek, d\u00fczenledi\u011fi bas\u0131n toplant\u0131s\u0131nda gazetecilerin sorular\u0131n\u0131 yan\u0131tlad\u0131.<\/p>\n<p style=\"text-align: justify;\">Bir gazetecinin &#8221;Telekulak iddialar\u0131 g\u00fcndeme geldi\u011finde &#8216;yarg\u0131 savunmada&#8217; demi\u015ftiniz, &#8216;bu yasa ge\u00e7erse devletin \u00e7at\u0131s\u0131 \u00e7\u00f6ker&#8217; demi\u015ftiniz. Bug\u00fcn ayr\u0131l\u0131yorsunuz, savunmadan pes mi ettiniz? \u015eu anda O g\u00f6r\u00fc\u015flerinizle ayn\u0131 noktada m\u0131s\u0131n\u0131z?&#8221; \u015feklindeki sorusu \u00fczerine \u00d6zbek, \u015funlar\u0131 s\u00f6yledi:<\/p>\n<p style=\"text-align: justify;\">&#8221;Biz anayasan\u0131n 159. maddesinde yer alan hakim ba\u011f\u0131ms\u0131zl\u0131\u011f\u0131 ve hakim teminat\u0131 esaslar\u0131n\u0131n korunmas\u0131yla g\u00f6revlendirilen bir y\u00fcksek kurulun \u00fcyeleriyiz. &#8216;Yarg\u0131, savunma konumuna d\u00fc\u015f\u00fcr\u00fclm\u00fc\u015ft\u00fcr&#8217; dedi\u011fimiz zaman yarg\u0131ya kar\u015f\u0131 sistemli ve hissetti\u011fimiz bir y\u0131pratma kampanyas\u0131n\u0131n ba\u015flad\u0131\u011f\u0131n\u0131 g\u00f6rm\u00fc\u015ft\u00fck. Bu sebeple bu ifadeleri kulland\u0131k. Ancak aradan ge\u00e7en zaman zarf\u0131nda bunu s\u00f6ylemekte beis g\u00f6rm\u00fcyorum, insanlar\u0131n iradelerinin fesada u\u011frat\u0131ld\u0131\u011f\u0131 bi\u00e7imde yani serbest iradelerin sakatland\u0131\u011f\u0131 bi\u00e7imde bir y\u0131pratma kampanyas\u0131 sonunda belli bir noktaya geldik. Ancak art\u0131k bir anayasa de\u011fi\u015fikli\u011fi yap\u0131lm\u0131\u015ft\u0131r, s\u00fcre\u00e7ten ge\u00e7ilmi\u015ftir, TBMM&#8217;nin bu konuda \u00e7\u0131kard\u0131\u011f\u0131 yasa vard\u0131r. Referandum s\u00fcrecinde halk oyuyla kararla\u015ft\u0131r\u0131lm\u0131\u015f ve y\u00fcr\u00fcrl\u00fc\u011fe konmu\u015f bir anayasa oldu\u011funa g\u00f6re art\u0131k daha fazla bir \u015fey s\u00f6ylemek gerekmez.&#8221;<\/p>\n<p style=\"text-align: justify;\">&#8221;Say\u0131n Ali Suat Ertosun aran\u0131zda yok. Genellikle onu da \u00e7evrenizde a\u00e7\u0131klamalar yaparken g\u00f6r\u00fcyorduk. Sebebi nedir?&#8221; \u015feklindeki soruya \u00d6zbek, &#8221;\u00d6ncelikle aram\u0131zda olmayan arkada\u015flar ad\u0131na konu\u015fma imkan\u0131m\u0131z yok. De\u011ferlendirmeleri herkes kendisi yapt\u0131. Suat bey yan\u0131m\u0131zda, bizi izliyor. Bizle birliktedir. Bu sorular\u0131n yan\u0131t\u0131n\u0131 kendisi verecektir. Her zaman bizden deste\u011fini esirgemeyen, kurulda son derece yararl\u0131 \u00e7al\u0131\u015fmalar yapm\u0131\u015f arkada\u015f\u0131m\u0131zd\u0131r. Bu nedenle kendisine te\u015fekk\u00fcr ediyorum&#8221; yan\u0131t\u0131n\u0131 verdi.<\/p>\n<p style=\"text-align: justify;\"><strong>&#8221;EL\u0130M\u0130ZDE BA\u015eKA ENSTR\u00dcMAN KALMAMI\u015eTIR&#8221;<\/strong><\/p>\n<p style=\"text-align: justify;\">\u00d6zbek, kendi g\u00f6rev s\u00fcresinin Aral\u0131kta, Musa Tekin&#8217;in g\u00f6rev s\u00fcresinin 16 Ekimde doldu\u011fu an\u0131msat\u0131larak, &#8221;\u0130stifalar\u0131n g\u00f6rev s\u00fcresinin dolmas\u0131na az bir s\u00fcre kala ger\u00e7ekle\u015fmesi anlaml\u0131 de\u011fil mi&#8221; sorusuna \u015fu yan\u0131t\u0131 verdi:<\/p>\n<p style=\"text-align: justify;\">&#8221;G\u00fcnl\u00fck ya\u015famda konu\u015fma imkan\u0131m\u0131z olsayd\u0131 biz buna &#8216;ucuz kahramanl\u0131k m\u0131 yap\u0131yorsunuz&#8217; bi\u00e7iminde bir anlam verebilirdik. Sizin dedi\u011finiz gibi de\u011fil. 17 a\u011fustostan beri biz bu konular\u0131 de\u011ferlendiriyorduk. Hatta bu s\u00fcrecin ba\u015flang\u0131c\u0131 17 a\u011fustos de\u011fil \u00f6nceki kararname \u00e7al\u0131\u015fmalar\u0131n\u0131n ba\u015flang\u0131c\u0131d\u0131r. O s\u00fcreden beri kurul normal \u00e7al\u0131\u015fmalar\u0131n\u0131 yapamam\u0131\u015ft\u0131r. Elimizde ba\u015fka enstr\u00fcman kalmam\u0131\u015ft\u0131r. \u00c7\u00fcnk\u00fc bug\u00fcne kadar kamuoyunda da \u00e7ekti\u011fimiz s\u0131k\u0131nt\u0131lar\u0131 bir hakim ciddiyeti i\u00e7inde kamuoyuyla payla\u015fmaya \u00e7al\u0131\u015ft\u0131k. Bu a\u015famada yapabilece\u011fimiz konu buydu. E\u011fer aksine bir davran\u0131\u015f olsayd\u0131. Say\u0131n Musa bey ve ben bu ekibin veya bu grubun d\u0131\u015f\u0131nda kalsayd\u0131k, &#8216;niye onlar kald\u0131?&#8217; diye sorulabilirdi. Neresinden bakt\u0131\u011f\u0131n\u0131za g\u00f6re de\u011fi\u015fir.&#8221;<\/p>\n<p style=\"text-align: justify;\">Bundan sonra ne yapacaklar\u0131 y\u00f6n\u00fcndeki soruya ise \u00d6zbek, &#8221;Bildi\u011finiz gibi biz Yarg\u0131tay ve Dan\u0131\u015ftay \u00fcyeleriyiz, oradaki g\u00f6revlerimize geri d\u00f6n\u00fcyoruz&#8221; kar\u015f\u0131l\u0131\u011f\u0131n\u0131 verdi.<\/p>\n<p style=\"text-align: justify;\">\u00d6zbek, bir gazetecinin, &#8221;\u00c7\u0131kan kavga&#8230; Yarg\u0131tay ve Dan\u0131\u015ftay&#8217;dan gelecek \u00fcyelerin 60 g\u00fcn \u00f6nceden belirlenmesine dair bir h\u00fck\u00fcm var. Bu konuda bug\u00fcne kadar bir ad\u0131m at\u0131lmad\u0131\u011f\u0131n\u0131, ayn\u0131 zamanda aday da olmad\u0131\u011f\u0131n\u0131 duyuyoruz&#8221; s\u00f6zleri \u00fczerine, &#8221;Adaylar var. Ge\u00e7ici 19. maddedeki bir d\u00fczenleme var. Oradaki s\u00fcre\u00e7 devam ediyor adaylar da \u00e7\u0131kt\u0131. Se\u00e7imler yap\u0131lacak&#8221; dedi.<\/p>\n<p style=\"text-align: justify;\">Kadir \u00d6zbek, &#8221;HSYK tasla\u011f\u0131yla ilgili g\u00f6r\u00fc\u015flerinin&#8221; sorulmas\u0131na kar\u015f\u0131l\u0131k, &#8221;Taslak, i\u00e7eri\u011fi itibariyle bug\u00fcne kadarki endi\u015felerimizin ger\u00e7ekle\u015fti\u011finin en \u00f6nemli kan\u0131t\u0131d\u0131r&#8221; diye konu\u015ftu.<\/p>\n<p style=\"text-align: justify;\">Yarg\u0131tay ba\u015fkanl\u0131\u011f\u0131na aday olup olmayaca\u011f\u0131na ili\u015fkin soruyu ise \u00d6zbek, &#8221;\u015eu anda \u00f6yle bir soruya cevap vermek durumunda de\u011filim. Bu tamamen buradaki \u00e7al\u0131\u015fmalar\u0131m\u0131zla ilgili bir toplant\u0131&#8221; \u015feklinde yan\u0131tlad\u0131.<\/p>\n<p style=\"text-align: justify;\"><strong>HYSK&#8217;NIN \u00dcYE SAYISI<\/strong><\/p>\n<p style=\"text-align: justify;\">\u015eu anki d\u00fczenlemede HSYK&#8217;da 7 as\u0131l \u00fcye var. Ancak referandumda kabul edilen d\u00fczenleme ile HSYK&#8217;n\u0131n \u00fcye say\u0131s\u0131 say\u0131s\u0131 22 olacak.<\/p>\n<p style=\"text-align: justify;\"><span style=\"color: #888888;\">Kaynak : GAZETEPORT<\/span><\/p>\n","protected":false},"excerpt":{"rendered":"<p style=\"text-align: center;\">\n<p style=\"text-align: justify;\">HSYK Ba\u015fkanvekili Kadir \u00d6zbek ve 3&#8217;\u00fc yedek 6 \u00fcye istifa etti. Se\u00e7ilmi\u015f asil \u00fcyelerden sadece Ali Suat Ertosun istifa etmedi.<\/p>\n<p style=\"text-align: justify;\">ANKARA &#8211; Hakimler ve Savc\u0131lar Y\u00fcksek Kurulu Ba\u015fkanvekili Kadir \u00d6zbek, &#8221;G\u00fcndemi belli olmayan, toplant\u0131 yapt\u0131r\u0131lmayan, karar verdirilmeyen, g\u00f6r\u00fc\u015flerini a\u00e7\u0131klamas\u0131 dahi fiilen engellenen bir yap\u0131 i\u00e7erisinde daha fazla kalman\u0131n <\/p>\n","protected":false},"author":1,"featured_media":0,"comment_status":"open","ping_status":"closed","sticky":false,"template":"","format":"standard","meta":{"footnotes":""},"categories":[105],"tags":[],"class_list":["post-26466","post","type-post","status-publish","format-standard","hentry","category-gundem","odd"],"_links":{"self":[{"href":"http:\/\/www.korhanyilmaz.com\/index.php?rest_route=\/wp\/v2\/posts\/26466","targetHints":{"allow":["GET"]}}],"collection":[{"href":"http:\/\/www.korhanyilmaz.com\/index.php?rest_route=\/wp\/v2\/posts"}],"about":[{"href":"http:\/\/www.korhanyilmaz.com\/index.php?rest_route=\/wp\/v2\/types\/post"}],"author":[{"embeddable":true,"href":"http:\/\/www.korhanyilmaz.com\/index.php?rest_route=\/wp\/v2\/users\/1"}],"replies":[{"embeddable":true,"href":"http:\/\/www.korhanyilmaz.com\/index.php?rest_route=%2Fwp%2Fv2%2Fcomments&post=26466"}],"version-history":[{"count":0,"href":"http:\/\/www.korhanyilmaz.com\/index.php?rest_route=\/wp\/v2\/posts\/26466\/revisions"}],"wp:attachment":[{"href":"http:\/\/www.korhanyilmaz.com\/index.php?rest_route=%2Fwp%2Fv2%2Fmedia&parent=26466"}],"wp:term":[{"taxonomy":"category","embeddable":true,"href":"http:\/\/www.korhanyilmaz.com\/index.php?rest_route=%2Fwp%2Fv2%2Fcategories&post=26466"},{"taxonomy":"post_tag","embeddable":true,"href":"http:\/\/www.korhanyilmaz.com\/index.php?rest_route=%2Fwp%2Fv2%2Ftags&post=26466"}],"curies":[{"name":"wp","href":"https:\/\/api.w.org\/{rel}","templated":true}]}}