{"id":26461,"date":"2010-10-11T16:10:52","date_gmt":"2010-10-11T13:10:52","guid":{"rendered":"http:\/\/www.korhanyilmaz.com\/?p=26461"},"modified":"2010-10-11T16:10:52","modified_gmt":"2010-10-11T13:10:52","slug":"hsyk-3-uye-disinda-sil-bastan","status":"publish","type":"post","link":"http:\/\/www.korhanyilmaz.com\/?p=26461","title":{"rendered":"HSYK, 3 \u00fcye d\u0131\u015f\u0131nda sil ba\u015ftan"},"content":{"rendered":"<p style=\"text-align: justify;\"><a href=\"http:\/\/www.korhanyilmaz.com\/wp-content\/uploads\/2010\/10\/109.jpg\"  class=\"lightview\"><img loading=\"lazy\" decoding=\"async\" class=\"aligncenter size-full wp-image-26463\" src=\"http:\/\/www.korhanyilmaz.com\/wp-content\/uploads\/2010\/10\/109.jpg\" alt=\"\" width=\"448\" height=\"231\" \/><\/a><\/p>\n<p style=\"text-align: justify;\">HSYK\u2019da ya\u015fanan toplu istifan\u0131n ard\u0131ndan, kurulda asil \u00fcyelerden Ali Suat Ertosun ile yedek \u00fcyeler Co\u015fkun \u00d6zt\u00fcrk ve Feyzi Alt\u0131nok kald\u0131.  Peki ya \u015fimdi ne olacak?<!--more--><\/p>\n<p style=\"text-align: justify;\">ANKARA- HSYK\u2019da istifalar\u0131n ard\u0131ndan kurulda asil \u00fcyelerden Ali Suat Ertosun ile yedek \u00fcyeler Co\u015fkun \u00d6zt\u00fcrk ve Feyzi Alt\u0131nok kald\u0131. Kurula, istifa eden isimlerin yerine 4 asil, 3 de yedek \u00fcye se\u00e7ilecek. Ayr\u0131ca yeni h\u00fck\u00fcmler \u00e7er\u00e7evesinde se\u00e7ilecek isimlerle birlikte, HSYK\u2019n\u0131n \u00fcye say\u0131s\u0131 22\u2019ye y\u00fckselecek. 12 de yedek \u00fcye olacak. Bakan ve M\u00fcste\u015far kurulun asil \u00fcyeleri olacak.<\/p>\n<p style=\"text-align: justify;\">Anayasa de\u011fi\u015fikli\u011fi uyar\u0131nca, H\u00e2kimler ve Savc\u0131lar Y\u00fcksek Kurulunun Yarg\u0131tay ve Dan\u0131\u015ftay\u2019dan gelen as\u0131l ve yedek \u00fcyelerinin g\u00f6revleri, se\u00e7ilmi\u015f olduklar\u0131 s\u00fcrenin sonuna kadar devam edecekti. Ancak istifa sonucu bu \u00fcyelerin yerler de bo\u015falm\u0131\u015f oldu.<\/p>\n<p style=\"text-align: justify;\"><strong>\u015e\u0130MD\u0130 NE OLACAK?<\/strong><\/p>\n<p style=\"text-align: justify;\">Anayasa uyar\u0131nca bundan sonra kurulun, d\u00f6rt as\u0131l \u00fcyesi, y\u00fcksek\u00f6\u011fretim kurumlar\u0131n\u0131n hukuk, iktisat ve siyasal bilimler dallar\u0131nda g\u00f6rev yapan \u00f6\u011fretim \u00fcyeleri, \u00fcst kademe y\u00f6neticileri ile avukatlar aras\u0131ndan Cumhurba\u015fkan\u0131nca, \u00fc\u00e7 as\u0131l ve \u00fc\u00e7 yedek \u00fcyesi Yarg\u0131tay \u00fcyeleri aras\u0131ndan Yarg\u0131tay Genel Kurulunca,  iki as\u0131l ve iki yedek \u00fcyesi Dan\u0131\u015ftay \u00fcyeleri aras\u0131ndan Dan\u0131\u015ftay Genel Kurulunca, bir as\u0131l ve bir yedek \u00fcyesi T\u00fcrkiye Adalet Akademisi Genel Kurulunca kendi \u00fcyeleri aras\u0131ndan, yedi as\u0131l ve d\u00f6rt yedek \u00fcyesi birinci s\u0131n\u0131f adl\u00ee yarg\u0131 h\u00e2kim ve savc\u0131lar\u0131 aras\u0131ndan, \u00fc\u00e7 as\u0131l ve iki yedek \u00fcyesi birinci s\u0131n\u0131f idari yarg\u0131 kadrolar\u0131ndan se\u00e7ilecek.<\/p>\n<p style=\"text-align: justify;\">Cumhurba\u015fkan\u0131, y\u00fcksek\u00f6\u011fretim kurumlar\u0131n\u0131n hukuk, iktisat ve siyasal bilimler dallar\u0131nda en az 15 y\u0131ldan beri g\u00f6rev yapan \u00f6\u011fretim \u00fcyeleri, \u00fcst kademe y\u00f6neticileri ile meslekte fiilen 15 y\u0131l\u0131n\u0131 doldurmu\u015f avukatlar aras\u0131ndan d\u00f6rt \u00fcye se\u00e7ecek. Yarg\u0131tay Genel Kurulu, Yarg\u0131tay \u00fcyeleri aras\u0131ndan \u00fc\u00e7 as\u0131l ve \u00fc\u00e7 yedek \u00fcye se\u00e7ecek. Dan\u0131\u015ftay Genel Kurulu, Dan\u0131\u015ftay \u00fcyeleri aras\u0131ndan iki as\u0131l ve iki yedek \u00fcye se\u00e7ecek. T\u00fcrkiye Adalet Akademisi Genel Kurulu da, kendi \u00fcyeleri aras\u0131ndan,bir as\u0131l ve bir yedek \u00fcye se\u00e7ecek.<\/p>\n<p style=\"text-align: justify;\">Adli yarg\u0131da birinci s\u0131n\u0131f hakim ve savc\u0131lar aras\u0131ndan 7 as\u0131l ve d\u00f6rt yedek \u00fcye se\u00e7imle belirlenecek. Se\u00e7imlerde 12 bin hakim savc\u0131 oy kullanacak. \u0130dari yarg\u0131dan da 3 as\u0131l ve iki yedek \u00fcye yine se\u00e7imle belirlenecek. Anayasa de\u011fi\u015fikli\u011fi uyar\u0131nca, H\u00e2kimler ve Savc\u0131lar Y\u00fcksek Kurulunun Yarg\u0131tay ve Dan\u0131\u015ftay\u2019dan gelen as\u0131l ve yedek \u00fcyelerinin g\u00f6revleri, se\u00e7ilmi\u015f olduklar\u0131 s\u00fcrenin sonuna kadar devam edecekti. Ancak istifa sonucu bu \u00fcyelerin yerler de bo\u015falm\u0131\u015f oldu. Se\u00e7im bir asil ve 2 yedek \u00fcye d\u0131\u015f\u0131nda 21 asil ve 10 yedek \u00fcye i\u00e7in yap\u0131lacak.<\/p>\n<p style=\"text-align: justify;\"><a href=\"http:\/\/www.korhanyilmaz.com\/wp-content\/uploads\/2010\/10\/108.jpg\"  class=\"lightview\"><img loading=\"lazy\" decoding=\"async\" class=\"aligncenter size-full wp-image-26462\" src=\"http:\/\/www.korhanyilmaz.com\/wp-content\/uploads\/2010\/10\/108.jpg\" alt=\"\" width=\"369\" height=\"300\" \/><\/a><a href=\"http:\/\/www.gazeteport.com.tr\/GUNCEL\/NEWS\/GP_779230\" target=\"_blank\"><span style=\"color: #888888;\">Kaynak : GAZETEPORT<\/span><\/a><\/p>\n","protected":false},"excerpt":{"rendered":"<p style=\"text-align: justify;\">\n<p style=\"text-align: justify;\">HSYK\u2019da ya\u015fanan toplu istifan\u0131n ard\u0131ndan, kurulda asil \u00fcyelerden Ali Suat Ertosun ile yedek \u00fcyeler Co\u015fkun \u00d6zt\u00fcrk ve Feyzi Alt\u0131nok kald\u0131. Peki ya \u015fimdi ne olacak?<\/p>\n","protected":false},"author":1,"featured_media":0,"comment_status":"open","ping_status":"closed","sticky":false,"template":"","format":"standard","meta":{"footnotes":""},"categories":[105],"tags":[],"class_list":["post-26461","post","type-post","status-publish","format-standard","hentry","category-gundem","odd"],"_links":{"self":[{"href":"http:\/\/www.korhanyilmaz.com\/index.php?rest_route=\/wp\/v2\/posts\/26461","targetHints":{"allow":["GET"]}}],"collection":[{"href":"http:\/\/www.korhanyilmaz.com\/index.php?rest_route=\/wp\/v2\/posts"}],"about":[{"href":"http:\/\/www.korhanyilmaz.com\/index.php?rest_route=\/wp\/v2\/types\/post"}],"author":[{"embeddable":true,"href":"http:\/\/www.korhanyilmaz.com\/index.php?rest_route=\/wp\/v2\/users\/1"}],"replies":[{"embeddable":true,"href":"http:\/\/www.korhanyilmaz.com\/index.php?rest_route=%2Fwp%2Fv2%2Fcomments&post=26461"}],"version-history":[{"count":0,"href":"http:\/\/www.korhanyilmaz.com\/index.php?rest_route=\/wp\/v2\/posts\/26461\/revisions"}],"wp:attachment":[{"href":"http:\/\/www.korhanyilmaz.com\/index.php?rest_route=%2Fwp%2Fv2%2Fmedia&parent=26461"}],"wp:term":[{"taxonomy":"category","embeddable":true,"href":"http:\/\/www.korhanyilmaz.com\/index.php?rest_route=%2Fwp%2Fv2%2Fcategories&post=26461"},{"taxonomy":"post_tag","embeddable":true,"href":"http:\/\/www.korhanyilmaz.com\/index.php?rest_route=%2Fwp%2Fv2%2Ftags&post=26461"}],"curies":[{"name":"wp","href":"https:\/\/api.w.org\/{rel}","templated":true}]}}