{"id":26457,"date":"2010-09-29T10:52:53","date_gmt":"2010-09-29T07:52:53","guid":{"rendered":"http:\/\/www.korhanyilmaz.com\/?p=26457"},"modified":"2010-09-29T10:52:53","modified_gmt":"2010-09-29T07:52:53","slug":"hsyk-yasa-tasarisi-hazir","status":"publish","type":"post","link":"http:\/\/www.korhanyilmaz.com\/?p=26457","title":{"rendered":"HSYK Yasa tasar\u0131s\u0131 haz\u0131r"},"content":{"rendered":"<p style=\"text-align: justify;\"><a href=\"http:\/\/www.korhanyilmaz.com\/wp-content\/uploads\/2010\/10\/107.jpg\"  class=\"lightview\"><img loading=\"lazy\" decoding=\"async\" class=\"aligncenter size-full wp-image-26458\" src=\"http:\/\/www.korhanyilmaz.com\/wp-content\/uploads\/2010\/10\/107.jpg\" alt=\"\" width=\"449\" height=\"231\" \/><\/a><\/p>\n<p style=\"text-align: justify;\">Adalet Bakanl\u0131\u011f\u0131, 49 maddelik yasa tasar\u0131s\u0131n\u0131 yay\u0131nlad\u0131.<\/p>\n<p style=\"text-align: justify;\">Tasar\u0131ya g\u00f6re meslekten \u00e7\u0131karma kararlar\u0131na kar\u015f\u0131 yarg\u0131 yolu a\u00e7\u0131k olacak. Ba\u015fkan\u0131n atamalarda yetkisi bulunmayacak. <!--more--><\/p>\n<p style=\"text-align: justify;\">Adalet Bakan\u0131&#8217;n\u0131n, tek ba\u015f\u0131na ald\u0131\u011f\u0131 kararlar i\u00e7in yarg\u0131 yolu a\u00e7\u0131k olacak. M\u00fcste\u015far toplant\u0131ya kat\u0131lmasa da toplant\u0131 ger\u00e7ekle\u015ftirilebilecek.<\/p>\n<p style=\"text-align: justify;\">ANKARA &#8211; Adalet Bakanl\u0131\u011f\u0131, Hakimler ve Savc\u0131lar Y\u00fcksek Kurulu(HSYK) ile ilgili Anayasa de\u011fi\u015fikli\u011fine paralel haz\u0131rlad\u0131\u011f\u0131 uyum yasas\u0131 ile ilgili taslak metni ilgili kurulu\u015flara g\u00f6ndererek, g\u00f6r\u00fc\u015f istedi.<\/p>\n<p style=\"text-align: justify;\">Hen\u00fcz Bakanlar Kurulu&#8217;na sunulmad\u0131\u011f\u0131n\u0131n alt\u0131 \u00e7izilen metin Adalet Bakanl\u0131\u011f\u0131&#8217;nca resmi internet sitesinde de yay\u0131mlad\u0131 ve 49 maddeden olu\u015fan taslak metne son \u015fekli verilmeden Anayasa Mahkemesi, Yarg\u0131tay, Dan\u0131\u015ftay, Say\u0131\u015ftay, YSK, T\u00fcrkiye Adalet Akademisi, Y\u00d6K, T\u00fcrkiye Barolar Birli\u011fi ve T\u00fcrkiye Noterler Birli\u011fi iye ilgili kurum ve kurulu\u015flar olmak \u00fczere yirmi yere g\u00f6r\u00fc\u015flerini bildirmeleri i\u00e7in g\u00f6nderildi\u011fi belirtildi.<\/p>\n<p style=\"text-align: justify;\">Adalet Bakanl\u0131\u011f\u0131\u2019n\u0131n tamamlad\u0131\u011f\u0131 ve Bakanlar Kurulu\u2019nda imzaya sundu\u011fu HSYK\u2019n\u0131n yap\u0131s\u0131 ile ilgili d\u00fczenlemenin uyum yasas\u0131 49 maddeden olu\u015fuyor. Yasa metnine g\u00f6re; Adalet Bakan\u0131 dairelerin \u00e7al\u0131\u015fmalar\u0131na kat\u0131lamayacak. Genel Kurul&#8217;un hakim ve savc\u0131larla ilgili su\u00e7 ve disiplin i\u015flerinin g\u00f6r\u00fc\u015f\u00fclece\u011fi toplant\u0131lar\u0131na da bakan kat\u0131lamayacak ve oy kullanmayacak.<\/p>\n<p style=\"text-align: justify;\">Haz\u0131rlanan uyum yasas\u0131na g\u00f6re; maddeler \u015f\u00f6yle d\u00fczenleniyor.<\/p>\n<p style=\"text-align: justify;\">-Adalet Bakanl\u0131\u011f\u0131 m\u00fcste\u015far\u0131 toplant\u0131lara kat\u0131lmayacak ve dairelerin toplanmas\u0131 ve karar al\u0131nmas\u0131nda etkili olmayacak.<\/p>\n<p style=\"text-align: justify;\">-Meslekten \u00e7\u0131karma cezas\u0131 yarg\u0131 yoluna a\u00e7\u0131k olacak.<\/p>\n<p style=\"text-align: justify;\">-HSYK ba\u015fkan\u0131n\u0131n tek ba\u015f\u0131na yapt\u0131\u011f\u0131 i\u015flemler ve verdi\u011fi kararlar yarg\u0131ya g\u00f6t\u00fcr\u00fclecek.<\/p>\n<p style=\"text-align: justify;\">Hakimler ve savc\u0131lar y\u00fcksek kurulu idari ve mali \u00f6zerkli\u011fe sahip kamu t\u00fczem ki\u015fisi olacak, bir b\u00fct\u00e7esi bulunacak.<\/p>\n<p style=\"text-align: justify;\">-Kanunlarda a\u00e7\u0131k\u00e7a bakanl\u0131\u011fa verilenler d\u0131\u015f\u0131ndaki hakim ve savc\u0131lar\u0131n t\u00fcm \u00f6zl\u00fck i\u015fleri HSYK taraf\u0131ndan yerine getirilecek.<\/p>\n<p style=\"text-align: justify;\">-Adalet Bakan\u0131, olan ba\u015fkan dairelerin \u00e7al\u0131\u015fmalar\u0131na kat\u0131lamayacak, sadece genel kurul toplant\u0131lar\u0131na girebilecek. Genel Kurul&#8217;da hakim ve savc\u0131larla ilgili disiplin ve \u00fcyelerle ilgili su\u00e7 ve disiplin i\u015flerinin g\u00f6r\u00fc\u015f\u00fclece\u011fi toplant\u0131lara kat\u0131lamayacak oy kullanamayacak.<\/p>\n<p style=\"text-align: justify;\">-Tefti\u015f kurulu ba\u015fkan\u0131 ,tefti\u015f kurulu ba\u015fkan yard\u0131mc\u0131lar\u0131, kurul ba\u015fm\u00fcfetti\u015fleri, kurul m\u00fcfetti\u015fleri, genel sekreter yard\u0131mc\u0131lar\u0131, kurulda g\u00f6rev yapacak tetkik hakimleri genel kurul taraf\u0131ndan atanacak.<\/p>\n<p style=\"text-align: justify;\">-Y\u00f6netmeliklerde \u00e7\u0131karma ve genelge d\u00fczenleme yetkisi genel kurula ait olacak.<\/p>\n<p style=\"text-align: justify;\">-Adalet bakanl\u0131\u011f\u0131 m\u00fcste\u015far\u0131, daire ba\u015fkan\u0131 ve ba\u015fkanvekili se\u00e7ilemeyecek.<\/p>\n<p style=\"text-align: justify;\">-Adalat bakanl\u0131\u011f\u0131 m\u00fcste\u015far\u0131n\u0131n toplant\u0131ya kat\u0131lmamas\u0131 dairelerin toplanmas\u0131na ve karar almas\u0131na engel olmayacak.<\/p>\n<p style=\"text-align: justify;\">-Genel kurulun ve dairelerin meslekten \u00e7\u0131karma cezas\u0131na ili\u015fkin kararlar\u0131na kar\u015f\u0131n yarg\u0131 merciilerine ba\u015fvurulabilecek..<\/p>\n<p style=\"text-align: justify;\">-Ba\u015fkan\u0131n tek ba\u015f\u0131na yapt\u0131\u011f\u0131 i\u015flemlere verdi\u011fi kararlara kar\u015f\u0131, denetim,soru\u015fturma izinleri, ba\u015fkan\u0131n olur verme ya da vermeme \u015fekline kar\u015f\u0131 yarg\u0131 yoluna gidilebilecek.<\/p>\n<p style=\"text-align: justify;\">-Daha \u00f6nce yarg\u0131 kararlar\u0131na yarg\u0131 yolu kapal\u0131 olan kararlarda meslekten \u00e7\u0131karma cezalar\u0131na kar\u015f\u0131 yarg\u0131 yolu a\u00e7\u0131k ancak di\u011fer kararlara kar\u015f\u0131 yarg\u0131 yolu kapal\u0131 olacak.<\/p>\n<p style=\"text-align: justify;\">-Daha \u00f6nce etkin i\u00e7 itiraz sistemi yokken yeni d\u00fczenlemede etkin i\u00e7 itiraz sistemi getiriliyor.<\/p>\n<p style=\"text-align: justify;\">-Kurulun genel sekreterlik ve tefti\u015f kurul ba\u015fkanl\u0131\u011f\u0131 \u015feklinde hizmet birimleri olacak.<\/p>\n<p style=\"text-align: justify;\">-Tefti\u015f kurulu HSYK\u2019ya ba\u011flanacak, HSYK\u2019n\u0131n, kendi sekreteryas\u0131 hizmete girecek.<\/p>\n<p style=\"text-align: justify;\">-Kurulun \u00fcst y\u00f6neticisi ,ba\u015fkanvekili,harcama yetkilisi, genel sekreter, ger\u00e7ekle\u015ftirme g\u00f6revlisi genel sekreter taraf\u0131ndan belirlenecek. genel sekreter yard\u0131mc\u0131s\u0131 ihdas edilecek.<\/p>\n<p style=\"text-align: justify;\">-Ba\u015fkan, yetkilerinin bir k\u0131sm\u0131n\u0131n yaz\u0131l\u0131 olarak ba\u015fkanvekiline devredebilecek.<\/p>\n<p style=\"text-align: justify;\">-Ba\u015fkan\u0131n genel sekreterin atanmas\u0131 d\u0131\u015f\u0131nda atamalarda hi\u00e7bir yetkisi bulunmayacak. Genel sekreteri de genel kurulun teklif etti\u011fi 3 aday aras\u0131ndan atayacak..<\/p>\n<p style=\"text-align: justify;\">-Kurulun idari personelinin atama yetkisi ba\u015fkanvekilinde olacak.<\/p>\n<p style=\"text-align: justify;\">-\u00dcyelerin hangi dairede g\u00f6rev yapaca\u011f\u0131 Genel Kurul taraf\u0131ndan se\u00e7imle belirlenecek.<\/p>\n<p style=\"text-align: justify;\">-Genel Kurul g\u00fcndemi ba\u015fkan taraf\u0131ndan belirlenecek ancak,\u00fcyelerin talebi ve genel kurulun karar\u0131yla her zaman g\u00fcndemde de\u011fi\u015fikli\u011fe gidilebilecek.<\/p>\n<p style=\"text-align: justify;\">-Genel Kurul en az 15 \u00fcyeyle toplanacak ve \u00fcye tam say\u0131s\u0131n\u0131n saf \u00e7o\u011funlu\u011fuyla karar al\u0131nacak.<\/p>\n<p style=\"text-align: justify;\">-Daire ba\u015fkanlar\u0131 daire \u00fcyeleri aras\u0131ndan genel kurul taraf\u0131ndan se\u00e7ilecek.<\/p>\n<p style=\"text-align: justify;\">-Daireler en az 5 \u00fcyeyle toplanacak ve \u00fcye tam say\u0131s\u0131n\u0131n saf \u00e7o\u011funlu\u011fuyla karar al\u0131nacak.<\/p>\n<p style=\"text-align: justify;\">-Kurul \u00fcyelerinin kurul \u00fcyeli\u011fi g\u00f6revleriyle ligili su\u00e7 ve disiplin su\u00e7u i\u015flemleri genel kurul taraf\u0131ndan yap\u0131lacak.<\/p>\n<p style=\"text-align: justify;\">-Genel Kurulun ve dairelerin kararlar\u0131na kar\u015f\u0131 yeniden inceleme talebinde bulunulabilecek.<\/p>\n<p style=\"text-align: justify;\">-Dairelerein yeniden inceleme karar\u0131na kar\u015f\u0131 genel kurula itiraz edilebilecek.<\/p>\n<p style=\"text-align: justify;\">-Kurulun y\u00fcksek mahkemelerden gelen \u00fcyeleri g\u00f6rev s\u00fcresi sona erdi\u011finde y\u00fcksek mahkeme \u00fcyeli\u011fine do\u011frudan geri d\u00f6necek. Hakim-savc\u0131 k\u00f6kenli \u00fcyelerin g\u00f6rev s\u00fcresi sona erdi\u011finde bu ki\u015filer yeni olu\u015facak kurul taraf\u0131ndan terfi ettikleri 3 ilden birisine uygun bir g\u00f6reve atanacak.<\/p>\n<p style=\"text-align: justify;\">-Di\u011fer kamu g\u00f6revlerinden gelen \u00fcyelerin s\u00fcresi bitti\u011finde ise ilgili kurumlar\u0131 taraf\u0131ndan uygun g\u00f6reve atanacaklar.<\/p>\n<p style=\"text-align: justify;\">-Hakimlerin \u00f6zl\u00fck dosyalar\u0131 Adalet Bakan\u0131l\u0131\u011f\u0131nda de\u011fil kurulda tutulacak. Hakim ve savc\u0131lar\u0131n \u00f6zl\u00fck i\u015fleriyse art\u0131k sadece kurul taraf\u0131ndan y\u00fcr\u00fct\u00fclecek.<\/p>\n<p style=\"text-align: justify;\"><a href=\"http:\/\/www.gazeteport.com.tr\/GUNCEL\/NEWS\/GP_772171\" target=\"_blank\"><span style=\"color: #888888;\">Kaynak : GAZETEPORT<\/span><\/a><\/p>\n","protected":false},"excerpt":{"rendered":"<p style=\"text-align: justify;\">\n<p style=\"text-align: justify;\">Adalet Bakanl\u0131\u011f\u0131, 49 maddelik yasa tasar\u0131s\u0131n\u0131 yay\u0131nlad\u0131.<\/p>\n<p style=\"text-align: justify;\">Tasar\u0131ya g\u00f6re meslekten \u00e7\u0131karma kararlar\u0131na kar\u015f\u0131 yarg\u0131 yolu a\u00e7\u0131k olacak. Ba\u015fkan\u0131n atamalarda yetkisi bulunmayacak. <\/p>\n","protected":false},"author":1,"featured_media":0,"comment_status":"open","ping_status":"closed","sticky":false,"template":"","format":"standard","meta":{"footnotes":""},"categories":[105],"tags":[],"class_list":["post-26457","post","type-post","status-publish","format-standard","hentry","category-gundem","odd"],"_links":{"self":[{"href":"http:\/\/www.korhanyilmaz.com\/index.php?rest_route=\/wp\/v2\/posts\/26457","targetHints":{"allow":["GET"]}}],"collection":[{"href":"http:\/\/www.korhanyilmaz.com\/index.php?rest_route=\/wp\/v2\/posts"}],"about":[{"href":"http:\/\/www.korhanyilmaz.com\/index.php?rest_route=\/wp\/v2\/types\/post"}],"author":[{"embeddable":true,"href":"http:\/\/www.korhanyilmaz.com\/index.php?rest_route=\/wp\/v2\/users\/1"}],"replies":[{"embeddable":true,"href":"http:\/\/www.korhanyilmaz.com\/index.php?rest_route=%2Fwp%2Fv2%2Fcomments&post=26457"}],"version-history":[{"count":0,"href":"http:\/\/www.korhanyilmaz.com\/index.php?rest_route=\/wp\/v2\/posts\/26457\/revisions"}],"wp:attachment":[{"href":"http:\/\/www.korhanyilmaz.com\/index.php?rest_route=%2Fwp%2Fv2%2Fmedia&parent=26457"}],"wp:term":[{"taxonomy":"category","embeddable":true,"href":"http:\/\/www.korhanyilmaz.com\/index.php?rest_route=%2Fwp%2Fv2%2Fcategories&post=26457"},{"taxonomy":"post_tag","embeddable":true,"href":"http:\/\/www.korhanyilmaz.com\/index.php?rest_route=%2Fwp%2Fv2%2Ftags&post=26457"}],"curies":[{"name":"wp","href":"https:\/\/api.w.org\/{rel}","templated":true}]}}