{"id":26451,"date":"2010-10-11T17:56:47","date_gmt":"2010-10-11T14:56:47","guid":{"rendered":"http:\/\/www.korhanyilmaz.com\/?p=26451"},"modified":"2010-10-11T17:56:47","modified_gmt":"2010-10-11T14:56:47","slug":"ankara-emniyet-muduru-tahliye-oldu","status":"publish","type":"post","link":"http:\/\/www.korhanyilmaz.com\/?p=26451","title":{"rendered":"Ankara Emniyet M\u00fcd\u00fcr\u00fc tahliye oldu"},"content":{"rendered":"<p style=\"text-align: justify;\"><a href=\"http:\/\/www.korhanyilmaz.com\/wp-content\/uploads\/2010\/10\/106.jpg\"  class=\"lightview\"><img loading=\"lazy\" decoding=\"async\" class=\"aligncenter size-full wp-image-26452\" src=\"http:\/\/www.korhanyilmaz.com\/wp-content\/uploads\/2010\/10\/106.jpg\" alt=\"\" width=\"464\" height=\"226\" \/><\/a><\/p>\n<p style=\"text-align: justify;\">\u0130haleye fesat kar\u0131\u015ft\u0131rma iddias\u0131yla tutuklanan Ankara Emniyet M\u00fcd\u00fcr\u00fc Orhan \u00d6zdemir tahliye oldu.<!--more--><\/p>\n<p style=\"text-align: justify;\">Y\u00fcr\u00fct\u00fclen bir soru\u015fturma kasam\u0131nda tutuklu bulunan eski Ankara Emniyet M\u00fcd\u00fcr\u00fc Orhan \u00d6zdemir&#8217;in tahliyesine karar verildi. Edinilen bilgiye g\u00f6re, avukatlar\u0131n\u0131n tutuklulu\u011funa ili\u015fkin itiraz\u0131n\u0131 g\u00f6r\u00fc\u015fen Ankara 12. A\u011f\u0131r Ceza Mahkemesi heyeti, \u00d6zdemir&#8217;in tahliyesine karar verdi.<\/p>\n<p style=\"text-align: justify;\">\u00d6zdemir, &#8221;ihaleye fesat kar\u0131\u015ft\u0131rmak&#8221; ve &#8221;\u00e7\u0131kar ama\u00e7l\u0131 su\u00e7 \u00f6rg\u00fct\u00fcne \u00fcye olmak&#8221; su\u00e7lar\u0131ndan tutuklu bulunuyordu.<\/p>\n<p style=\"text-align: justify;\"><a href=\"http:\/\/www.gazeteport.com.tr\/GUNCEL\/NEWS\/GP_779330\" target=\"_blank\"><span style=\"color: #888888;\">Kaynak : GAZETEPORT<\/span><\/a><\/p>\n","protected":false},"excerpt":{"rendered":"<p style=\"text-align: justify;\">\n<p style=\"text-align: justify;\">\u0130haleye fesat kar\u0131\u015ft\u0131rma iddias\u0131yla tutuklanan Ankara Emniyet M\u00fcd\u00fcr\u00fc Orhan \u00d6zdemir tahliye oldu.<\/p>\n","protected":false},"author":1,"featured_media":0,"comment_status":"open","ping_status":"closed","sticky":false,"template":"","format":"standard","meta":{"footnotes":""},"categories":[105],"tags":[],"class_list":["post-26451","post","type-post","status-publish","format-standard","hentry","category-gundem","odd"],"_links":{"self":[{"href":"http:\/\/www.korhanyilmaz.com\/index.php?rest_route=\/wp\/v2\/posts\/26451","targetHints":{"allow":["GET"]}}],"collection":[{"href":"http:\/\/www.korhanyilmaz.com\/index.php?rest_route=\/wp\/v2\/posts"}],"about":[{"href":"http:\/\/www.korhanyilmaz.com\/index.php?rest_route=\/wp\/v2\/types\/post"}],"author":[{"embeddable":true,"href":"http:\/\/www.korhanyilmaz.com\/index.php?rest_route=\/wp\/v2\/users\/1"}],"replies":[{"embeddable":true,"href":"http:\/\/www.korhanyilmaz.com\/index.php?rest_route=%2Fwp%2Fv2%2Fcomments&post=26451"}],"version-history":[{"count":0,"href":"http:\/\/www.korhanyilmaz.com\/index.php?rest_route=\/wp\/v2\/posts\/26451\/revisions"}],"wp:attachment":[{"href":"http:\/\/www.korhanyilmaz.com\/index.php?rest_route=%2Fwp%2Fv2%2Fmedia&parent=26451"}],"wp:term":[{"taxonomy":"category","embeddable":true,"href":"http:\/\/www.korhanyilmaz.com\/index.php?rest_route=%2Fwp%2Fv2%2Fcategories&post=26451"},{"taxonomy":"post_tag","embeddable":true,"href":"http:\/\/www.korhanyilmaz.com\/index.php?rest_route=%2Fwp%2Fv2%2Ftags&post=26451"}],"curies":[{"name":"wp","href":"https:\/\/api.w.org\/{rel}","templated":true}]}}