{"id":26448,"date":"2010-10-11T18:37:49","date_gmt":"2010-10-11T15:37:49","guid":{"rendered":"http:\/\/www.korhanyilmaz.com\/?p=26448"},"modified":"2010-10-11T18:37:49","modified_gmt":"2010-10-11T15:37:49","slug":"bdpnin-formulu-ikinci-dil-turkce","status":"publish","type":"post","link":"http:\/\/www.korhanyilmaz.com\/?p=26448","title":{"rendered":"BDP&#8217;nin form\u00fcl\u00fc: \u0130kinci dil T\u00fcrk\u00e7e!"},"content":{"rendered":"<div id=\"attachment_26449\" style=\"width: 298px\" class=\"wp-caption aligncenter\"><a href=\"http:\/\/www.korhanyilmaz.com\/wp-content\/uploads\/2010\/10\/105.jpg\"  class=\"lightview\"><img loading=\"lazy\" decoding=\"async\" aria-describedby=\"caption-attachment-26449\" class=\"size-full wp-image-26449\" src=\"http:\/\/www.korhanyilmaz.com\/wp-content\/uploads\/2010\/10\/105.jpg\" alt=\"\" width=\"288\" height=\"207\" \/><\/a><p id=\"caption-attachment-26449\" class=\"wp-caption-text\">BDP Grup Ba\u015fkan Vekili ve Batman Milletvekili Bengi Y\u0131ld\u0131z<\/p><\/div>\n<p style=\"text-align: justify;\">BDP Grup Ba\u015fkan Vekili ve Batman Milletvekili Bengi Y\u0131ld\u0131z, K\u00fcrt sorunun \u00e7\u00f6z\u00fcm\u00fc konusunda form\u00fcl haz\u0131rlad\u0131klar\u0131n\u0131 beliterek, &#8220;Bu sistem i\u00e7erisinde K\u00fcrtler K\u00fcrdistan&#8217;da, \u00d6zerk K\u00fcrdistan&#8217;da kendi dillerini birinci dil olarak kullanacak. Birinci resmi dilleri K\u00fcrt\u00e7e olacak, ikinci dilleri de T\u00fcrk\u00e7e olacak&#8221; dedi. <!--more--><\/p>\n<p style=\"text-align: justify;\">K\u00fcrt Dili E\u011fitim Hareketi&#8217;nin K\u00fcrt\u00e7e e\u011fitim i\u00e7in ba\u015flatt\u0131\u011f\u0131 imza kampanyas\u0131nda toplanan 4 bin imza, Milli E\u011fitim M\u00fcd\u00fcrl\u00fc\u011f\u00fc evrak servisine teslim edildi.<\/p>\n<p style=\"text-align: justify;\">Milli E\u011fitim M\u00fcd\u00fcrl\u00fc\u011f\u00fc \u00e7\u0131k\u0131\u015f\u0131nda konu\u015fan BDP Grup Ba\u015fkan Vekili ve Batman Milletvekili Bengi Y\u0131ld\u0131z, K\u00fcrt sorununun \u00e7\u00f6z\u00fcm\u00fc konusunda form\u00fcl haz\u0131rlad\u0131klar\u0131n\u0131 anlatt\u0131.<\/p>\n<p style=\"text-align: justify;\">Y\u0131ld\u0131z, \u015f\u00f6yle dedi: &#8220;Hareketimiz, m\u00fccadelemiz, K\u00fcrt sorunu \u00e7\u00f6zme noktas\u0131nda \u00f6nerdi\u011fi formulasyon \u015fudur. Demokratik T\u00fcrkiye, \u00f6zerk K\u00fcrdistan ve T\u00fcrkiye&#8217;nin b\u00fct\u00fcn alanlar\u0131n\u0131n bir\u00e7ok \u00f6zerk b\u00f6lgeye ayr\u0131larak, merkezi y\u00f6netimin yetkilerinin \u00f6nemli \u00f6l\u00e7\u00fcde yerele aktar\u0131ld\u0131\u011f\u0131, yerelin s\u00f6z ve karara hakim oldu\u011fu bir y\u00f6netim bi\u00e7imi. Bu sistem i\u00e7erisinde K\u00fcrtler K\u00fcrdistan&#8217;da, \u00d6zerk K\u00fcrdistan&#8217;da dillerini birinci dil olarak kullanacaklar.<\/p>\n<p style=\"text-align: justify;\">Birinci resmi dilleri K\u00fcrt\u00e7e olacak, ikinci dilleri de T\u00fcrk\u00e7e olacak. Yani hem T\u00fcrk\u00e7e hem K\u00fcrt\u00e7e \u00f6\u011frenecekler. Bunun bu \u015fekilde kabul g\u00f6rmesi laz\u0131m. Tabii T\u00fcrkiye genelinde resmi dili T\u00fcrk\u00e7e kullanacak ama bize g\u00f6re T\u00fcrkiye&#8217;nin t\u00fcm b\u00f6lgelerinde ikinci dil olarak K\u00fcrt\u00e7e&#8217;nin \u00f6\u011fretilmesi laz\u0131m. Bu sistem K\u00fcrt co\u011frafyas\u0131n\u0131 s\u00f6m\u00fcrge b\u00f6lgesi yapmaktan vazge\u00e7meleri gerekir. Valisi, kaymakam\u0131 K\u00fcrt\u00e7e bilmiyor, Emniyet&#8217;i K\u00fcrt\u00e7e bilmiyor, \u00f6\u011fretmeni K\u00fcrt\u00e7e bilmiyor ve &#8216;Sizi y\u00f6netece\u011fiz&#8217; diyorlar. Bu halk\u0131n dilini anlamayanlar, bu halk\u0131n sorununu da anlayamaz. Dolay\u0131s\u0131yla anadil gibi me\u015fru bir talebin, art\u0131k \u00f6telenecek, ertelenecek bir durumu yoktur.&#8221;<\/p>\n<p style=\"text-align: justify;\">K\u00fcrtlerin a\u00e7\u0131k\u00e7a ana dilinde e\u011fitimi istedi\u011fini anlatan Y\u0131ld\u0131z, konu\u015fmas\u0131n\u0131 \u015f\u00f6yle s\u00fcrd\u00fcrd\u00fc: &#8220;Bug\u00fcn T\u00fcrkiye kamuoyu, ayd\u0131nlar bu sorunu tart\u0131\u015f\u0131yor ve ana dilin me\u015fru hukuki oldu\u011funu s\u00f6yl\u00fcyor. Yasalar\u0131n me\u015fru ve hukuki olmad\u0131\u011f\u0131n\u0131, yasalar\u0131n me\u015frutiyeti de bunlara g\u00f6re de\u011fi\u015ftirilmesini savunuyor. K\u00fcrtler, e\u011fitim siteminin ba\u015flang\u0131\u00e7 d\u00f6neminde \u00e7ocuklar\u0131n\u0131 okula g\u00f6ndermedi. Bir sivil itaatsizlik eylemini ger\u00e7ekle\u015ftirdi. Bug\u00fcn de arkada\u015flar\u0131m\u0131z 4 bin dilek\u00e7e ile milli e\u011fitimi m\u00fcd\u00fcrl\u00fc\u011f\u00fcne m\u00fcracaat edecek. K\u00fcrtler ana dillerinde e\u011fitim g\u00f6rmek istiyor. Dilek\u00e7emizi resmi makamlara iletece\u011fiz&#8221;<\/p>\n<p style=\"text-align: justify;\"><a href=\"http:\/\/www.cnnturk.com\/2010\/turkiye\/10\/11\/bdpnin.formulu.ikinci.dil.turkce\/592637.0\/index.html\" target=\"_blank\"><span style=\"color: #888888;\">CNN T\u00dcRK<\/span><\/a><\/p>\n","protected":false},"excerpt":{"rendered":"<p id=\"caption-attachment-26449\" class=\"wp-caption-text\">BDP Grup Ba\u015fkan Vekili ve Batman Milletvekili Bengi Y\u0131ld\u0131z<\/p>\n<p style=\"text-align: justify;\">BDP Grup Ba\u015fkan Vekili ve Batman Milletvekili Bengi Y\u0131ld\u0131z, K\u00fcrt sorunun \u00e7\u00f6z\u00fcm\u00fc konusunda form\u00fcl haz\u0131rlad\u0131klar\u0131n\u0131 beliterek, &#8220;Bu sistem i\u00e7erisinde K\u00fcrtler K\u00fcrdistan&#8217;da, \u00d6zerk K\u00fcrdistan&#8217;da kendi dillerini birinci dil olarak kullanacak. Birinci resmi dilleri K\u00fcrt\u00e7e olacak, ikinci dilleri de T\u00fcrk\u00e7e olacak&#8221; dedi. <\/p>\n","protected":false},"author":1,"featured_media":0,"comment_status":"open","ping_status":"closed","sticky":false,"template":"","format":"standard","meta":{"footnotes":""},"categories":[105],"tags":[],"class_list":["post-26448","post","type-post","status-publish","format-standard","hentry","category-gundem","odd"],"_links":{"self":[{"href":"http:\/\/www.korhanyilmaz.com\/index.php?rest_route=\/wp\/v2\/posts\/26448","targetHints":{"allow":["GET"]}}],"collection":[{"href":"http:\/\/www.korhanyilmaz.com\/index.php?rest_route=\/wp\/v2\/posts"}],"about":[{"href":"http:\/\/www.korhanyilmaz.com\/index.php?rest_route=\/wp\/v2\/types\/post"}],"author":[{"embeddable":true,"href":"http:\/\/www.korhanyilmaz.com\/index.php?rest_route=\/wp\/v2\/users\/1"}],"replies":[{"embeddable":true,"href":"http:\/\/www.korhanyilmaz.com\/index.php?rest_route=%2Fwp%2Fv2%2Fcomments&post=26448"}],"version-history":[{"count":0,"href":"http:\/\/www.korhanyilmaz.com\/index.php?rest_route=\/wp\/v2\/posts\/26448\/revisions"}],"wp:attachment":[{"href":"http:\/\/www.korhanyilmaz.com\/index.php?rest_route=%2Fwp%2Fv2%2Fmedia&parent=26448"}],"wp:term":[{"taxonomy":"category","embeddable":true,"href":"http:\/\/www.korhanyilmaz.com\/index.php?rest_route=%2Fwp%2Fv2%2Fcategories&post=26448"},{"taxonomy":"post_tag","embeddable":true,"href":"http:\/\/www.korhanyilmaz.com\/index.php?rest_route=%2Fwp%2Fv2%2Ftags&post=26448"}],"curies":[{"name":"wp","href":"https:\/\/api.w.org\/{rel}","templated":true}]}}