{"id":26444,"date":"2010-10-11T20:42:54","date_gmt":"2010-10-11T17:42:54","guid":{"rendered":"http:\/\/www.korhanyilmaz.com\/?p=26444"},"modified":"2010-10-11T20:42:54","modified_gmt":"2010-10-11T17:42:54","slug":"yarsava-gore-istifalar-gecikmis-bir-karar","status":"publish","type":"post","link":"http:\/\/www.korhanyilmaz.com\/?p=26444","title":{"rendered":"YARSAV&#8217;a g\u00f6re istifalar gecikmi\u015f bir karar"},"content":{"rendered":"<p style=\"text-align: center;\"><a href=\"http:\/\/www.korhanyilmaz.com\/wp-content\/uploads\/2010\/10\/104.jpg\"  class=\"lightview\"><img loading=\"lazy\" decoding=\"async\" class=\"aligncenter size-full wp-image-26445\" src=\"http:\/\/www.korhanyilmaz.com\/wp-content\/uploads\/2010\/10\/104.jpg\" alt=\"\" width=\"309\" height=\"231\" \/><\/a><\/p>\n<p style=\"text-align: justify;\">Antalya&#8217;da se\u00e7im \u00e7al\u0131\u015fmalar\u0131 y\u00fcr\u00fcten Yarg\u0131\u00e7lar ve Savc\u0131lar Birli\u011fi (YARSAV) Ba\u015fkan\u0131 Emine \u00dclker Tarhan, HSYK Ba\u015fkanvekili Kadir \u00d6zbek ve 6 \u00fcyenin istifas\u0131n\u0131 gecikmi\u015f bir karar olarak de\u011ferlendirdi.<!--more--><\/p>\n<p style=\"text-align: justify;\">Adliye Saray\u0131&#8217;nda ziyaretlerde bulunan YARSAV Ba\u015fkan\u0131 Tarhan, \u00e7\u0131k\u0131\u015fta gazetecilerin sorular\u0131n\u0131 yan\u0131tlad\u0131, HSYK \u00fcyelerinin istifas\u0131n\u0131 de\u011ferlendirdi.<\/p>\n<p style=\"text-align: justify;\">HSYK Ba\u015fkanvekili Kadir \u00d6zbek ve 6 \u00fcyenin istifas\u0131n\u0131n gecikmi\u015f bir karar oldu\u011funu s\u00f6yleyen Tarhan, kurulun 1 g\u00fcn\u00fc kalmas\u0131na ra\u011fmen istifan\u0131n anlaml\u0131 oldu\u011funu kaydetti.<\/p>\n<p style=\"text-align: justify;\">Emine \u00dclker Tarhan, \u015f\u00f6yle konu\u015ftu: &#8220;Asl\u0131nda gecikmi\u015f bir karar olmakla birlikte do\u011fru buluyoruz bu tepkiyi. \u00c7\u00fcnk\u00fc, biliyorsunuz Adalet Bakan\u0131 ikinci bir emre kadar HSYK&#8217;n\u0131n \u00e7al\u0131\u015fmalar\u0131na ara vermi\u015fti. Asl\u0131nda biz o g\u00fcn tepki g\u00f6sterip, bir a\u00e7\u0131klama yapm\u0131\u015ft\u0131k. Buna ili\u015fkin anayasal bir kurulun i\u015flevsiz bir hale getirilmesine itiraz etmi\u015ftik. Ard\u0131ndan g\u00f6rd\u00fcklerimiz ya\u015fad\u0131klar\u0131m\u0131z.<\/p>\n<p style=\"text-align: justify;\">Evet, olacaklar\u0131n asl\u0131nda bir sonraki yani anayasa de\u011fi\u015fikli\u011finden sonraki olacaklar\u0131n\u0131n da g\u00f6stergesiydi. Kurul en basit bir i\u015fi yapamaz hale getirildi. A\u011fustos ay\u0131nda beri \u00e7al\u0131\u015famaz hale getirildi. Cari i\u015flemi yapam\u0131yordu. Yarg\u0131\u00e7lar\u0131n izinleri, yarg\u0131\u00e7lar\u0131n e\u011fitimleri, yarg\u0131\u00e7lar\u0131n yetkilendirilmeleri gibi. Bunlar T\u00fcrk yarg\u0131s\u0131n\u0131, \u00e7al\u0131\u015fan bir mekanizma getiren unsurlard\u0131r. Bunlar\u0131n hi\u00e7 birisi yap\u0131lamaz hale gelmi\u015fti.&#8221;<\/p>\n<p style=\"text-align: justify;\"><strong>&#8220;B\u0131\u00e7ak kemi\u011fe dayand\u0131&#8221; <\/strong><\/p>\n<p style=\"text-align: justify;\">&#8220;Son olarak zannediyorum b\u0131\u00e7ak kemi\u011fe dayand\u0131 ki y\u00fcksek kurul bu konuda bir karar verdi&#8221; diyen YARSAV Ba\u015fkan\u0131 Tarhan, 600&#8217;e yak\u0131n soru\u015fturma dosyas\u0131n\u0131n kurulun g\u00fcndeminde oldu\u011funu ve bunlar\u0131n bakanl\u0131k g\u00fcd\u00fcm\u00fcnde olu\u015fturulacak kurula devredilece\u011fine dikkati \u00e7ekti.<\/p>\n<p style=\"text-align: justify;\">Anayasa De\u011fi\u015fikli\u011fi gere\u011fince kurulun yeniden yap\u0131lanaca\u011f\u0131n\u0131 belirten Emine \u00dclker Tarhan, 25 Ekim&#8217;de kurulun olu\u015fmas\u0131n\u0131n s\u00f6z konusu oldu\u011funu s\u00f6yledi.<\/p>\n<p style=\"text-align: justify;\">Tarhan, \u015f\u00f6yle konu\u015ftu: &#8220;Bundan sonraki geli\u015fmeleri de\u011ferlendirece\u011fiz. Ancak HSYK&#8217;n\u0131n yasa tasla\u011f\u0131na ili\u015fkin bakanl\u0131\u011f\u0131n haz\u0131rlad\u0131\u011f\u0131 metni inceledi\u011fimizde durumun hi\u00e7 de i\u00e7 a\u00e7\u0131c\u0131 olmad\u0131\u011f\u0131n\u0131 g\u00f6r\u00fcyoruz. Burada \u00f6zellikle yarg\u0131\u00e7lar\u0131n ve HSYK \u00fcyesi olan yarg\u0131\u00e7lar\u0131n da tamamen g\u00fcvencesiz olmas\u0131 nedeniyle y\u00fcr\u00fctme etkisinde kalma olas\u0131l\u0131klar\u0131 oldu\u011funu g\u00f6r\u00fcyoruz. Yani daha \u00f6nce s\u00f6yledi\u011fimiz ve i\u015faret etti\u011fimiz tuzaklar\u0131n g\u00fcn g\u00fcn ger\u00e7ekle\u015fti\u011fini g\u00f6rmekten ger\u00e7ekten \u00fczg\u00fcn\u00fcz, mutsuzuz bundan \u00f6t\u00fcr\u00fc.&#8221;<\/p>\n<p style=\"text-align: justify;\">Bir gazetecinin, &#8220;YARSAV&#8217;dan istifa bekliyor musunuz?&#8221; sorusuna Tarhan, &#8220;YARSAV&#8217;dan \u015fu anda \u00f6yle bir beklentimiz, istifa beklentimiz yok. Biz \u00e7al\u0131\u015fma i\u00e7indeyiz. Y\u00fcksek kurulun yap\u0131lanmas\u0131na ili\u015fkin s\u00fcre\u00e7te her a\u015famas\u0131nda pozisyon alaca\u011f\u0131m\u0131z\u0131 daha \u00f6nce payla\u015fm\u0131\u015ft\u0131k. Biz o \u00e7al\u0131\u015fmalar\u0131 yapmaktay\u0131z&#8221; yan\u0131t\u0131n\u0131 verdi.<\/p>\n<p style=\"text-align: justify;\"><a href=\"http:\/\/www.cnnturk.com\/2010\/turkiye\/10\/11\/yarsava.gore.istifalar.gecikmis.bir.karar\/592644.0\/index.html\" target=\"_blank\"><span style=\"color: #888888;\">CNN T\u00dcRK<\/span><\/a><\/p>\n","protected":false},"excerpt":{"rendered":"<p style=\"text-align: center;\">\n<p style=\"text-align: justify;\">Antalya&#8217;da se\u00e7im \u00e7al\u0131\u015fmalar\u0131 y\u00fcr\u00fcten Yarg\u0131\u00e7lar ve Savc\u0131lar Birli\u011fi (YARSAV) Ba\u015fkan\u0131 Emine \u00dclker Tarhan, HSYK Ba\u015fkanvekili Kadir \u00d6zbek ve 6 \u00fcyenin istifas\u0131n\u0131 gecikmi\u015f bir karar olarak de\u011ferlendirdi.<\/p>\n","protected":false},"author":1,"featured_media":0,"comment_status":"open","ping_status":"closed","sticky":false,"template":"","format":"standard","meta":{"footnotes":""},"categories":[105],"tags":[],"class_list":["post-26444","post","type-post","status-publish","format-standard","hentry","category-gundem","odd"],"_links":{"self":[{"href":"http:\/\/www.korhanyilmaz.com\/index.php?rest_route=\/wp\/v2\/posts\/26444","targetHints":{"allow":["GET"]}}],"collection":[{"href":"http:\/\/www.korhanyilmaz.com\/index.php?rest_route=\/wp\/v2\/posts"}],"about":[{"href":"http:\/\/www.korhanyilmaz.com\/index.php?rest_route=\/wp\/v2\/types\/post"}],"author":[{"embeddable":true,"href":"http:\/\/www.korhanyilmaz.com\/index.php?rest_route=\/wp\/v2\/users\/1"}],"replies":[{"embeddable":true,"href":"http:\/\/www.korhanyilmaz.com\/index.php?rest_route=%2Fwp%2Fv2%2Fcomments&post=26444"}],"version-history":[{"count":0,"href":"http:\/\/www.korhanyilmaz.com\/index.php?rest_route=\/wp\/v2\/posts\/26444\/revisions"}],"wp:attachment":[{"href":"http:\/\/www.korhanyilmaz.com\/index.php?rest_route=%2Fwp%2Fv2%2Fmedia&parent=26444"}],"wp:term":[{"taxonomy":"category","embeddable":true,"href":"http:\/\/www.korhanyilmaz.com\/index.php?rest_route=%2Fwp%2Fv2%2Fcategories&post=26444"},{"taxonomy":"post_tag","embeddable":true,"href":"http:\/\/www.korhanyilmaz.com\/index.php?rest_route=%2Fwp%2Fv2%2Ftags&post=26444"}],"curies":[{"name":"wp","href":"https:\/\/api.w.org\/{rel}","templated":true}]}}