{"id":26436,"date":"2010-10-11T16:45:04","date_gmt":"2010-10-11T13:45:04","guid":{"rendered":"http:\/\/www.korhanyilmaz.com\/?p=26436"},"modified":"2010-10-11T16:45:04","modified_gmt":"2010-10-11T13:45:04","slug":"adalet-bakanligina-gore-istifalar-maksatli","status":"publish","type":"post","link":"http:\/\/www.korhanyilmaz.com\/?p=26436","title":{"rendered":"Bakanl\u0131ktan istifa a\u00e7\u0131klamas\u0131"},"content":{"rendered":"<p style=\"text-align: center;\"><a href=\"http:\/\/www.korhanyilmaz.com\/wp-content\/uploads\/2010\/10\/111.jpg\"  class=\"lightview\"><img loading=\"lazy\" decoding=\"async\" class=\"aligncenter size-full wp-image-26474\" src=\"http:\/\/www.korhanyilmaz.com\/wp-content\/uploads\/2010\/10\/111.jpg\" alt=\"\" width=\"404\" height=\"208\" \/><\/a><\/p>\n<p style=\"text-align: justify;\">Adalet Bakanl\u0131\u011f\u0131: HSYK&#8217;n\u0131n \u00e7al\u0131\u015ft\u0131r\u0131lmad\u0131\u011f\u0131 iddias\u0131 ger\u00e7ek d\u0131\u015f\u0131.<\/p>\n<p style=\"text-align: justify;\">ANKARA- HSYK Ba\u015fkanvekili Kadir \u00d6zbek ve 6 \u00fcye, kurulun 17 A\u011fustos&#8217;tan beri fiili olarak \u00e7al\u0131\u015ft\u0131r\u0131lmad\u0131\u011f\u0131n\u0131 belirterek, istifa etmi\u015fti. Adalet Bakanl\u0131\u011f\u0131, bir a\u00e7\u0131klama yaparak iddialara ve istifalara yan\u0131t verdi. \u0130\u015fte o a\u00e7\u0131klama&#8230; <!--more--><\/p>\n<p style=\"text-align: justify;\">H\u00e2kimler ve Savc\u0131lar Y\u00fcksek Kurulunun (HSYK) baz\u0131 as\u0131l ve yedek \u00fcyelerinin Y\u00fcksek Kurul \u00fcyeli\u011finden istifa etmeleri nedeniyle a\u015fa\u011f\u0131daki a\u00e7\u0131klaman\u0131n yap\u0131lmas\u0131na ihtiya\u00e7 duyulmu\u015ftur.<\/p>\n<p style=\"text-align: justify;\"><strong>KURULUN \u00c7ALI\u015eTIRILMADI\u011eI \u0130DD\u0130ASI<\/strong><\/p>\n<p style=\"text-align: justify;\">\u00d6ncelikle \u015funu belirtmek gerekir ki; Y\u00fcksek Kurulun 17 A\u011fustos 2010 tarihinden beri \u00e7al\u0131\u015ft\u0131r\u0131lmad\u0131\u011f\u0131 y\u00f6n\u00fcndeki a\u00e7\u0131klama, bug\u00fcne kadar ya\u015fanan geli\u015fmeler dikkate al\u0131nd\u0131\u011f\u0131nda ger\u00e7eklerle ba\u011fda\u015fmamaktad\u0131r. \u015e\u00f6yle ki; Kurulun adli tatilde \u00e7al\u0131\u015fmaya devam edilmesine ili\u015fkin karar\u0131, atama ve yetki kararnamelerinin g\u00f6r\u00fc\u015f\u00fclmesine ili\u015fkindir. 16 A\u011fustos 2010 tarihinde 1271 hakim ve Cumhuriyet savc\u0131s\u0131n\u0131 kapsayan kararname tamamlanarak yay\u0131mlanm\u0131\u015ft\u0131r. Y\u00fcksek Kurulun baz\u0131 \u00fcyelerinin taslakta olmayan \u00e7ok say\u0131da \u00f6neri getirmeleri ve kapsaml\u0131 ilaveler yapmak istemeleri nedeniyle, gerekli \u00e7al\u0131\u015fmalar\u0131 yapmak \u00fczere, kararnamenin kalan b\u00f6l\u00fcmleri geri \u00e7ekilmi\u015f ve bu husus kamuoyu ile payla\u015f\u0131lm\u0131\u015ft\u0131r.<\/p>\n<p style=\"text-align: justify;\">Di\u011fer taraftan, 12 Eyl\u00fcl 2010 tarihinde yap\u0131lan halk oylamas\u0131 sonucunda Anayasa de\u011fi\u015fikli\u011fi kabul edilerek y\u00fcr\u00fcrl\u00fc\u011fe girmi\u015ftir. Anayasaya 5982 say\u0131l\u0131 Kanun ile eklenen Ge\u00e7ici 19 uncu maddeye g\u00f6re, Kurul\u2019un en az 15 \u00fcyenin kat\u0131l\u0131m\u0131 ile toplanmas\u0131 zorunlu olup, mevcut \u00fcye say\u0131s\u0131n\u0131n toplant\u0131 yeter say\u0131s\u0131na ula\u015famamas\u0131 nedeniyle, bu tarihten itibaren Kurul toplant\u0131lar\u0131 yap\u0131lamam\u0131\u015ft\u0131r. Anayasan\u0131n bu a\u00e7\u0131k h\u00fckm\u00fcne ra\u011fmen, \u2018toplant\u0131lar\u0131n hukuka ayk\u0131r\u0131 bir \u015fekilde engellendi\u011fi\u2019 iddias\u0131, hukuksal ger\u00e7eklikten uzak, kamuoyunu yanl\u0131\u015f bilgilendirmeye y\u00f6nelik bir yakla\u015f\u0131md\u0131r.<\/p>\n<p style=\"text-align: justify;\"><strong>\u0130ST\u0130FALARIN NEDEN\u0130<\/strong><\/p>\n<p style=\"text-align: justify;\">\u00d6te yandan, mevcut Kurul \u00fcyelerinin g\u00f6rev s\u00fcreleri incelendi\u011finde; Say\u0131n Musa Tekin\u2019in 5 g\u00fcn sonra 16 Ekim 2010 tarihinde, Say\u0131n Kadir \u00d6zbek\u2019in 52 g\u00fcn sonra 02 Aral\u0131k 2010 tarihinde, di\u011fer \u00fcyelerin g\u00f6rev s\u00fcrelerinin ise genel olarak 2012 y\u0131l\u0131 i\u00e7erisinde sona erece\u011fi g\u00f6r\u00fclecektir.<\/p>\n<p style=\"text-align: justify;\">Baz\u0131 Kurul \u00dcyelerinin g\u00f6rev s\u00fcrelerinin dolmas\u0131na say\u0131l\u0131 g\u00fcnler kala a\u00e7\u0131klanan bu istifalar; (1) 17 Ekim 2010 tarihinde yap\u0131lacak olan H\u00e2kimler ve Savc\u0131lar Y\u00fcksek Kurulu \u00dcyeli\u011fi se\u00e7imlerini etkilemeye ve (2) istifa eden \u00fcyelerin Yarg\u0131tay ve Dan\u0131\u015ftay\u2019daki gelece\u011fe dair birtak\u0131m beklentilerini ger\u00e7ekle\u015ftirmeye y\u00f6nelik giri\u015fimler olarak de\u011ferlendirilmektedir.<\/p>\n<p style=\"text-align: justify;\">Ayr\u0131ca, \u00f6ne s\u00fcr\u00fclen istifa gerek\u00e7elerinin tamam\u0131na y\u00f6nelik Bakanl\u0131\u011f\u0131m\u0131zca de\u011fi\u015fik vesilelerle bas\u0131n a\u00e7\u0131klamalar\u0131 yap\u0131ld\u0131\u011f\u0131ndan, bu konulara ili\u015fkin yeniden bir de\u011ferlendirme yap\u0131lmas\u0131na gerek g\u00f6r\u00fclmemi\u015ftir.<\/p>\n<p style=\"text-align: justify;\"><a href=\"http:\/\/www.gazeteport.com.tr\/GUNCEL\/NEWS\/GP_779245\" target=\"_blank\"><span style=\"color: #888888;\">Kaynak : GAZETEPORT<\/span><\/a><\/p>\n","protected":false},"excerpt":{"rendered":"<p style=\"text-align: center;\">\n<p style=\"text-align: justify;\">Adalet Bakanl\u0131\u011f\u0131: HSYK&#8217;n\u0131n \u00e7al\u0131\u015ft\u0131r\u0131lmad\u0131\u011f\u0131 iddias\u0131 ger\u00e7ek d\u0131\u015f\u0131.<\/p>\n<p style=\"text-align: justify;\">ANKARA- HSYK Ba\u015fkanvekili Kadir \u00d6zbek ve 6 \u00fcye, kurulun 17 A\u011fustos&#8217;tan beri fiili olarak \u00e7al\u0131\u015ft\u0131r\u0131lmad\u0131\u011f\u0131n\u0131 belirterek, istifa etmi\u015fti. Adalet Bakanl\u0131\u011f\u0131, bir a\u00e7\u0131klama yaparak iddialara ve istifalara yan\u0131t verdi. \u0130\u015fte o a\u00e7\u0131klama&#8230; <\/p>\n","protected":false},"author":1,"featured_media":0,"comment_status":"open","ping_status":"closed","sticky":false,"template":"","format":"standard","meta":{"footnotes":""},"categories":[105],"tags":[],"class_list":["post-26436","post","type-post","status-publish","format-standard","hentry","category-gundem","odd"],"_links":{"self":[{"href":"http:\/\/www.korhanyilmaz.com\/index.php?rest_route=\/wp\/v2\/posts\/26436","targetHints":{"allow":["GET"]}}],"collection":[{"href":"http:\/\/www.korhanyilmaz.com\/index.php?rest_route=\/wp\/v2\/posts"}],"about":[{"href":"http:\/\/www.korhanyilmaz.com\/index.php?rest_route=\/wp\/v2\/types\/post"}],"author":[{"embeddable":true,"href":"http:\/\/www.korhanyilmaz.com\/index.php?rest_route=\/wp\/v2\/users\/1"}],"replies":[{"embeddable":true,"href":"http:\/\/www.korhanyilmaz.com\/index.php?rest_route=%2Fwp%2Fv2%2Fcomments&post=26436"}],"version-history":[{"count":0,"href":"http:\/\/www.korhanyilmaz.com\/index.php?rest_route=\/wp\/v2\/posts\/26436\/revisions"}],"wp:attachment":[{"href":"http:\/\/www.korhanyilmaz.com\/index.php?rest_route=%2Fwp%2Fv2%2Fmedia&parent=26436"}],"wp:term":[{"taxonomy":"category","embeddable":true,"href":"http:\/\/www.korhanyilmaz.com\/index.php?rest_route=%2Fwp%2Fv2%2Fcategories&post=26436"},{"taxonomy":"post_tag","embeddable":true,"href":"http:\/\/www.korhanyilmaz.com\/index.php?rest_route=%2Fwp%2Fv2%2Ftags&post=26436"}],"curies":[{"name":"wp","href":"https:\/\/api.w.org\/{rel}","templated":true}]}}