{"id":26422,"date":"2010-10-11T09:25:06","date_gmt":"2010-10-11T06:25:06","guid":{"rendered":"http:\/\/www.korhanyilmaz.com\/?p=26422"},"modified":"2010-10-11T09:25:06","modified_gmt":"2010-10-11T06:25:06","slug":"esref-bitlis-olayiyla-ilgili-sok-iddia","status":"publish","type":"post","link":"http:\/\/www.korhanyilmaz.com\/?p=26422","title":{"rendered":"E\u015fref Bitlis olay\u0131yla ilgili \u015fok iddia!"},"content":{"rendered":"<p style=\"text-align: justify;\"><a href=\"http:\/\/www.korhanyilmaz.com\/wp-content\/uploads\/2010\/10\/099.jpeg\"  class=\"lightview\"><img loading=\"lazy\" decoding=\"async\" class=\"aligncenter size-full wp-image-26423\" src=\"http:\/\/www.korhanyilmaz.com\/wp-content\/uploads\/2010\/10\/099.jpeg\" alt=\"\" width=\"357\" height=\"238\" \/><\/a><\/p>\n<p style=\"text-align: justify;\">E\u015fref Bitlis&#8217;in \u015fehit d\u00fc\u015ft\u00fc\u011f\u00fc 1993&#8217;teki u\u00e7ak kazas\u0131n\u0131n raporunu yazan albay: Kaza raporu ilk \u015fekliyle \u00e7\u0131ksayd\u0131, baz\u0131 komutanlar yanard\u0131. Bu konu 17 y\u0131ld\u0131r i\u00e7imde kanayan bir yara. <!--more--><\/p>\n<p style=\"text-align: justify;\">Emekli orgeneral E\u015fref Bitlis&#8217;le ilgili baz\u0131 ayr\u0131nt\u0131lar\u0131n ortaya \u00e7\u0131kmas\u0131ndan sonra arayan ve olaydan 2 ay sonra kaza raporunu haz\u0131rlayan ekibin i\u00e7inde bulunan bir emekli albay \u015fok a\u00e7\u0131klamalarda bulundu. Sabah gazetesinin g\u00f6r\u00fc\u015ft\u00fc\u011f\u00fc emekli albay, kazan\u0131n oldu\u011fu 1993&#8217;te Etimesgut Havaalan\u0131&#8217;nda \u00f6nemli bir g\u00f6revde bulundu\u011funu belirterek \u015fu a\u00e7\u0131klamalar\u0131 yapt\u0131&#8230;<\/p>\n<p style=\"text-align: justify;\"><strong>17 YILLIK V\u0130CDAN AZABI:<\/strong> E\u015fim konu\u015fmama kar\u015f\u0131 \u00e7\u0131kt\u0131, &#8220;Bizi rahat b\u0131rakmazlar&#8221; dedi. Ama art\u0131k bunu ta\u015f\u0131mayaca\u011f\u0131m\u0131 anlad\u0131m. Vicdanen rahatlamak istiyorum. 2 g\u00fcnd\u00fcr g\u00f6z\u00fcme uyku girmiyor. 17 y\u0131ld\u0131r i\u00e7imde bir yara olarak duruyor. Hazmedemiyorum art\u0131k&#8230;<\/p>\n<p style=\"text-align: justify;\"><strong>O G\u00dcN U\u00c7U\u015e YAPILAMAZDI:<\/strong> 16 \u015eubat ak\u015fam\u0131 \u015fiddetli bir so\u011fuk ve buzlanma vard\u0131, 17 \u015eubat g\u00fcn\u00fc de yo\u011fun bir tipi&#8230; Etimesgut&#8217;ta sabah erken saatlerde kalkt\u0131m, gerekli kontrolleri yapt\u0131m. Meteoroloji ile g\u00f6r\u00fc\u015ft\u00fcm. &#8220;Bug\u00fcn u\u00e7u\u015f yap\u0131lamaz&#8221; raporunu verdikten sonra dinlenmek i\u00e7in eve gittim. Fakat 4-5 saat sonra \u015fok haber geldi, &#8220;Bitlis Pa\u015fa u\u00e7ak kazas\u0131nda \u00f6lm\u00fc\u015f&#8221; diye&#8230; Dondum kald\u0131m, inanamad\u0131m \u00f6nce. \u0130lk tepkim, &#8220;Allah belalar\u0131n\u0131 versin, pa\u015fay\u0131 bile bile \u00f6l\u00fcme g\u00f6ndermi\u015fler&#8221; oldu.<\/p>\n<p style=\"text-align: justify;\"><strong>&#8216;B\u0130ZE B\u0130LG\u0130 VERMED\u0130LER&#8217;<\/strong><\/p>\n<p style=\"text-align: justify;\"><strong>\u00d6ZEL \u0130Z\u0130N VER\u0130LM\u0130\u015e:<\/strong> &#8220;U\u00e7u\u015f yap\u0131lamaz&#8221; uyar\u0131m\u0131za ra\u011fmen Jandarma Genel Komutan\u0131 i\u00e7in u\u00e7ak kald\u0131r\u0131l\u0131yor, hem de bize bilgi verilmeden. Sonra \u00f6\u011frendim ilgili komutan\u0131n yani Tu\u011fgeneral Arma\u011fan Kulo\u011flu&#8217;nun \u00f6zel izniyle u\u00e7u\u015f izni \u00e7\u0131km\u0131\u015f. Hemen \u00fcsse geldim, ekibi ald\u0131m, do\u011fruca kazan\u0131n oldu\u011fu yere gittim.<\/p>\n<p style=\"text-align: justify;\"><strong>MANZARA KORKUN\u00c7TU: <\/strong>Kalk\u0131\u015ftan tam 7 dakika sonra d\u00fc\u015fen Beech Super King Air BE-200 \u00e7ift motorlu u\u00e7akta Bitlis pa\u015fa ile birlikte Emir Subay\u0131 Albay Fahir I\u015f\u0131k, pilotlar binba\u015f\u0131 Ya\u015far Erian, y\u00fczba\u015f\u0131 Tu\u011frul Sezginler ve teknisyen Astsubay Ba\u015f\u00e7avu\u015f Emin \u00d6ner \u015fehit olmu\u015ftu. Manzara ise \u00e7ok korkun\u00e7tu. Bitlis Pa\u015fa&#8217;m\u0131n kollar\u0131 bacaklar\u0131 kopmu\u015ftu. Di\u011fer personelin durumu da pek farkl\u0131 de\u011fildi.<\/p>\n<p style=\"text-align: justify;\"><strong>K\u0130MSE YAKLA\u015eMASIN:<\/strong> Kazan\u0131n oldu\u011fu alana hi\u00e7 kimseyi sokmad\u0131m. Hatta d\u00f6nemin ANAP lideri say\u0131n Mesut Y\u0131lmaz g\u00fcvenlik bariyerinden ileri bir noktaya ge\u00e7mek istedi, nazik\u00e7e geri \u00e7evirdim. \u0130lk etapta olay\u0131n siyasi y\u00f6n\u00fc olabilece\u011fi hi\u00e7 akl\u0131ma gelmedi. Teknik a\u00e7\u0131dan bak\u0131yordum olaya ve tek d\u00fc\u015f\u00fcnd\u00fc\u011f\u00fcm \u015fey, &#8220;Bu havada u\u00e7u\u015fa nas\u0131l izin verildi&#8221; sorusuna cevap bulmakt\u0131.<\/p>\n<p style=\"text-align: justify;\"><strong>&#8216;\u0130DARE Y\u00dcZDE 40 HATALI&#8217;<\/strong><\/p>\n<p style=\"text-align: justify;\"><strong>\u0130DAR\u0130 KUSUR B\u00dcY\u00dcKT\u00dc:<\/strong> Teknik heyetin \u00e7al\u0131\u015fmas\u0131 bir ay\u0131 a\u015fk\u0131n s\u00fcrd\u00fc. Son \u00e7al\u0131\u015fmay\u0131 Genelkurmay Kararg\u00e2h\u0131&#8217;nda yapt\u0131k. Tespitlerimize g\u00f6re idare y\u00fczde 40 kusurluydu ve raporu bunun \u00fczerine kurduk. En b\u00fcy\u00fck oran buydu. Sonra di\u011fer oranlar\u0131 s\u0131ralad\u0131k. \u00c7ok ayr\u0131nt\u0131l\u0131 olmu\u015ftu rapor.<\/p>\n<p style=\"text-align: justify;\"><strong>KARARG\u00c2HA \u00c7A\u011eRILDIM:<\/strong> Raporu yazd\u0131ktan 1 veya 1.5 ay sonra Genelkurmay&#8217;a davet edildim. Rapor \u00f6n\u00fcm\u00fcze geldi, bakt\u0131m de\u011fi\u015ftirmi\u015fler. \u0130dari kusur oran\u0131n\u0131 neredeyse s\u0131f\u0131rlam\u0131\u015flar, y\u00fczde 5&#8217;e d\u00fc\u015fm\u00fc\u015f. \u0130tiraz ettim. Ancak masan\u0131n kar\u015f\u0131 taraf\u0131nda duran 4 general (Bu isimlerden birisi daha sonra kuvvet komutan\u0131 oldu) sert bir ifadeyle &#8220;Rapor bu, imzalay\u0131n&#8221; dediler. \u015eok i\u00e7indeydim.<\/p>\n<p style=\"text-align: justify;\"><strong>R\u00dcTBELER\u0130M\u0130 S\u00d6K\u00dcN!:<\/strong> Bu iste\u011fe kar\u015f\u0131 \u00e7\u0131kt\u0131m. Bunun bir istek olmad\u0131\u011f\u0131n\u0131 &#8220;emir&#8221; oldu\u011funu s\u00f6ylediler. Yutkundum ve &#8220;Komutan\u0131m isterseniz r\u00fctbelerimi s\u00f6k\u00fcn, ama ben raporu bu \u015fekilde imzalamam&#8221; dedim. \u00c7\u00fcnk\u00fc \u00f6n\u00fcme konan rapor bizim haz\u0131rlad\u0131\u011f\u0131m\u0131z rapor de\u011fildi, \u00e7ok ciddi farkl\u0131l\u0131klar vard\u0131. &#8220;SONU\u00c7&#8221; ve &#8220;KARAR&#8221; b\u00f6l\u00fcmlerini okuduk\u00e7a hayretim daha da artt\u0131.<\/p>\n<p style=\"text-align: justify;\"><strong>&#8216;ORGENERAL OLDULAR&#8217;<\/strong><\/p>\n<p style=\"text-align: justify;\"><strong>\u015eERH KOYMA \u015eARTIYLA \u0130MZALADIM: <\/strong>Kararg\u00e2hta bulundu\u011fum o s\u00fcre i\u00e7inde sert tart\u0131\u015fmalar oldu. \u00dczerimde art\u0131k ta\u015f\u0131mayaca\u011f\u0131m kadar psikolojik bask\u0131 olu\u015ftu. Ben de &#8220;Ancak bir \u015fartla, \u015ferh koyarak imzalar\u0131m&#8221; dedim ve raporu o \u015fekilde imzalad\u0131m. E\u011fer rapor de\u011fi\u015ftirilmemi\u015f olsayd\u0131 o g\u00fcn bir\u00e7ok komutan\u0131n g\u00f6revden al\u0131nmas\u0131 gerekirdi. Ama maalesef o ki\u015filer bir s\u00fcre sonra tek tek terfi ald\u0131lar, orgeneral bile oldular. Ve sonu\u00e7ta rapor de\u011fi\u015ftirilen son \u015fekliyle d\u00f6nemin Genelkurmay Ba\u015fkan\u0131 Orgeneral Do\u011fan G\u00fcre\u015f&#8217;e arz edildi. (Sabah)<\/p>\n<p style=\"text-align: justify;\"><a href=\"http:\/\/www.radikal.com.tr\/Radikal.aspx?aType=RadikalDetay&amp;ArticleID=1023168&amp;Date=11.10.2010&amp;CategoryID=77\" target=\"_blank\"><span style=\"color: #888888;\">Kaynak : Radikal<\/span><\/a><\/p>\n","protected":false},"excerpt":{"rendered":"<p style=\"text-align: justify;\">\n<p style=\"text-align: justify;\">E\u015fref Bitlis&#8217;in \u015fehit d\u00fc\u015ft\u00fc\u011f\u00fc 1993&#8217;teki u\u00e7ak kazas\u0131n\u0131n raporunu yazan albay: Kaza raporu ilk \u015fekliyle \u00e7\u0131ksayd\u0131, baz\u0131 komutanlar yanard\u0131. Bu konu 17 y\u0131ld\u0131r i\u00e7imde kanayan bir yara. <\/p>\n","protected":false},"author":1,"featured_media":0,"comment_status":"open","ping_status":"closed","sticky":false,"template":"","format":"standard","meta":{"footnotes":""},"categories":[105],"tags":[],"class_list":["post-26422","post","type-post","status-publish","format-standard","hentry","category-gundem","odd"],"_links":{"self":[{"href":"http:\/\/www.korhanyilmaz.com\/index.php?rest_route=\/wp\/v2\/posts\/26422","targetHints":{"allow":["GET"]}}],"collection":[{"href":"http:\/\/www.korhanyilmaz.com\/index.php?rest_route=\/wp\/v2\/posts"}],"about":[{"href":"http:\/\/www.korhanyilmaz.com\/index.php?rest_route=\/wp\/v2\/types\/post"}],"author":[{"embeddable":true,"href":"http:\/\/www.korhanyilmaz.com\/index.php?rest_route=\/wp\/v2\/users\/1"}],"replies":[{"embeddable":true,"href":"http:\/\/www.korhanyilmaz.com\/index.php?rest_route=%2Fwp%2Fv2%2Fcomments&post=26422"}],"version-history":[{"count":0,"href":"http:\/\/www.korhanyilmaz.com\/index.php?rest_route=\/wp\/v2\/posts\/26422\/revisions"}],"wp:attachment":[{"href":"http:\/\/www.korhanyilmaz.com\/index.php?rest_route=%2Fwp%2Fv2%2Fmedia&parent=26422"}],"wp:term":[{"taxonomy":"category","embeddable":true,"href":"http:\/\/www.korhanyilmaz.com\/index.php?rest_route=%2Fwp%2Fv2%2Fcategories&post=26422"},{"taxonomy":"post_tag","embeddable":true,"href":"http:\/\/www.korhanyilmaz.com\/index.php?rest_route=%2Fwp%2Fv2%2Ftags&post=26422"}],"curies":[{"name":"wp","href":"https:\/\/api.w.org\/{rel}","templated":true}]}}