{"id":26418,"date":"2010-10-11T08:02:43","date_gmt":"2010-10-11T05:02:43","guid":{"rendered":"http:\/\/www.korhanyilmaz.com\/?p=26418"},"modified":"2010-10-11T08:02:43","modified_gmt":"2010-10-11T05:02:43","slug":"avcinin-ofisinde-28-subat-sesleri","status":"publish","type":"post","link":"http:\/\/www.korhanyilmaz.com\/?p=26418","title":{"rendered":"Avc\u0131&#8217;n\u0131n ofisinde &#8217;28 \u015fubat&#8217; sesleri"},"content":{"rendered":"<p style=\"text-align: justify;\"><a href=\"http:\/\/www.korhanyilmaz.com\/wp-content\/uploads\/2010\/10\/098.jpeg\"  class=\"lightview\"><img loading=\"lazy\" decoding=\"async\" class=\"aligncenter size-full wp-image-26419\" src=\"http:\/\/www.korhanyilmaz.com\/wp-content\/uploads\/2010\/10\/098.jpeg\" alt=\"\" width=\"357\" height=\"238\" \/><\/a><\/p>\n<p style=\"text-align: justify;\">Tutuklu Emniyet M\u00fcd\u00fcr\u00fc Hanefi Avc\u0131&#8217;n\u0131n ofisinde bulundu\u011fu \u00f6ne s\u00fcr\u00fclen zarfta, 1995-1998 d\u00f6nemine ait dinleme kay\u0131tlar\u0131 \u00e7\u0131kt\u0131. Kasetlerde Veli K\u00fc\u00e7\u00fck, Mehmet Eym\u00fcr ve Ahmet \u00d6zal&#8217;a ait kay\u0131tlar da yer al\u0131rken Avc\u0131, cezaevinden mesaj yollad\u0131: B\u00fct\u00fcn kutsal de\u011ferler \u00fczerine yemin ederim ki bende dinleme kay\u0131tlar\u0131 yok. Zaten ofisimi aramadan 28 g\u00fcn \u00f6nce bo\u015faltm\u0131\u015ft\u0131m. <!--more--><\/p>\n<p style=\"text-align: justify;\">\u0130STANBUL &#8211; \u2018Olay yaratan\u2019 kitab\u0131 \u2018Hali\u00e7\u2019te Ya\u015fayan Simonlar\u2019\u0131n yay\u0131nlanmas\u0131ndan k\u0131sa s\u00fcre sonra yasad\u0131\u015f\u0131 Devrimci Kararg\u00e2h soru\u015fturmas\u0131 \u00e7er\u00e7evesinde tutuklanan eski Eski\u015fehir Emniyet M\u00fcd\u00fcr\u00fc Hanefi Avc\u0131\u2019n\u0131n makam odas\u0131nda ele ge\u00e7irildi\u011fi \u00f6ne s\u00fcr\u00fclen 24 kasedin i\u00e7inden \u201828 \u015eubat\u2019 s\u00fcrecini de i\u00e7eren 1995 ile 1998 aras\u0131n\u0131n etkili bir\u00e7ok isminin de ses kayd\u0131n\u0131n \u00e7\u0131kt\u0131\u011f\u0131 belirtildi.<\/p>\n<p style=\"text-align: justify;\">S\u00f6z konusu isimler aras\u0131nda eski M\u0130T Kontrater\u00f6r Daire Ba\u015fkan\u0131 Mehmet Eym\u00fcr, d\u00f6nemin Giresun Jandarma B\u00f6lge Komutan\u0131 ve halen \u2018Ergenekon\u2019dan tutuklu Veli K\u00fc\u00e7\u00fck ile i\u015fadam\u0131 Ahmet \u00d6zal da var.<\/p>\n<p style=\"text-align: justify;\">Bu isimlerin bug\u00fcnden itibaren tek tek ifadesinin al\u0131nmas\u0131, ilk olarak bug\u00fcn Eym\u00fcr\u2019\u00fcn, yar\u0131n da \u00d6zal\u2019\u0131n adliyeye gitmesi bekleniyor. Ses kay\u0131tlar\u0131n\u0131n varl\u0131\u011f\u0131 \u00f6nce Mehmet Ali Birand ile Fatih Altayl\u0131\u2019n\u0131n pe\u015f pe\u015fe ma\u011fdur s\u0131fat\u0131yla ifade vermesiyle ortaya \u00e7\u0131km\u0131\u015f, bunun \u00fczerine Avc\u0131 bir yaz\u0131l\u0131 a\u00e7\u0131klamayla, \u2018b\u00fct\u00fcn kutsal de\u011ferler \u00fczerine\u2019 yemin ederek, s\u00f6z konusu dinleme kay\u0131tlar\u0131yla hi\u00e7bir ilgisinin bulunmad\u0131\u011f\u0131n\u0131 belirtmi\u015fti.<\/p>\n<p style=\"text-align: justify;\">Avc\u0131, kitab\u0131n\u0131 yazd\u0131ktan sonra merkeze \u00e7ekilmeyi istemi\u015f, 28 A\u011fustos\u2019ta Ankara\u2019daki Ara\u015ft\u0131rma Planlama Koordinasyon (APK) Dairesi\u2019nde g\u00f6revlendirilmi\u015fti. Avc\u0131 28 Eyl\u00fcl\u2019de Eski\u015fehir\u2019de de\u011fil, Ankara\u2019da yeni g\u00f6rev yerinde g\u00f6zalt\u0131na al\u0131nm\u0131\u015ft\u0131. Ayn\u0131 g\u00fcn Eski\u015fehir\u2019deki evi makam odas\u0131nda aranan Avc\u0131, getirildi\u011fi \u0130stanbul\u2019da Savc\u0131 Kadir Alt\u0131n\u0131\u015f\u0131k\u2019a ifade vermeyi reddetmi\u015f ve \u00e7\u0131kar\u0131ld\u0131\u011f\u0131 14. A\u011f\u0131r Ceza Mahkemesi\u2019nce tutuklanm\u0131\u015ft\u0131.<\/p>\n<p style=\"text-align: justify;\"><strong>Delil torbalar\u0131 a\u00e7\u0131ld\u0131<\/strong><\/p>\n<p style=\"text-align: justify;\">Avc\u0131\u2019n\u0131n ev ve ofisinden al\u0131nd\u0131\u011f\u0131 belirtilen delil torbalar\u0131, tutana\u011fa g\u00f6re 30 Eyl\u00fcl\u2019de saat 18.15\u2019te H\u00e2kim R\u00fcstem Ery\u0131lmaz ile Avukat Bahtiyar Kurt\u2019un huzurunda a\u00e7\u0131ld\u0131. \u0130stanbul 14. A\u011f\u0131r Ceza Mahkemesi\u2019nin tutana\u011f\u0131na g\u00f6re, delil torbalar\u0131n\u0131n a\u00e7\u0131lmas\u0131 esnas\u0131nda haz\u0131r olabilece\u011fi belirtilen Avc\u0131, cezaevinden g\u00f6nderdi\u011fi yan\u0131tta, kat\u0131lmak istemedi\u011fini belirtti.<\/p>\n<p style=\"text-align: justify;\">Sekiz sayfal\u0131k tutana\u011f\u0131n Avc\u0131\u2019n\u0131n ofisinde elde edilen delileri i\u00e7eren ikinci sayfas\u0131na \u015fu not d\u00fc\u015f\u00fcld\u00fc:<\/p>\n<p style=\"text-align: justify;\">\u201cB\u00fcy\u00fck boyut sar\u0131 zarf \u00fczerinde 24 adet teyp kaseti ve m\u00fc\u015ftemilatta (makam odas\u0131) yaz\u0131l\u0131 zarf a\u00e7\u0131ld\u0131\u011f\u0131nda \u00fczerinde 28.9.2010 yaz\u0131l\u0131 paraf edilmi\u015f siyah ve beyaz renklerde (24) adet 1\u2019den 24\u2019e kadar numaraland\u0131r\u0131lm\u0131\u015f, ayr\u0131ca belirgin bir \u00f6zelli\u011fi olmayan teyp kasetleri&#8230;\u201d<\/p>\n<p style=\"text-align: justify;\">Tutana\u011fa g\u00f6re, Avc\u0131\u2019n\u0131n eski makam odas\u0131nda yap\u0131lan aramada elde edilenler aras\u0131nda, bizzat Avc\u0131\u2019n\u0131n ad\u0131n\u0131n ge\u00e7ti\u011fi herhangi bir unsurdan bahsedilmiyor.<\/p>\n<p style=\"text-align: justify;\">S\u0131ralanan deliller aras\u0131nda; isimsiz ve imzas\u0131z harddiskler, CD\u2019ler ara kablo, disk, Be\u015fikta\u015f A\u011f\u0131r Ceza yaz\u0131l\u0131 DVD, Bayrampa\u015fa Belediyesi yaz\u0131l\u0131 CD, Toplum Destekli Polislik \u015eube MD. yaz\u0131l\u0131 CD, Eski\u015fehir Sanayi Odas\u0131 yaz\u0131l\u0131 CD, Tepeba\u015f\u0131 Belediyesi Yaz\u0131l\u0131kaya ve tarihi eser resmi bulunan CD, Eski\u015fehir Hamam\u0131 ve Kapl\u0131calar\u0131 \/ Odunpazar\u0131 Belediye yaz\u0131l\u0131 CD, TRT Haber yaz\u0131l\u0131 CD, 165. Y\u0131l Klibi yaz\u0131l\u0131 CD, bir cep telefonu yer al\u0131yor.<\/p>\n<p style=\"text-align: justify;\"><strong>Avukat: Aramada ben yoktum<\/strong><\/p>\n<p style=\"text-align: justify;\">Radikal\u2019in g\u00f6r\u00fc\u015f\u00fcne ba\u015fvurdu\u011fu Avc\u0131\u2019n\u0131n avukat\u0131 Bahtiyar Kurt da, s\u00f6z konusu kasetlerin ortaya \u00e7\u0131kar\u0131ld\u0131\u011f\u0131 \u00f6ne s\u00fcr\u00fclen arama s\u0131ras\u0131nda kendisinin haz\u0131r bulunmad\u0131\u011f\u0131n\u0131 s\u00f6yledi.<\/p>\n<p style=\"text-align: justify;\">Avc\u0131\u2019n\u0131n o d\u00f6nem yak\u0131n \u00e7al\u0131\u015fma arkada\u015f\u0131 olan eski \u0130stanbul \u0130stihbarat \u015eube M\u00fcd\u00fcr\u00fc Ahmet \u0130lhan G\u00fcler, Radikal muhabirinin y\u00f6neltti\u011fi, 1995 -1998 y\u0131llar\u0131 aras\u0131ndaki bu illegal kay\u0131tlar\u0131n emniyet b\u00fcnyesinde elde edilip edilmedi\u011fi iddias\u0131 kar\u015f\u0131s\u0131nda, \u201cHi\u00e7bir bilgim yok\u201d diyerek yorum yapmak istemedi.<\/p>\n<p style=\"text-align: justify;\"><strong>Avc\u0131, \u2018kaset\u2019tekilerle kavgal\u0131yd\u0131 <\/strong><\/p>\n<p style=\"text-align: justify;\">Hanefi Avc\u0131, Susurluk Komisyonu\u2019na verdi\u011fi ifadesinde Veli K\u00fc\u00e7\u00fck\u2019\u00fc \u2018mafyayla \u00e7ok s\u0131k\u0131 irtibatta\u2019 olmakla su\u00e7lam\u0131\u015ft\u0131. Avc\u0131 \u2018M\u0130T i\u00e7inde \u00e7ete kurdu\u2019 dedi\u011fi Eym\u00fcr\u2019le de mahkemelik olmu\u015ftu.<\/p>\n<p style=\"text-align: justify;\">Avc\u0131\u2019n\u0131n eski makam odas\u0131nda \u00e7\u0131kt\u0131\u011f\u0131 \u00f6ne s\u00fcr\u00fclen kay\u0131tlar\u0131n \u00f6zellikle 1995- 1998 aras\u0131ndaki etkili isimlere ait olmas\u0131, dinleme i\u015fleminin 1995 -1997 y\u0131llar\u0131 aras\u0131nda yap\u0131lm\u0131\u015f olabilece\u011fini d\u00fc\u015f\u00fcnd\u00fcr\u00fcyor. Avc\u0131, 1992-1996 aras\u0131nda \u0130stanbul \u0130stihbarat \u015eube M\u00fcd\u00fcrl\u00fc\u011f\u00fc\u2019nde bulunmu\u015f ve ard\u0131ndan terfi ederek Emniyet \u0130stihbarat Dairesi\u2019nde ba\u015fkan yard\u0131mc\u0131s\u0131 olarak g\u00f6rev yapm\u0131\u015ft\u0131.<\/p>\n<p style=\"text-align: justify;\">Avc\u0131, 4 \u015eubat 1997\u2019de Meclis Susurluk Ara\u015ft\u0131rma Komisyonu\u2019ndaki ifadesinde, kasetlerde ses kayd\u0131 yer alan Veli K\u00fc\u00e7\u00fck\u2019\u00fc \u2018mafya gruplar\u0131yla \u00e7ok s\u0131k\u0131 irtibatta olmakla\u2019 su\u00e7lad\u0131. K\u00fc\u00e7\u00fck, halen \u2018Ergenekon\u2019 soru\u015fturmas\u0131ndan tutuklu bulunuyor.<\/p>\n<p style=\"text-align: justify;\">Avc\u0131, Mehmet Eym\u00fcr\u2019\u00fc de M\u0130T\u2019te \u00e7ete olu\u015fturmak ve mafyayla i\u015fbirli\u011fine gitmekle itham etti. Eym\u00fcr\u2019\u00fcn tazminat davas\u0131 a\u00e7mas\u0131 \u00fczerinde Avc\u0131, \u00fc\u00e7\u00fc M\u0130T\u2019e ait, \u00fc\u00e7\u00fc de M\u0130T\u2019in gizlilik gerek\u00e7esiyle ger\u00e7ek ki\u015filer \u00fczerine ald\u0131\u011f\u0131 alt\u0131 telefon numaras\u0131n\u0131 delil olarak sundu. B\u00f6ylelikle M\u0130T\u2019in Avc\u0131 taraf\u0131ndan dinletildi\u011fi ku\u015fkusu belirdi. Eym\u00fcr, Ekim 2007\u2019de M\u0130T\u2019e verdi\u011fi dilek\u00e7ede, Avc\u0131\u2019n\u0131n o y\u0131llarda Adalet ve \u0130\u00e7i\u015fleri Bakanl\u0131\u011f\u0131 g\u00f6revi yapm\u0131\u015f Mehmet A\u011far ad\u0131na hareket ederek, Susurluk\u2019u g\u00f6lgelemek i\u00e7in \u00e7aba g\u00f6sterdi\u011fini savundu.<\/p>\n<p style=\"text-align: justify;\"><strong>Bir de \u2018K\u00f6stebek\u2019 skandal\u0131<\/strong><\/p>\n<p style=\"text-align: justify;\">Avc\u0131\u2019n\u0131n \u2018devlet\u2019le aras\u0131n\u0131n a\u00e7\u0131lmas\u0131 ise yine ayn\u0131 y\u0131llardaki \u2018K\u00f6stebek Skandal\u0131\u2019na dayan\u0131yor. Avc\u0131 \u0130stihbarat Daire Ba\u015fkan Yard\u0131mc\u0131l\u0131\u011f\u0131 g\u00f6revindeyken Deniz Kuvvetleri Kararg\u00e2h\u0131\u2019nda \u2018K\u00f6stebek skandal\u0131\u2019 patlak vermi\u015fti. Askerli\u011fini onba\u015f\u0131 r\u00fctbesiyle Deniz Kuvvetleri \u0130stihbarat Ba\u015fkanl\u0131\u011f\u0131\u2019nda yapan polis memuru Kadir Sarmusak\u2019\u0131n casus olarak kullan\u0131ld\u0131\u011f\u0131 ve Bat\u0131 \u00c7al\u0131\u015fma Grubu\u2019nun baz\u0131 gizli belgelerini Emniyet\u2019e s\u0131zd\u0131rd\u0131\u011f\u0131 ortaya \u00e7\u0131km\u0131\u015ft\u0131. O d\u00f6nem \u0130stihbarat Daire Ba\u015fkan\u0131 koltu\u011funda oturan B\u00fclent Orako\u011flu g\u00f6revinden al\u0131n\u0131p tutuklanm\u0131\u015ft\u0131. Skandal \u00fczerine kendisi de g\u00f6revden al\u0131nan Avc\u0131 da o g\u00fcnlerde \u201c\u0130htilal haz\u0131rl\u0131\u011f\u0131 varsa izlemek polis olarak yasal hakk\u0131m\u0131zd\u0131r \u201d demi\u015fti.<\/p>\n<p style=\"text-align: justify;\">Avc\u0131 ayr\u0131ca 3 \u015eubat 1998 tarihinde Birand\u2019\u0131n 32. G\u00fcn program\u0131na \u00e7\u0131karak devlet i\u00e7inde bir grubun PKK ile i\u015fbirli\u011fi yapt\u0131\u011f\u0131n\u0131 ileri s\u00fcrm\u00fc\u015ft\u00fc. Emniyet Genel M\u00fcd\u00fcrl\u00fc\u011f\u00fc \u0130stihbarat Daire Ba\u015fkanl\u0131\u011f\u0131\u2019n\u0131n s\u00f6z konusu o ki\u015fiyi tespit etti\u011fini s\u00f6yleyen Avc\u0131, Susurluk\u2019la ilgili \u00e7izdi\u011fi \u00e7ete \u015femalar\u0131na T\u00fcrk Silahl\u0131 Kuvvetleri\u2019ni de dahil etmi\u015fti. Bunun \u00fczerine 21 \u015eubat\u2019ta Devlet G\u00fcvenlik Mahkemesi\u2019nce tutuklanm\u0131\u015ft\u0131.<\/p>\n<p style=\"text-align: justify;\">Tutuklulu\u011fu 10 g\u00fcn s\u00fcren Avc\u0131, 2003\u2019e kadar geri g\u00f6revde tutulmu\u015ftu.<\/p>\n<p style=\"text-align: justify;\"><strong>Avc\u0131 yeminle reddetti<\/strong><\/p>\n<p style=\"text-align: justify;\">Avc\u0131 8 Ekim\u2019de Birand\u2019a iletilmek \u00fczere CNN T\u00fcrk\u2019ten C\u00fcneyt \u00d6zdemir\u2019e g\u00f6nderdi\u011fi faksta kasetlerin \u00e7\u0131kt\u0131\u011f\u0131 ileri s\u00fcr\u00fclen makam\u0131n\u0131 28 g\u00fcn \u00f6nce bo\u015faltm\u0131\u015f oldu\u011funa dikkat \u00e7ekmi\u015fti. Avc\u0131 \u015f\u00f6yle diyordu: \u201cB\u00fct\u00fcn kutsal de\u011ferler \u00fczerine yemin ederim ki bende ne Birand\u2019\u0131n ne de ba\u015fka bir ki\u015finin \u00f6zel hayat\u0131, telefon konu\u015fmas\u0131 ile ilgili kay\u0131t, bant vs yoktur olamaz da, asla yoktur. Delillerin \u00e7\u0131kt\u0131\u011f\u0131 iddia edilen makam odas\u0131ndan 28 g\u00fcn \u00f6nce ayr\u0131ld\u0131m. 28 g\u00fcn \u00f6nce ayr\u0131ld\u0131\u011f\u0131m makam\u0131m aran\u0131p e\u015fyalar delil diye toplan\u0131yor. 28 \u015eubat d\u00f6neminde dinleme gibi iddialar \u00e7ok s\u00f6ylendi\u011finden 1998\u2019de tutukland\u0131\u011f\u0131mdan beri evimdeki her \u015feyi, her e\u015fyay\u0131 kontrol ettim. Zaten evime hi\u00e7 resmi i\u015f getirmem. Evimde, i\u015fyerimde asla ve asla bant, dinleme kayd\u0131 olamaz. T\u00fcm e\u015fyalar\u0131m\u0131, \u015fu an bulunan silahlar, pasaport, kimlik vs odam\u0131 toplayan t\u00fcm memurlar\u0131m g\u00f6rd\u00fc. E\u015fyalar\u0131m\u0131 onlar toparlad\u0131. Bende Birand\u2019\u0131n kaseti vs. yoktur, olamaz, olmaz. Birand en dar zamanda beni program\u0131na \u00e7\u0131kararak destek vermi\u015ftir, neden band\u0131 olsun? Ben fiili i\u015flerden 1995 y\u0131l\u0131nda ayr\u0131ld\u0131m. Bant bende olamaz. 35 y\u0131ll\u0131k emniyet\u00e7iyi sol \u00f6rg\u00fcte yard\u0131m etti diye su\u00e7lad\u0131lar. Bunu yapanlar daha da yapar diye d\u00fc\u015f\u00fcn\u00fcyordum ama bu kadar\u0131n\u0131 yapmazlar diyordum. Bunu da yapt\u0131lar, asl\u0131nda bunlar y\u0131llarca bu dinlemeleri kimin yapt\u0131\u011f\u0131n\u0131 g\u00f6stermektedir. \u0130nanmayanlara delildir. Asla ve asla bant\u0131n benimle alakas\u0131 yok. Kimsenin band\u0131 bende yoktur.\u201d<\/p>\n<p style=\"text-align: justify;\"><strong>Birand: Tecav\u00fcze u\u011fram\u0131\u015f gibi<\/strong><\/p>\n<p style=\"text-align: justify;\">Birand 7 Ekim\u2019de \u0130stanbul Adliyesi\u2019nde Savc\u0131 Alt\u0131n\u0131\u015f\u0131k\u2019a ma\u011fdur s\u0131fat\u0131yla ifade verdikten sonra Avc\u0131\u2019dan \u015fik\u00e2yet\u00e7i olmad\u0131\u011f\u0131n\u0131 belirtmi\u015fti:<\/p>\n<p style=\"text-align: justify;\">\u201cKay\u0131tlar\u0131n nas\u0131l elde edildi\u011fini bilmiyorum. Ba\u015fka biriyle konu\u015fmalar\u0131m. \u0130\u00e7eri\u011fi bende kals\u0131n. Neden \u015fik\u00e2yet\u00e7i olay\u0131m? \u00c7\u00fcnk\u00fc benim normal orada burada \u015fey yapt\u0131\u011f\u0131m. Emniyet besbelli ki dinlemi\u015f. Benim tan\u0131d\u0131\u011f\u0131m Avc\u0131 farkl\u0131 bir insand\u0131. Daima sevecen davranm\u0131\u015ft\u0131r. K\u00f6t\u00fcl\u00fc\u011f\u00fc olmad\u0131. Onu farkl\u0131 g\u00f6r\u00fcyorum.\u201d<\/p>\n<p style=\"text-align: justify;\">Baz\u0131 kay\u0131tlarda, Birand\u2019\u0131n C\u00fcneyt \u00d6zdemir ile 32. G\u00fcn program\u0131 \u00fczerine yapt\u0131\u011f\u0131 konu\u015fmalar\u0131n yer ald\u0131\u011f\u0131 belirtildi. Birand, \u2018Twitter\u2019da da \u201c\u0130\u00e7inden hi\u00e7bir \u015fey \u00e7\u0131kmad\u0131 ama kendimi tecav\u00fcze u\u011fram\u0131\u015f gibi hissettim\u201d diye yazd\u0131.<\/p>\n<p style=\"text-align: justify;\"><strong>Altayl\u0131: Saklanacak \u015fey de\u011fil<\/strong><\/p>\n<p style=\"text-align: justify;\">Birand\u2019\u0131n ard\u0131ndan 8 Ekim\u2019de d\u00f6nemin H\u00fcrriyet yazar\u0131 Fatih Altayl\u0131\u2019n\u0131n da ma\u011fdur olarak ifadesi al\u0131nd\u0131. \u015eikayette bulunan ve ses kay\u0131tlar\u0131n\u0131n 1990\u2019lar\u0131n ortalar\u0131na ait oldu\u011funu belirten Altayl\u0131 \u015funlar\u0131 anlatt\u0131: \u201cO d\u00f6nemde yazd\u0131\u011f\u0131m bir yaz\u0131ya g\u00f6sterilen tepkilerle ilgili yapt\u0131\u011f\u0131m telefon g\u00f6r\u00fc\u015fmelerini kaydetmi\u015fler. Emniyet aleyhinde yazm\u0131\u015ft\u0131m. O yaz\u0131ya ili\u015fkin tepkiler kaydedilmi\u015f. 15 y\u0131ld\u0131r saklanm\u0131\u015f. Anla\u015f\u0131lan o d\u00f6nem Do\u011fan Grubu\u2019nun y\u00f6neticilerini dinlemi\u015fler. Beni arayan, polis oldu\u011funu s\u00f6yleyen ki\u015filerle telefonda yapt\u0131\u011f\u0131m tart\u0131\u015fmalar. Bir de Teke Tek ekibimle yapt\u0131\u011f\u0131m g\u00f6r\u00fc\u015fmeler. Neden saklanm\u0131\u015f olabilece\u011fini ben de anlamad\u0131m. Saklanacak \u015fey yok. \u00c7e\u015fitli ki\u015filerle k\u00fcf\u00fcrle\u015fiyoruz.\u201d<\/p>\n<p style=\"text-align: justify;\"><a href=\"http:\/\/www.radikal.com.tr\/Radikal.aspx?aType=RadikalDetay&amp;ArticleID=1023153&amp;Date=11.10.2010&amp;CategoryID=77\" target=\"_blank\"><span style=\"color: #888888;\">Kaynak : \u0130smail Saymaz &#8211; Radikal<\/span><\/a><\/p>\n","protected":false},"excerpt":{"rendered":"<p style=\"text-align: justify;\">\n<p style=\"text-align: justify;\">Tutuklu Emniyet M\u00fcd\u00fcr\u00fc Hanefi Avc\u0131&#8217;n\u0131n ofisinde bulundu\u011fu \u00f6ne s\u00fcr\u00fclen zarfta, 1995-1998 d\u00f6nemine ait dinleme kay\u0131tlar\u0131 \u00e7\u0131kt\u0131. Kasetlerde Veli K\u00fc\u00e7\u00fck, Mehmet Eym\u00fcr ve Ahmet \u00d6zal&#8217;a ait kay\u0131tlar da yer al\u0131rken Avc\u0131, cezaevinden mesaj yollad\u0131: B\u00fct\u00fcn kutsal de\u011ferler \u00fczerine yemin ederim ki bende dinleme kay\u0131tlar\u0131 yok. Zaten ofisimi aramadan 28 g\u00fcn \u00f6nce <\/p>\n","protected":false},"author":1,"featured_media":0,"comment_status":"open","ping_status":"closed","sticky":false,"template":"","format":"standard","meta":{"footnotes":""},"categories":[105],"tags":[],"class_list":["post-26418","post","type-post","status-publish","format-standard","hentry","category-gundem","odd"],"_links":{"self":[{"href":"http:\/\/www.korhanyilmaz.com\/index.php?rest_route=\/wp\/v2\/posts\/26418","targetHints":{"allow":["GET"]}}],"collection":[{"href":"http:\/\/www.korhanyilmaz.com\/index.php?rest_route=\/wp\/v2\/posts"}],"about":[{"href":"http:\/\/www.korhanyilmaz.com\/index.php?rest_route=\/wp\/v2\/types\/post"}],"author":[{"embeddable":true,"href":"http:\/\/www.korhanyilmaz.com\/index.php?rest_route=\/wp\/v2\/users\/1"}],"replies":[{"embeddable":true,"href":"http:\/\/www.korhanyilmaz.com\/index.php?rest_route=%2Fwp%2Fv2%2Fcomments&post=26418"}],"version-history":[{"count":0,"href":"http:\/\/www.korhanyilmaz.com\/index.php?rest_route=\/wp\/v2\/posts\/26418\/revisions"}],"wp:attachment":[{"href":"http:\/\/www.korhanyilmaz.com\/index.php?rest_route=%2Fwp%2Fv2%2Fmedia&parent=26418"}],"wp:term":[{"taxonomy":"category","embeddable":true,"href":"http:\/\/www.korhanyilmaz.com\/index.php?rest_route=%2Fwp%2Fv2%2Fcategories&post=26418"},{"taxonomy":"post_tag","embeddable":true,"href":"http:\/\/www.korhanyilmaz.com\/index.php?rest_route=%2Fwp%2Fv2%2Ftags&post=26418"}],"curies":[{"name":"wp","href":"https:\/\/api.w.org\/{rel}","templated":true}]}}