{"id":26411,"date":"2010-10-11T13:38:42","date_gmt":"2010-10-11T10:38:42","guid":{"rendered":"http:\/\/www.korhanyilmaz.com\/?p=26411"},"modified":"2010-10-11T13:38:42","modified_gmt":"2010-10-11T10:38:42","slug":"eski-mitci-eymur-avcidan-sikayetci-oldu","status":"publish","type":"post","link":"http:\/\/www.korhanyilmaz.com\/?p=26411","title":{"rendered":"Eski M\u0130T&#8217;\u00e7i Eym\u00fcr Avc\u0131&#8217;dan \u015fikayet\u00e7i oldu"},"content":{"rendered":"<p style=\"text-align: justify;\"><a href=\"http:\/\/www.korhanyilmaz.com\/wp-content\/uploads\/2010\/10\/096.jpg\"  class=\"lightview\"><img loading=\"lazy\" decoding=\"async\" class=\"aligncenter size-full wp-image-26412\" src=\"http:\/\/www.korhanyilmaz.com\/wp-content\/uploads\/2010\/10\/096.jpg\" alt=\"\" width=\"292\" height=\"224\" \/><\/a><\/p>\n<p style=\"text-align: justify;\">M\u0130T Eski Kontrter\u00f6r Daire Ba\u015fkan\u0131 Mehmet Eym\u00fcr Hanefi Avc\u0131 ve kaset iddialar\u0131yla ilgili ifade verdi. Adliye \u00e7\u0131k\u0131\u015f\u0131 konu\u015fan Eym\u00fcr, &#8220;Hanefi Avc\u0131&#8217;dan \u015fikayet\u00e7i oldum&#8221; dedi.<!--more--><\/p>\n<p style=\"text-align: justify;\">\u0130stanbul Adliyesi&#8217;ne \u00c7\u0131ra\u011fan Caddesi&#8217;ndeki savc\u0131 ve hakimlerin kulland\u0131\u011f\u0131 kap\u0131dan giri\u015f yapan Eym\u00fcr, &#8220;Devrimci Karargah \u00d6rg\u00fct\u00fc&#8221; soru\u015fturmas\u0131n\u0131 y\u00fcr\u00fcten Cumhuriyet Savc\u0131s\u0131 Kadir Alt\u0131n\u0131\u015f\u0131k&#8217;\u0131n odas\u0131na gitti.<\/p>\n<p style=\"text-align: justify;\">Eym\u00fcr&#8217;\u00fcn Hanefi Avc\u0131&#8217;da bulundu\u011fu \u00f6ne s\u00fcr\u00fclen ses kay\u0131tlar\u0131yla ilgili bilgisine ba\u015fvuruldu.<\/p>\n<p style=\"text-align: justify;\">Eym\u00fcr adliye \u00e7\u0131k\u0131\u015f\u0131 gazetecilerin sorular\u0131n\u0131 yan\u0131tlad\u0131, Hanefi Avc\u0131&#8217;dan \u015fikayet\u00e7i oldu\u011funu s\u00f6yledi.<\/p>\n<p style=\"text-align: justify;\">Bas\u0131n mensuplar\u0131n\u0131n &#8220;Dinletilen kay\u0131tlarda neler vard\u0131?&#8221; sorusuna kar\u015f\u0131l\u0131k, &#8220;Valla o kadar \u00e7ok var ki. Eski kay\u0131tlar&#8221; dedi.<\/p>\n<p style=\"text-align: justify;\">Kay\u0131tlarla ilgili \u015fikayet\u00e7i oldu\u011funu belirten Eym\u00fcr, &#8220;Kay\u0131tlar neyle ilgili?&#8221; sorusunu da,&#8221;\u00d6zel konular da vard\u0131 onun i\u00e7in ifade verdim. 1998 y\u0131l\u0131nda falan, eski&#8221; diye yan\u0131tlad\u0131.<\/p>\n<p style=\"text-align: justify;\">Bir gazetecinin, &#8220;Hanefi Avc\u0131&#8217;n\u0131n iddias\u0131 var; &#8216;G\u00f6zalt\u0131na al\u0131nmay\u0131 bekliyordum kesinlikle bende ses kayd\u0131 yok. G\u00f6revimden, makam\u0131mdan 23 g\u00fcn \u00f6nce ayr\u0131ld\u0131m&#8217; diye. Sizce birileri bu kasetleri, Avc\u0131 g\u00f6revden ayr\u0131ld\u0131ktan sonra ofisine b\u0131rakm\u0131\u015f olabilir mi?&#8221; diye sormas\u0131 \u00fczerine Avc\u0131, &#8220;Onu bilemiyorum. Tabii i\u015f benim i\u015fim de\u011fil&#8221; dedi.<\/p>\n<p style=\"text-align: justify;\">Eym\u00fcr, &#8220;\u0130fade vermeniz i\u00e7in Ba\u015fbakanl\u0131k ve M\u0130T&#8217;ten izin var m\u0131?&#8221; sorusunun sorulmas\u0131 \u00fczerine, &#8220;Benim mi? B\u00f6yle bir \u015fey i\u00e7in M\u0130T&#8217;ten niye izin alaca\u011f\u0131m ki? Onu yanl\u0131\u015f biliyorsunuz&#8221; yan\u0131t\u0131n\u0131 verdi.<\/p>\n<p style=\"text-align: justify;\">Gazetecilerin &#8220;Hanefi Avc\u0131 ile kendisi aras\u0131nda olan gerginli\u011fi&#8221; hat\u0131rlatt\u0131\u011f\u0131 ve &#8220;Bar\u0131\u015ft\u0131n\u0131z m\u0131?&#8221; diye sordu\u011fu Eym\u00fcr, &#8220;Evet bar\u0131\u015ft\u0131k&#8221; diye konu\u015ftu.<\/p>\n<p style=\"text-align: justify;\">&#8220;Konu\u015fmalar ni\u00e7in kaydolmu\u015f?&#8221; sorusuna, &#8220;Onlar eski, o zaman zaten bunun davas\u0131 bile oldu&#8221; diyen Eym\u00fcr, &#8220;Kimle konu\u015fmu\u015fsunuz, kar\u015f\u0131n\u0131zdaki kim?&#8221; sorusuna da, &#8220;Emniyet m\u00fcd\u00fcrleri bile var kay\u0131tlarda&#8221; \u015feklinde yan\u0131tlad\u0131.<\/p>\n<p style=\"text-align: justify;\">Eym\u00fcr, dinleme kay\u0131tlar\u0131nda \u015fa\u015f\u0131rd\u0131\u011f\u0131 birilerinin de oldu\u011funu s\u00f6zlerine ekledi.<\/p>\n<p style=\"text-align: justify;\">Ahmet \u00d6zal&#8217;\u0131n da g\u00fcn i\u00e7erisinde adliyeye gelip ifade verece\u011fi belirtiliyor.<\/p>\n<p style=\"text-align: justify;\">Gazeteciler Mehmet Ali Birand ve Fatih Altayl\u0131 da ayn\u0131 soru\u015fturma kapsam\u0131nda daha \u00f6nce Be\u015fikta\u015f&#8217;taki \u0130stanbul Adliyesine gelerek, soru\u015fturma savc\u0131s\u0131 Kadir Alt\u0131n\u0131\u015f\u0131k&#8217;a, &#8220;ma\u011fdur&#8221; s\u0131fat\u0131yla bir s\u00fcre ifade vermi\u015fti.<\/p>\n<p style=\"text-align: justify;\"><a href=\"http:\/\/www.cnnturk.com\/2010\/turkiye\/10\/11\/eski.mitci.eymur.avcidan.sikayetci.oldu\/592550.0\/index.html\" target=\"_blank\"><span style=\"color: #888888;\">CNN T\u00dcRK<\/span><\/a><\/p>\n","protected":false},"excerpt":{"rendered":"<p style=\"text-align: justify;\">\n<p style=\"text-align: justify;\">M\u0130T Eski Kontrter\u00f6r Daire Ba\u015fkan\u0131 Mehmet Eym\u00fcr Hanefi Avc\u0131 ve kaset iddialar\u0131yla ilgili ifade verdi. Adliye \u00e7\u0131k\u0131\u015f\u0131 konu\u015fan Eym\u00fcr, &#8220;Hanefi Avc\u0131&#8217;dan \u015fikayet\u00e7i oldum&#8221; dedi.<\/p>\n","protected":false},"author":1,"featured_media":0,"comment_status":"open","ping_status":"closed","sticky":false,"template":"","format":"standard","meta":{"footnotes":""},"categories":[105],"tags":[],"class_list":["post-26411","post","type-post","status-publish","format-standard","hentry","category-gundem","odd"],"_links":{"self":[{"href":"http:\/\/www.korhanyilmaz.com\/index.php?rest_route=\/wp\/v2\/posts\/26411","targetHints":{"allow":["GET"]}}],"collection":[{"href":"http:\/\/www.korhanyilmaz.com\/index.php?rest_route=\/wp\/v2\/posts"}],"about":[{"href":"http:\/\/www.korhanyilmaz.com\/index.php?rest_route=\/wp\/v2\/types\/post"}],"author":[{"embeddable":true,"href":"http:\/\/www.korhanyilmaz.com\/index.php?rest_route=\/wp\/v2\/users\/1"}],"replies":[{"embeddable":true,"href":"http:\/\/www.korhanyilmaz.com\/index.php?rest_route=%2Fwp%2Fv2%2Fcomments&post=26411"}],"version-history":[{"count":0,"href":"http:\/\/www.korhanyilmaz.com\/index.php?rest_route=\/wp\/v2\/posts\/26411\/revisions"}],"wp:attachment":[{"href":"http:\/\/www.korhanyilmaz.com\/index.php?rest_route=%2Fwp%2Fv2%2Fmedia&parent=26411"}],"wp:term":[{"taxonomy":"category","embeddable":true,"href":"http:\/\/www.korhanyilmaz.com\/index.php?rest_route=%2Fwp%2Fv2%2Fcategories&post=26411"},{"taxonomy":"post_tag","embeddable":true,"href":"http:\/\/www.korhanyilmaz.com\/index.php?rest_route=%2Fwp%2Fv2%2Ftags&post=26411"}],"curies":[{"name":"wp","href":"https:\/\/api.w.org\/{rel}","templated":true}]}}