{"id":26407,"date":"2010-10-11T11:42:27","date_gmt":"2010-10-11T08:42:27","guid":{"rendered":"http:\/\/www.korhanyilmaz.com\/?p=26407"},"modified":"2010-10-11T11:42:27","modified_gmt":"2010-10-11T08:42:27","slug":"erdogan-hsykdaki-istifalar-bizimle-ilgili-degil","status":"publish","type":"post","link":"http:\/\/www.korhanyilmaz.com\/?p=26407","title":{"rendered":"Erdo\u011fan: &#8220;HSYK&#8217;daki istifalar bizimle ilgili de\u011fil&#8221;"},"content":{"rendered":"<p><a href=\"http:\/\/www.korhanyilmaz.com\/wp-content\/uploads\/2010\/10\/095.jpg\"  class=\"lightview\"><img loading=\"lazy\" decoding=\"async\" class=\"aligncenter size-full wp-image-26408\" src=\"http:\/\/www.korhanyilmaz.com\/wp-content\/uploads\/2010\/10\/095.jpg\" alt=\"\" width=\"405\" height=\"223\" \/><\/a><\/p>\n<p style=\"text-align: justify;\">Ba\u015fbakan Recep Tayyip Erdo\u011fan, HSYK&#8217;da baz\u0131 \u00fcyelerin g\u00f6revlerinden ayr\u0131lacak olmas\u0131yla ilgili, &#8220;Bizimle ilgili bir konu de\u011fil. Yasal mevzuat i\u00e7inde s\u00fcre\u00e7 i\u015fler&#8221; dedi. Ba\u015fbakan, bedelli askerlik konusunda da bir taahh\u00fcd\u00fc bulunmad\u0131\u011f\u0131n\u0131 belirtti ve &#8220;Pi\u015fmemi\u015f a\u015fa kimse su katmas\u0131n&#8221; diye konu\u015ftu.<!--more--><\/p>\n<p style=\"text-align: justify;\">Ba\u015fbakan Erdo\u011fan Suriye&#8217;ye ziyareti \u00f6ncesinde Esenbo\u011fa Havaliman\u0131&#8217;nda gazetecilerin sorular\u0131n\u0131 yan\u0131tlad\u0131.<\/p>\n<p style=\"text-align: justify;\">Erdo\u011fan, Ortado\u011fu bar\u0131\u015f s\u00fcrecinde T\u00fcrkiye ve Suriye&#8217;nin etkin konumda iki \u00fclke oldu\u011funu belirtti.<\/p>\n<p style=\"text-align: justify;\">Ter\u00f6rle m\u00fccadeleye de de\u011finen Erdo\u011fan, Almanya ziyaretinde, Almanya Ba\u015fbakan\u0131 Angela Merkel&#8217;le ter\u00f6re d\u0131\u015f deste\u011fi g\u00f6r\u00fc\u015ft\u00fcklerini ifade etti. Suriye&#8217;nin de bu konuda kararl\u0131l\u0131\u011f\u0131na dikkat \u00e7ekti.<\/p>\n<p style=\"text-align: justify;\">Ba\u015fbakan&#8217;\u0131n g\u00fcndemdeki di\u011fer konulara ili\u015fkin de\u011ferlendirmelerinden \u00f6ne \u00e7\u0131kan sat\u0131rlar \u015f\u00f6yle:<\/p>\n<p style=\"text-align: justify;\"><strong>HSYK&#8217;da istifalar:<\/strong><\/p>\n<p style=\"text-align: justify;\">&#8220;HSYK ile ilgili konu bizimle ilgili de\u011fil. Yasal bir \u00e7er\u00e7evesi ve yasal mevzuat\u0131 var, o s\u00fcre\u00e7 i\u00e7inde i\u015fler. S\u00fcresi dolanlar ayr\u0131l\u0131rlar. Yerlerine gelecek olanlar da yeni anayasa paketinde belirlendi. Se\u00e7ilir ve g\u00f6revlerine ba\u015flarlar. A\u00e7\u0131klanmam\u0131\u015f bir \u015fey konusunda konu\u015fmam do\u011fru de\u011fil. Atamalar konusunda da polemi\u011fe girmem. Bizimle ilgili bir konu de\u011fil.&#8221;<\/p>\n<p style=\"text-align: justify;\"><strong>\u0130lhan Cihane&#8217;in kendisini dinletti\u011fi iddias\u0131:<\/strong><\/p>\n<p style=\"text-align: justify;\">&#8220;Bu s\u00fcre\u00e7 i\u00e7inde bizler hassasiyetimizi hep koruduk, korumaya devam ediyoruz, devam edece\u011fiz. Yasalar neyi gerektiriyorsa, bu \u00e7er\u00e7evede ad\u0131mlar\u0131m\u0131z\u0131 ataca\u011f\u0131z. Bundan kimsenin endi\u015fesi olmas\u0131n.&#8221;<\/p>\n<p style=\"text-align: justify;\"><strong>Irak&#8217;ta h\u00fck\u00fcmetin kurulamamas\u0131:<\/strong><\/p>\n<p style=\"text-align: justify;\">&#8220;Irak&#8217;taki h\u00fck\u00fcmet kurma \u00e7al\u0131\u015fmalar\u0131 Irak&#8217;\u0131n kendi i\u00e7 sorunudur. Bizden yard\u0131mc\u0131 olmamam\u0131z\u0131 isterlerse oluruz. Ama bizim taraf\u0131m\u0131zdan m\u00fcdahale olmaz. &#8220;Arzunuz nedir&#8221; derlerse, h\u00fck\u00fcmetin kurulamamas\u0131, Irak halk\u0131n\u0131 ve \u00e7evre \u00fclkeleri rahats\u0131z etmektedir. S\u0131n\u0131r \u00fclkemiz oldu\u011fu i\u00e7in oradaki bu s\u0131k\u0131nt\u0131n\u0131n giderilememesi bizi de \u00fczer. Arzumuz Irak&#8217;ta milli mutabakat h\u00fckl\u00fcmeti kurulmas\u0131d\u0131r.&#8221;<\/p>\n<p style=\"text-align: justify;\"><strong> Bedelli askerlik:<\/strong><\/p>\n<p style=\"text-align: justify;\">&#8220;Bedelli askerlikle ilgili bir taahh\u00fcd\u00fcm olmad\u0131. Pi\u015fmemi\u015f a\u015fa kimse su katmas\u0131n.  Ortada bir pi\u015fmi\u015f a\u015f varsa bunu beraber millet\u00e7e payla\u015f\u0131r\u0131z ama b\u00f6yle bir \u015fey s\u00f6z konusu<\/p>\n<p style=\"text-align: justify;\">de\u011fil. Silahl\u0131 Kuvvetler ile konu\u015fur, m\u00fczakere ederiz.  TSK&#8217;n\u0131n yakla\u015f\u0131m\u0131 bizim i\u00e7in \u00f6nemlidir. B\u00f6yle bir taahh\u00fcd\u00fc yapmad\u0131\u011f\u0131m halde b\u00f6yle bir taahh\u00fctte bulundu\u011fumun s\u00f6ylenmesi beni \u00fczer. \u0130smi verilmeyen milletvekili kimdir bilemiyorum. Bu t\u00fcr \u015feyler de bizim art\u0131k yaz\u0131l\u0131-g\u00f6rsel medyada al\u0131\u015ft\u0131\u011f\u0131m\u0131z haber d\u00fczenlemeleridir. &#8216;\u0130smini veremeyece\u011fimiz, Ba\u015fbakan&#8217;a yak\u0131n, grupta herhangi bir milletvekili&#8217; gibi \u015feyler kal\u0131p haline geldi. Bunlar do\u011fru de\u011fil. Varsa, kimse ismi yaz\u0131ls\u0131n, onu gidelim biz de &#8216;nerede verdik bu s\u00f6z\u00fc&#8217; diye hesab\u0131n\u0131 ona soral\u0131m.&#8221;<\/p>\n<p style=\"text-align: justify;\"><strong>Tek tip askerlik:<\/strong><\/p>\n<p style=\"text-align: justify;\">&#8220;TSK \u00e7al\u0131\u015fmas\u0131n\u0131 bitirmek \u00fczere, gelecek hafta bize brifing verecekler ve ard\u0131ndan nas\u0131l bir d\u00fczenleme yapaca\u011f\u0131m\u0131z\u0131 kararla\u015ft\u0131raca\u011f\u0131z. Adil olmayan bir\u015fey yapmam\u0131z s\u00f6zkonusu olamaz. Adalet \u00e7izgisi i\u00e7inde d\u00fczenleme yap\u0131lmal\u0131.&#8221;<\/p>\n<p style=\"text-align: justify;\"><strong>Dursun&#8217;un Anayasa Mahkemesi \u00fcyeli\u011fi:<\/strong><\/p>\n<p style=\"text-align: justify;\">&#8220;Yarg\u0131tay, Dan\u0131\u015ftay, Say\u0131\u015ftay gibi kurumlarda \u00fcye olanlar\u0131n b\u00f6yle bir ya\u015f durumu s\u00f6z konusu de\u011fil. Bu y\u00fcksek yarg\u0131 kurumlar\u0131n\u0131n d\u0131\u015f\u0131ndan se\u00e7ilecek \u00fcyeler i\u00e7in 45 ya\u015f<\/p>\n<p style=\"text-align: justify;\">s\u0131n\u0131r\u0131n\u0131n s\u00f6z konusu. Bu bilindi\u011fi halde, gerek\u00e7ede a\u00e7\u0131k net oldu\u011fu halde ya bir spek\u00fclasyon meydana getirilmek isteniyor ki, o zatlar\u0131n da durumu malum, hep bu t\u00fcr \u015feylerle u\u011fra\u015f\u0131yorlar, me\u015fgaleleri budur, burada da yine b\u00f6yle bir \u015fey s\u00f6z konusu. Herhangi bir s\u0131k\u0131nt\u0131 s\u00f6z konusu de\u011fil ve Say\u0131n Dursun, Anayasa Mahkemesi&#8217;nin Meclis&#8217;ten ge\u00e7mek suretiyle Say\u0131\u015ftay&#8217;dan gelen \u00fcyesi olmu\u015ftur. Hay\u0131rl\u0131 olsun.&#8221;<\/p>\n<p style=\"text-align: justify;\"><a href=\"http:\/\/www.cnnturk.com\/2010\/turkiye\/10\/11\/erdogan.hsykdaki.istifalar.bizimle.ilgili.degil\/592572.0\/index.html\" target=\"_blank\"><span style=\"color: #888888;\">CNN T\u00dcRK<\/span><\/a><\/p>\n","protected":false},"excerpt":{"rendered":"<\/p>\n<p style=\"text-align: justify;\">Ba\u015fbakan Recep Tayyip Erdo\u011fan, HSYK&#8217;da baz\u0131 \u00fcyelerin g\u00f6revlerinden ayr\u0131lacak olmas\u0131yla ilgili, &#8220;Bizimle ilgili bir konu de\u011fil. Yasal mevzuat i\u00e7inde s\u00fcre\u00e7 i\u015fler&#8221; dedi. Ba\u015fbakan, bedelli askerlik konusunda da bir taahh\u00fcd\u00fc bulunmad\u0131\u011f\u0131n\u0131 belirtti ve &#8220;Pi\u015fmemi\u015f a\u015fa kimse su katmas\u0131n&#8221; diye konu\u015ftu.<\/p>\n","protected":false},"author":1,"featured_media":0,"comment_status":"open","ping_status":"closed","sticky":false,"template":"","format":"standard","meta":{"footnotes":""},"categories":[105],"tags":[],"class_list":["post-26407","post","type-post","status-publish","format-standard","hentry","category-gundem","odd"],"_links":{"self":[{"href":"http:\/\/www.korhanyilmaz.com\/index.php?rest_route=\/wp\/v2\/posts\/26407","targetHints":{"allow":["GET"]}}],"collection":[{"href":"http:\/\/www.korhanyilmaz.com\/index.php?rest_route=\/wp\/v2\/posts"}],"about":[{"href":"http:\/\/www.korhanyilmaz.com\/index.php?rest_route=\/wp\/v2\/types\/post"}],"author":[{"embeddable":true,"href":"http:\/\/www.korhanyilmaz.com\/index.php?rest_route=\/wp\/v2\/users\/1"}],"replies":[{"embeddable":true,"href":"http:\/\/www.korhanyilmaz.com\/index.php?rest_route=%2Fwp%2Fv2%2Fcomments&post=26407"}],"version-history":[{"count":0,"href":"http:\/\/www.korhanyilmaz.com\/index.php?rest_route=\/wp\/v2\/posts\/26407\/revisions"}],"wp:attachment":[{"href":"http:\/\/www.korhanyilmaz.com\/index.php?rest_route=%2Fwp%2Fv2%2Fmedia&parent=26407"}],"wp:term":[{"taxonomy":"category","embeddable":true,"href":"http:\/\/www.korhanyilmaz.com\/index.php?rest_route=%2Fwp%2Fv2%2Fcategories&post=26407"},{"taxonomy":"post_tag","embeddable":true,"href":"http:\/\/www.korhanyilmaz.com\/index.php?rest_route=%2Fwp%2Fv2%2Ftags&post=26407"}],"curies":[{"name":"wp","href":"https:\/\/api.w.org\/{rel}","templated":true}]}}