{"id":26386,"date":"2010-10-09T23:26:41","date_gmt":"2010-10-09T20:26:41","guid":{"rendered":"http:\/\/www.korhanyilmaz.com\/?p=26386"},"modified":"2010-10-09T23:26:41","modified_gmt":"2010-10-09T20:26:41","slug":"sivil-topluma-efelendi","status":"publish","type":"post","link":"http:\/\/www.korhanyilmaz.com\/?p=26386","title":{"rendered":"Sivil topluma &#8216;efe&#8217;lendi!"},"content":{"rendered":"<p style=\"text-align: justify;\"><a href=\"http:\/\/www.korhanyilmaz.com\/wp-content\/uploads\/2010\/10\/093.jpg\"  class=\"lightview\"><img loading=\"lazy\" decoding=\"async\" class=\"aligncenter size-full wp-image-26388\" src=\"http:\/\/www.korhanyilmaz.com\/wp-content\/uploads\/2010\/10\/093.jpg\" alt=\"\" width=\"398\" height=\"290\" \/><\/a><\/p>\n<p style=\"text-align: justify;\">AKP\u2019li gibi davranmaya devam eden Ayd\u0131n Valisi Co\u015f, co\u015ftu:<\/p>\n<p style=\"text-align: justify;\">Devletin valisi oldu\u011funu unutup AKP\u2019li gibi davranan Ayd\u0131n Valisi H\u00fcseyin Avni Co\u015f, yeni bir skandal\u0131n kahraman\u0131 oldu! MHP afi\u015fini zorla indirten, resmi t\u00f6renlere ge\u00e7 gelen, muhalefeti yok sayan, Ayd\u0131n\u2019\u0131n CHP\u2019li Belediye Ba\u015fkan\u0131 \u00d6zlem \u00c7er\u00e7io\u011flu\u2019na \u2019soyulmu\u015f patates\u2019le g\u00f6nderme yapan Co\u015f, bu kez de sivil topluma garip mesajlar verdi. <!--more--><\/p>\n<p style=\"text-align: justify;\">Bende herkesin dosyas\u0131 mevcut,istesem tekerlek bile d\u00f6nd\u00fcrtmem!<\/p>\n<p style=\"text-align: justify;\">CHP Ayd\u0131n Milletvekili Fatih Atay, Co\u015f\u2019un son olay\u0131n\u0131 Meclis\u2019e ta\u015f\u0131d\u0131 ve \u0130\u00e7i\u015fleri Bakan\u0131 Atalay\u2019\u0131n cevaplamas\u0131 istemiyle soru \u00f6nergesi verdi: Co\u015f, kendisini ziyaret eden 5 sivil toplum \u00f6rg\u00fct\u00fc temsilcisine \u2018Bende herkesin dosyas\u0131 var, istesem tekerlek bile d\u00f6nd\u00fcrtmem\u2019 demi\u015ftir. Valinin dosya tuttu\u011fu do\u011fru mu? Bu fi\u015fleme de\u011fil mi? \u0130\u015flem yapacak m\u0131s\u0131n\u0131z?<\/p>\n<p style=\"text-align: justify;\">MHP\u2019nin afi\u015fini polis zoruyla indirten Ayd\u0131n Valisi H. Avni Co\u015f, \u00e7ok tart\u0131\u015f\u0131lan olaylarla s\u0131k s\u0131k g\u00fcndeme geliyor.<\/p>\n<p style=\"text-align: justify;\"><strong>\u015eimdi de fi\u015flemede \u2018Co\u015f\u2019tu<\/strong><\/p>\n<p style=\"text-align: justify;\">Art arda imza att\u0131\u011f\u0131 skandallarla g\u00fcndemden d\u00fc\u015fmeyen Ayd\u0131n Valisi Co\u015f\u2019un \u201cBende herkesin dosyas\u0131 var, istesem tekerlek bile d\u00f6nd\u00fcrtmem\u201d s\u00f6z\u00fc CHP\u2019li Atay taraf\u0131ndan TBMM\u2019ye ta\u015f\u0131nd\u0131<\/p>\n<p style=\"text-align: justify;\">Att\u011f\u0131 her ad\u0131mda olay yaratarak ad\u0131n\u0131 \u2019skandallar valisi\u2019ne \u00e7\u0131karan Ayd\u0131n Valisi H\u00fcseyin Avni Co\u015f\u2019un \u2019fi\u015flemeleri\u2019 TBMM\u2019de \u00f6nerge konusu oldu. CHP Ayd\u0131n milletvekili Fatih Atay, 5 sivil toplum \u00f6rg\u00fct\u00fc temsilcisinin a\u011fustos ay\u0131nda Vali Co\u015f\u2019a yapt\u0131\u011f\u0131 ziyareti hat\u0131rlatarak, \u201cG\u00f6r\u00fc\u015fme s\u0131ras\u0131nda Vali \u2019Bende herkesin dosyas\u0131 var, istesem tekerlek bile d\u00f6nd\u00fcrtmem\u2019demi\u015ftir. Valinin hakk\u0131nda dosya tuttu\u011fu do\u011fru mudur ? Bu fi\u015fleme de\u011fil midir?\u201d diye sordu ve \u0130\u00e7i\u015fleri Bakan\u0131ndan cevap istedi. Atay, Ayd\u0131n\u2019daki 30 A\u011fustos t\u00f6renlerine ge\u00e7 gelen Vali Co\u015f ile bir tart\u0131\u015fma da ya\u015fam\u0131\u015ft\u0131.<\/p>\n<p style=\"text-align: justify;\"><strong>Nazi Almanyas\u0131\u2019n\u0131 hat\u0131rlat\u0131yor<\/strong><\/p>\n<p style=\"text-align: justify;\">CHP\u2019li Fatih Atay konuya ili\u015fkin 10 A\u011fustos\u2019ta yapt\u0131\u011f\u0131 bas\u0131n toplant\u0131s\u0131nda \u015fu ifadelere yer vermi\u015fti: \u201cAyd\u0131n Valisi\u2019ne 5 sivil toplum kurulu\u015fu ba\u015fkan\u0131 ziyarete gidiyor, Ayd\u0131n Valisi 5 sivil toplum kurulu\u015fu temsilcisini odas\u0131na almadan \u00f6nce korumalar\u0131 taraf\u0131ndan cep telefonlar\u0131n\u0131 ald\u0131rt\u0131yor, i\u00e7eri sokturmuyor, \u00fczerlerini ar\u0131yor, ondan sonra makam\u0131na al\u0131yor. Hi\u00e7bir m\u00fclki amirin, b\u00f6yle bir davran\u0131\u015f sergilendi\u011fini duymad\u0131m. Ama vali hakl\u0131ym\u0131\u015f. \u00c7\u00fcnk\u00fc vali i\u00e7eride \u00e7ok vahim bir itirafta bulunuyor. Vali STK ba\u015fkanlar\u0131n\u0131n \u00f6n\u00fcnde Ayd\u0131n\u2019da herkesin dosyas\u0131 oldu\u011funu, herkesi fi\u015fledi\u011fini beyan etmi\u015ftir. \u2019Herkesin bende dosyas\u0131 var, herkesi fi\u015fledim\u2019 diyor, Bu demokratik \u00fclkelerde olmaz. Nazi Almanyas\u0131\u2019nda olan durumdur bu.\u201d<\/p>\n<p style=\"text-align: justify;\"><strong>Patatesleri de Meclis\u2019te!<\/strong><\/p>\n<p style=\"text-align: justify;\">MHP\u2019nin \u201cDevlet de silah b\u0131raks\u0131n\u201d dedi\u011fini \u00f6ne s\u00fcrerek istifaya davet etti\u011fi Vali Co\u015f, CHP\u2019li Belediye Ba\u015fkan\u0131 \u00d6zlem \u00c7er\u00e7io\u011flu\u2019nun polis korumalar\u0131n\u0131 geri \u00e7ekmesinin ard\u0131ndan ya\u015fanan tart\u0131\u015fmada, bas\u0131n toplant\u0131s\u0131 d\u00fczenleyip, makam masas\u0131n\u0131n \u00fczerine soyulmu\u015f patates koymu\u015ftu. Ba\u015fkan \u00c7er\u00e7io\u011flu bir s\u00fcre \u00f6nce \u015fehirdeki a\u015fevini ziyareti s\u0131ras\u0131nda elinde patates ile poz vermi\u015fti. CHP \u0130zmir Milletvekili Ahmet Ersin de konuyu, TBMM\u2019ye getirdi ve \u0130\u00e7i\u015fleri Bakan\u0131 Be\u015fir Atalay\u2019a \u201cValinin, kad\u0131n belediye ba\u015fkan\u0131na kar\u015f\u0131 makam\u0131nda yapt\u0131\u011f\u0131 bas\u0131n toplant\u0131s\u0131nda, masan\u0131n \u00fczerine koydu\u011fu soyulmu\u015f patates neyi ifade ediyor?\u201d diye sordu.<\/p>\n<p style=\"text-align: justify;\"><strong>Skandallar\u0131yla nam salan vali&#8230;<\/strong><\/p>\n<p style=\"text-align: justify;\">Muhalefetin \u201cAKP\u2019nin valisi\u201d diyerek ele\u015ftirdi\u011fi H\u00fcseyin Avni Co\u015f\u2019un skandallar\u0131 uzun s\u00fcre g\u00fcndemi me\u015fgul etti. Co\u015f, ge\u00e7en temmuzda MHP Ayd\u0131n \u0130l binas\u0131na as\u0131lan, Erdo\u011fan ve Obama resimli \u201cSen a\u00e7\u0131ld\u0131k\u00e7a analar\u0131m\u0131z a\u011fl\u0131yor\u201d pankart\u0131n\u0131 indirterek t\u00fcm \u015fim\u015fekleri \u00fczerine \u00e7ekmi\u015fti. Kenti kar\u0131\u015ft\u0131ran Co\u015f, pankart\u0131 kald\u0131rd\u0131\u011f\u0131 yetmedi\u011fi gibi parti te\u015fkilat\u0131na da 143 TL\u2019lik para cezas\u0131 kestirmi\u015fti. Yine ayn\u0131 vali, 30 A\u011fustos Zafer Bayram\u0131 t\u00f6renlerine ge\u00e7 kat\u0131lm\u0131\u015f, kendisine \u201cSen padi\u015fah m\u0131s\u0131n!\u201d diye \u00e7\u0131k\u0131\u015fan CHP\u2019li Fatih Atay\u2019la tart\u0131\u015fm\u0131\u015ft\u0131. Vali Co\u015f, Ayd\u0131n\u2019\u0131n kurtulu\u015f g\u00fcn\u00fc t\u00f6renlerine de ge\u00e7 kat\u0131larak protokol\u00fc bekletmi\u015fti.<\/p>\n<p style=\"text-align: justify;\"><span style=\"color: #888888;\"><a href=\"http:\/\/www.yg.yenicaggazetesi.com.tr\/habergoster.php?haber=40850\" target=\"_blank\">Kaynak : S\u00fcmeyra Y\u0131lmaz &#8211; yenicaggazetesi.com.tr<\/a><\/span><\/p>\n","protected":false},"excerpt":{"rendered":"<p style=\"text-align: justify;\">\n<p style=\"text-align: justify;\">AKP\u2019li gibi davranmaya devam eden Ayd\u0131n Valisi Co\u015f, co\u015ftu:<\/p>\n<p style=\"text-align: justify;\">Devletin valisi oldu\u011funu unutup AKP\u2019li gibi davranan Ayd\u0131n Valisi H\u00fcseyin Avni Co\u015f, yeni bir skandal\u0131n kahraman\u0131 oldu! MHP afi\u015fini zorla indirten, resmi t\u00f6renlere ge\u00e7 gelen, muhalefeti yok sayan, Ayd\u0131n\u2019\u0131n CHP\u2019li Belediye Ba\u015fkan\u0131 \u00d6zlem \u00c7er\u00e7io\u011flu\u2019na \u2019soyulmu\u015f patates\u2019le g\u00f6nderme yapan Co\u015f, <\/p>\n","protected":false},"author":1,"featured_media":0,"comment_status":"open","ping_status":"closed","sticky":false,"template":"","format":"standard","meta":{"footnotes":""},"categories":[105],"tags":[],"class_list":["post-26386","post","type-post","status-publish","format-standard","hentry","category-gundem","odd"],"_links":{"self":[{"href":"http:\/\/www.korhanyilmaz.com\/index.php?rest_route=\/wp\/v2\/posts\/26386","targetHints":{"allow":["GET"]}}],"collection":[{"href":"http:\/\/www.korhanyilmaz.com\/index.php?rest_route=\/wp\/v2\/posts"}],"about":[{"href":"http:\/\/www.korhanyilmaz.com\/index.php?rest_route=\/wp\/v2\/types\/post"}],"author":[{"embeddable":true,"href":"http:\/\/www.korhanyilmaz.com\/index.php?rest_route=\/wp\/v2\/users\/1"}],"replies":[{"embeddable":true,"href":"http:\/\/www.korhanyilmaz.com\/index.php?rest_route=%2Fwp%2Fv2%2Fcomments&post=26386"}],"version-history":[{"count":0,"href":"http:\/\/www.korhanyilmaz.com\/index.php?rest_route=\/wp\/v2\/posts\/26386\/revisions"}],"wp:attachment":[{"href":"http:\/\/www.korhanyilmaz.com\/index.php?rest_route=%2Fwp%2Fv2%2Fmedia&parent=26386"}],"wp:term":[{"taxonomy":"category","embeddable":true,"href":"http:\/\/www.korhanyilmaz.com\/index.php?rest_route=%2Fwp%2Fv2%2Fcategories&post=26386"},{"taxonomy":"post_tag","embeddable":true,"href":"http:\/\/www.korhanyilmaz.com\/index.php?rest_route=%2Fwp%2Fv2%2Ftags&post=26386"}],"curies":[{"name":"wp","href":"https:\/\/api.w.org\/{rel}","templated":true}]}}