{"id":26382,"date":"2010-10-10T10:38:20","date_gmt":"2010-10-10T07:38:20","guid":{"rendered":"http:\/\/www.korhanyilmaz.com\/?p=26382"},"modified":"2010-10-10T10:38:20","modified_gmt":"2010-10-10T07:38:20","slug":"chpde-buyuk-kavga","status":"publish","type":"post","link":"http:\/\/www.korhanyilmaz.com\/?p=26382","title":{"rendered":"CHP&#8217;de b\u00fcy\u00fck kavga"},"content":{"rendered":"<p><a href=\"http:\/\/www.korhanyilmaz.com\/wp-content\/uploads\/2010\/10\/091.jpeg\"  class=\"lightview\"><img loading=\"lazy\" decoding=\"async\" class=\"size-full wp-image-26383 aligncenter\" src=\"http:\/\/www.korhanyilmaz.com\/wp-content\/uploads\/2010\/10\/091.jpeg\" alt=\"\" width=\"357\" height=\"238\" \/><\/a><\/p>\n<p style=\"text-align: justify;\">CHP&#8217;nin Abant Kamp\u0131&#8217;na CHP Genel Sekreteri Sav ile Ankara Milletvekili Ate\u015f&#8217;in at\u0131\u015fmas\u0131 damgas\u0131n\u0131 vurdu.<\/p>\n<p style=\"text-align: justify;\">CHP Kamp\u0131\u2019n\u0131n ikinci g\u00fcn\u00fcnde son kurultayda PM\u2019ye giren Enver Aysever\u2019in \u201c10. y\u0131l mar\u015f\u0131n\u0131 b\u0131rak\u0131p , 100. y\u0131l mar\u015f\u0131n\u0131 bestelememiz laz\u0131m, and\u0131m\u0131z yerine Rakel\u2019in mektubunu okutal\u0131m \u00e7ocuklara\u201d s\u00f6zleri ele\u015ftiri konusu oldu.<!--more--><\/p>\n<p style=\"text-align: justify;\">\u0130stanbul Milletvekili Ali Topuz, Baykal ekibinin ele\u015ftirilerine g\u00f6ndermede bulunarak \u201cY\u00f6netimi s\u0131k s\u0131k de\u011fi\u015ftirelim, parti i\u00e7i demokrasiyi yayg\u0131nla\u015ft\u0131rm\u0131\u015f oluruz\u201d dedi. Topuz, \u201c\u00c7ar\u015fafa rozet takarak ya da 10. y\u0131l mar\u015f\u0131n\u0131 s\u00f6ylemeyelim diyerek yenile\u015fmeyi kan\u0131tlamaya kalk\u0131\u015fmaya ihtiyac\u0131m\u0131z yok\u201d ele\u015ftirilerini de dile getirdi.<\/p>\n<p style=\"text-align: justify;\">Edinilen bilgiye g\u00f6re, Baykal\u2019a en yak\u0131n isimlerden Y\u0131lmaz Ate\u015f \u201cDeniz Bey\u2019e haks\u0131zl\u0131k ve sayg\u0131s\u0131zl\u0131k yap\u0131l\u0131yor. Nereye gitse, \u2018onu kar\u015f\u0131lamay\u0131n\u2019 talimat\u0131 veriliyor, kar\u015f\u0131layanlar g\u00f6revden al\u0131n\u0131yor\u201d dedi. Genel Sekreter \u00d6nder Sav bu s\u00f6zlere \u201cB\u00f6yle bir \u015fey olmad\u0131. Hala senden daha yak\u0131n arkada\u015f\u0131y\u0131m. Benim bir tek ki\u015fiye Deniz Bey\u2019le ilgili, \u015f\u00f6yle yap\u0131n, b\u00f6yle yap\u0131n, dedi\u011fimi ispatlarsan\u0131z istifa ederim\u201d diye tepki g\u00f6sterdi. Sav ayr\u0131ca \u201cSe\u00e7ime giderken kurultaya ihtiya\u00e7 yok\u201d dedi.<\/p>\n<p style=\"text-align: justify;\">Sav, PM \u00fcyesi Aysever\u2019in s\u00f6zleriyle ilgili olarak da ad\u0131n\u0131 anmadan \u201cBaz\u0131lar\u0131 haddini a\u015fan konu\u015fmalar yap\u0131yor. Partinin \u00e7izgisinde de\u011fi\u015fiklik yok. Kemalist \u00e7izgimizden , ideolojimizden sapmam\u0131z, vazge\u00e7memiz s\u00f6zkonusu olamaz. Kimse alt\u0131 oktan bir ikisini k\u0131ramaz, buna izin vermeyiz\u201d diye konu\u015ftu.<\/p>\n<p style=\"text-align: justify;\"><a href=\"http:\/\/www.radikal.com.tr\/Radikal.aspx?aType=RadikalDetay&amp;ArticleID=1023015&amp;Date=10.10.2010&amp;CategoryID=78\" target=\"_blank\"><span style=\"color: #888888;\">Kaynak : Radikal<\/span><\/a><\/p>\n","protected":false},"excerpt":{"rendered":"<\/p>\n<p style=\"text-align: justify;\">CHP&#8217;nin Abant Kamp\u0131&#8217;na CHP Genel Sekreteri Sav ile Ankara Milletvekili Ate\u015f&#8217;in at\u0131\u015fmas\u0131 damgas\u0131n\u0131 vurdu.<\/p>\n<p style=\"text-align: justify;\">CHP Kamp\u0131\u2019n\u0131n ikinci g\u00fcn\u00fcnde son kurultayda PM\u2019ye giren Enver Aysever\u2019in \u201c10. y\u0131l mar\u015f\u0131n\u0131 b\u0131rak\u0131p , 100. y\u0131l mar\u015f\u0131n\u0131 bestelememiz laz\u0131m, and\u0131m\u0131z yerine Rakel\u2019in mektubunu okutal\u0131m \u00e7ocuklara\u201d s\u00f6zleri ele\u015ftiri konusu oldu.<\/p>\n","protected":false},"author":1,"featured_media":0,"comment_status":"open","ping_status":"closed","sticky":false,"template":"","format":"standard","meta":{"footnotes":""},"categories":[105],"tags":[],"class_list":["post-26382","post","type-post","status-publish","format-standard","hentry","category-gundem","odd"],"_links":{"self":[{"href":"http:\/\/www.korhanyilmaz.com\/index.php?rest_route=\/wp\/v2\/posts\/26382","targetHints":{"allow":["GET"]}}],"collection":[{"href":"http:\/\/www.korhanyilmaz.com\/index.php?rest_route=\/wp\/v2\/posts"}],"about":[{"href":"http:\/\/www.korhanyilmaz.com\/index.php?rest_route=\/wp\/v2\/types\/post"}],"author":[{"embeddable":true,"href":"http:\/\/www.korhanyilmaz.com\/index.php?rest_route=\/wp\/v2\/users\/1"}],"replies":[{"embeddable":true,"href":"http:\/\/www.korhanyilmaz.com\/index.php?rest_route=%2Fwp%2Fv2%2Fcomments&post=26382"}],"version-history":[{"count":0,"href":"http:\/\/www.korhanyilmaz.com\/index.php?rest_route=\/wp\/v2\/posts\/26382\/revisions"}],"wp:attachment":[{"href":"http:\/\/www.korhanyilmaz.com\/index.php?rest_route=%2Fwp%2Fv2%2Fmedia&parent=26382"}],"wp:term":[{"taxonomy":"category","embeddable":true,"href":"http:\/\/www.korhanyilmaz.com\/index.php?rest_route=%2Fwp%2Fv2%2Fcategories&post=26382"},{"taxonomy":"post_tag","embeddable":true,"href":"http:\/\/www.korhanyilmaz.com\/index.php?rest_route=%2Fwp%2Fv2%2Ftags&post=26382"}],"curies":[{"name":"wp","href":"https:\/\/api.w.org\/{rel}","templated":true}]}}