{"id":26369,"date":"2010-10-09T23:27:25","date_gmt":"2010-10-09T20:27:25","guid":{"rendered":"http:\/\/www.korhanyilmaz.com\/?p=26369"},"modified":"2010-10-09T23:27:25","modified_gmt":"2010-10-09T20:27:25","slug":"26369","status":"publish","type":"post","link":"http:\/\/www.korhanyilmaz.com\/?p=26369","title":{"rendered":"Adalet Tutuklu!"},"content":{"rendered":"<p style=\"text-align: center;\"><a href=\"http:\/\/www.korhanyilmaz.com\/wp-content\/uploads\/2010\/10\/0881.jpg\"  class=\"lightview\"><img loading=\"lazy\" decoding=\"async\" class=\"aligncenter size-full wp-image-26371\" src=\"http:\/\/www.korhanyilmaz.com\/wp-content\/uploads\/2010\/10\/0881.jpg\" alt=\"\" width=\"450\" height=\"239\" \/><\/a><\/p>\n<p style=\"text-align: justify;\">AKP bir utanca daha imza att\u0131. Son 7 y\u0131lda makas tersine a\u00e7\u0131ld\u0131 ve tutuklu say\u0131s\u0131, h\u00fck\u00fcml\u00fcleri ge\u00e7ti!..<\/p>\n<p style=\"text-align: justify;\"><strong>Barolar Birli\u011fi\u2019nden \u00fcrk\u00fct\u00fcc\u00fc rapor<\/strong><\/p>\n<p style=\"text-align: justify;\">T\u00fcrk\u0130ye Barolar Birli\u011fi\u2019nin (TBB) \u201cTutuklama Raporu\u201d AKP iktidar\u0131nda cezaevlerindeki tutuklu say\u0131s\u0131n\u0131n, h\u00fck\u00fcml\u00fc say\u0131s\u0131n\u0131 ge\u00e7ti\u011fini ortaya koydu. Son 7 y\u0131lda toplam tutuklu say\u0131s\u0131 338 bin 520\u2019ye ula\u015f\u0131rken, h\u00fck\u00fcml\u00fc say\u0131s\u0131 266 bin 986\u2019da kald\u0131. Tutuklu ve h\u00fck\u00fcml\u00fc say\u0131s\u0131n\u0131n y\u00fczde 100 artt\u0131\u011f\u0131na da dikkat \u00e7eken hukuk\u00e7ular, sistemdeki sorunlar\u0131n giderilmesini istedi. <!--more--><\/p>\n<p style=\"text-align: justify;\"><strong>Tutuklama karar\u0131 cezaya d\u00f6n\u00fc\u015f\u00fcyor<\/strong><\/p>\n<p style=\"text-align: justify;\">TBB Ba\u015fkan\u0131 Ahsen Co\u015far, \u201cTutuklama karar\u0131, \u00e7ok s\u0131k ve \u00e7o\u011fu zaman keyfi olarak veriliyor hatta cezaya d\u00f6n\u00fc\u015ft\u00fcr\u00fcl\u00fcyor\u201d ifadesini kullan\u0131rken, raporu haz\u0131rlayan merkezin ba\u015fkan\u0131 Prof. Rona Aybay \u201cCezaevleri a\u00e7\u0131s\u0131ndan durum vahim, yasalardaki de\u011fi\u015fikliklerin uygulanmamas\u0131 a\u00e7\u0131s\u0131ndan durum vahim, verilen tutuklama kararlar\u0131 a\u00e7\u0131s\u0131ndan durum vahim\u201d dedi.<\/p>\n<p style=\"text-align: justify;\"><strong>Adalet mekanizmas\u0131 \u00e7\u00f6kt\u00fc<\/strong><\/p>\n<p style=\"text-align: justify;\">T\u00fcrkiye Barolar Birli\u011fi\u2019nin raporu, AKP iktidar\u0131nda cezaevlerindeki tutuklu say\u0131s\u0131n\u0131n, h\u00fck\u00fcml\u00fc say\u0131s\u0131n\u0131 ge\u00e7ti\u011fini ortaya koydu.Hukuk\u00e7ular, bu utan\u00e7 tablosundan h\u00fck\u00fcmeti sorumlu tuttu.<\/p>\n<p style=\"text-align: justify;\">T\u00fcrkiye Barolar Birli\u011fi (TBB) taraf\u0131ndan haz\u0131rlanan \u201cTutuklama Raporu\u201d, AKP iktidar\u0131n\u0131n i\u015fba\u015f\u0131nda oldu\u011fu son 7 y\u0131lda cezaevlerindeki toplam tutuklu say\u0131s\u0131n\u0131n h\u00fck\u00fcml\u00fc say\u0131s\u0131n\u0131 ge\u00e7ti\u011fini belgeledi. AKP\u2019nin bir utan\u00e7 belgesi olarak tarihe ge\u00e7en rapora g\u00f6re, toplam tutuklu say\u0131s\u0131 338 bin 520 iken, h\u00fck\u00fcml\u00fc say\u0131s\u0131 266 bin 986\u2019ya ula\u015ft\u0131. Rapor, cezaevlerinde tutulanlar\u0131n y\u00fczde 56\u2019s\u0131n\u0131n tutuklu konumunda oldu\u011funu g\u00f6zler \u00f6n\u00fcne seriyor. D\u00fcnya standartlar\u0131nda ise tutuklu ve h\u00fck\u00fcml\u00fc oranlar\u0131n\u0131n \u201c\u00fc\u00e7te birini tutuklu, \u00fc\u00e7te ikisini ise h\u00fck\u00fcml\u00fcler\u201d olu\u015fturuyor.<\/p>\n<p style=\"text-align: justify;\"><strong>Tutuklama \u00f6nemli sorun<\/strong><\/p>\n<p style=\"text-align: justify;\">Hukuk\u00e7ular, son 7 y\u0131lda cezaevlerindeki tutuklu ve h\u00fck\u00fcml\u00fc say\u0131s\u0131nda y\u00fczde 100 art\u0131\u015f ya\u015fanmas\u0131n\u0131n T\u00fcrk hukuk sistemindeki sorunlar\u0131 g\u00f6zler \u00f6n\u00fcne serdi\u011fini, bu sorunlar\u0131n giderilmesi gerekti\u011fi g\u00f6r\u00fc\u015f\u00fcnde birle\u015fti. TBB Ba\u015fkan\u0131 Ahsen Co\u015far, \u201cTutuklama karar\u0131, ne yaz\u0131k ki, \u00fclkemizde mahkemeler taraf\u0131ndan \u00e7ok s\u0131k ve \u00e7o\u011fu zaman da keyfi olarak verilmekte, hatta cezaya d\u00f6n\u00fc\u015ft\u00fcr\u00fclmektedir\u201d ifadelerini kullanarak soruna dikkat \u00e7ekti.<\/p>\n<p style=\"text-align: justify;\">Prof. Dr. Rona Aybay ise \u201cCezaevleri a\u00e7\u0131s\u0131ndan durum vahim, yasalarda yap\u0131lan de\u011fi\u015fikliklerin uygulanmamas\u0131 a\u00e7\u0131s\u0131ndan durum vahim, verilen tutuklama kararlar\u0131 a\u00e7\u0131s\u0131ndan durum vahim\u201d dedi. \u0130stanbul Barosu eski ba\u015fkanlar\u0131ndan Turgut Kazan da, \u201ctutuklama\u201d n\u0131n T\u00fcrkiye\u2019nin en \u00f6nemli sorunlar\u0131ndan birisi oldu\u011funu kaydetti.<\/p>\n<p style=\"text-align: justify;\"><strong>Cezan\u0131n bir par\u00e7as\u0131<\/strong><\/p>\n<p style=\"text-align: justify;\">CHP \u0130zmir Milletvekili Ahmet Ersin, tutuklaman\u0131n belli \u015fartlar\u0131 oldu\u011funu, T\u00fcrkiye\u2019de ise bunlara \u00e7ok fazla dikkat edilmedi\u011fini vurgulayarak, \u201cBu rapor, tutuklaman\u0131n \u00fclkemizde ne kadar kolay yap\u0131ld\u0131\u011f\u0131n\u0131 ortaya koyuyor. E\u011fer tutuklama konusunda acele ederseniz ve \u015fartlar\u0131n\u0131 yerine getirmezseniz o zaman tutuklama cezan\u0131n bir par\u00e7as\u0131 haline geliyor. Maalesef son y\u0131llarda buna hi\u00e7 dikkat edilmiyor. Bu kadar tutuklu olmas\u0131 \u00e7ok sak\u0131ncal\u0131d\u0131r\u201d dedi.<\/p>\n<p style=\"text-align: justify;\"><strong>Yapt\u0131r\u0131m uygulan\u0131yor<\/strong><\/p>\n<p style=\"text-align: justify;\">T\u00fcrkiye\u2019de adalet mekanizmas\u0131n\u0131n \u00e7\u00f6kt\u00fc\u011f\u00fcn\u00fc savunan Avukat Dursun Yass\u0131kaya da, cezaevlerinin say\u0131s\u0131n\u0131n artt\u0131\u011f\u0131 bir \u00fclkede ileri demokrasinin \u015fartlar\u0131ndan bahsedilemeyece\u011fini ifade etti. Yass\u0131kaya, \u201cDemokratik mekanizmalarda adliyeler b\u00fcy\u00fcmez, k\u00fc\u00e7\u00fcl\u00fcr. Cezaevlerinin say\u0131s\u0131 da artmaz. Hi\u00e7bir demokratik \u00fclkede devlet, \u015f\u00fcpheliye su\u00e7suzlu\u011funu ispat et demez. Aksine toplad\u0131\u011f\u0131 delillerle \u015f\u00fcpheliye su\u00e7suzlu\u011funu ispat etmesi i\u00e7in hak tan\u0131r. Son y\u0131llarda bizde ya\u015fanan \u00e7arp\u0131kl\u0131k budur. Kendisi gibi d\u00fc\u015f\u00fcnmeyen, kendisini ele\u015ftirenlere bu yapt\u0131r\u0131m usul\u00fc uygulanmaktad\u0131r\u201d diye konu\u015ftu.<\/p>\n<p style=\"text-align: justify;\"><a href=\"http:\/\/www.yg.yenicaggazetesi.com.tr\/habergoster.php?haber=40852\" target=\"_blank\"><span style=\"color: #888888;\">Kaynak : Fatih Erboz &#8211; yenicaggazetesi.com.tr<\/span><\/a><\/p>\n","protected":false},"excerpt":{"rendered":"<p style=\"text-align: center;\">\n<p style=\"text-align: justify;\">AKP bir utanca daha imza att\u0131. Son 7 y\u0131lda makas tersine a\u00e7\u0131ld\u0131 ve tutuklu say\u0131s\u0131, h\u00fck\u00fcml\u00fcleri ge\u00e7ti!..<\/p>\n<p style=\"text-align: justify;\">Barolar Birli\u011fi\u2019nden \u00fcrk\u00fct\u00fcc\u00fc rapor<\/p>\n<p style=\"text-align: justify;\">T\u00fcrk\u0130ye Barolar Birli\u011fi\u2019nin (TBB) \u201cTutuklama Raporu\u201d AKP iktidar\u0131nda cezaevlerindeki tutuklu say\u0131s\u0131n\u0131n, h\u00fck\u00fcml\u00fc say\u0131s\u0131n\u0131 ge\u00e7ti\u011fini ortaya koydu. Son 7 y\u0131lda toplam tutuklu say\u0131s\u0131 338 bin 520\u2019ye <\/p>\n","protected":false},"author":1,"featured_media":0,"comment_status":"open","ping_status":"closed","sticky":false,"template":"","format":"standard","meta":{"footnotes":""},"categories":[105],"tags":[],"class_list":["post-26369","post","type-post","status-publish","format-standard","hentry","category-gundem","odd"],"_links":{"self":[{"href":"http:\/\/www.korhanyilmaz.com\/index.php?rest_route=\/wp\/v2\/posts\/26369","targetHints":{"allow":["GET"]}}],"collection":[{"href":"http:\/\/www.korhanyilmaz.com\/index.php?rest_route=\/wp\/v2\/posts"}],"about":[{"href":"http:\/\/www.korhanyilmaz.com\/index.php?rest_route=\/wp\/v2\/types\/post"}],"author":[{"embeddable":true,"href":"http:\/\/www.korhanyilmaz.com\/index.php?rest_route=\/wp\/v2\/users\/1"}],"replies":[{"embeddable":true,"href":"http:\/\/www.korhanyilmaz.com\/index.php?rest_route=%2Fwp%2Fv2%2Fcomments&post=26369"}],"version-history":[{"count":0,"href":"http:\/\/www.korhanyilmaz.com\/index.php?rest_route=\/wp\/v2\/posts\/26369\/revisions"}],"wp:attachment":[{"href":"http:\/\/www.korhanyilmaz.com\/index.php?rest_route=%2Fwp%2Fv2%2Fmedia&parent=26369"}],"wp:term":[{"taxonomy":"category","embeddable":true,"href":"http:\/\/www.korhanyilmaz.com\/index.php?rest_route=%2Fwp%2Fv2%2Fcategories&post=26369"},{"taxonomy":"post_tag","embeddable":true,"href":"http:\/\/www.korhanyilmaz.com\/index.php?rest_route=%2Fwp%2Fv2%2Ftags&post=26369"}],"curies":[{"name":"wp","href":"https:\/\/api.w.org\/{rel}","templated":true}]}}