{"id":26365,"date":"2010-10-10T00:32:19","date_gmt":"2010-10-09T21:32:19","guid":{"rendered":"http:\/\/www.korhanyilmaz.com\/?p=26365"},"modified":"2010-10-10T00:32:19","modified_gmt":"2010-10-09T21:32:19","slug":"001-suleyman-demirel","status":"publish","type":"post","link":"http:\/\/www.korhanyilmaz.com\/?p=26365","title":{"rendered":"001 S\u00fcleyman Demirel&#8230;"},"content":{"rendered":"<div id=\"attachment_26366\" style=\"width: 370px\" class=\"wp-caption aligncenter\"><a href=\"http:\/\/www.korhanyilmaz.com\/wp-content\/uploads\/2010\/10\/087.jpg\"  class=\"lightview\"><img loading=\"lazy\" decoding=\"async\" aria-describedby=\"caption-attachment-26366\" class=\"size-full wp-image-26366 \" src=\"http:\/\/www.korhanyilmaz.com\/wp-content\/uploads\/2010\/10\/087.jpg\" alt=\"\" width=\"360\" height=\"253\" \/><\/a><p id=\"caption-attachment-26366\" class=\"wp-caption-text\">9. Cumhurba\u015fkan\u0131 S\u00fcleyman Demirel<\/p><\/div>\n<p style=\"text-align: justify;\">Ergenekon davas\u0131ndan tutuklu bulunan Prof. Mehmet Haberal, 9. Cumhurba\u015fkan\u0131 S\u00fcleyman Demirel\u2019in Ye\u015fil kart\u0131 oldu\u011funu a\u00e7\u0131klad\u0131. Haberal \u2018\u2019Ye\u015fil kart\u0131n mimar\u0131 benim. 001 numaral\u0131 ilk ye\u015fil kart\u0131 Demirel\u2019e verdik\u2019\u2019 dedi.<!--more--><\/p>\n<p style=\"text-align: justify;\">ANKARA &#8211; Ergenekon davas\u0131 kapsam\u0131nda tutuklu bulunan Ba\u015fkent \u00dcniversitesi Kurucu Rekt\u00f6r\u00fc Prof. Dr Mehmet Haberal, 9. Cumhurba\u015fkan\u0131 S\u00fcleyman Demirel\u2019in Ye\u015fil kart\u0131 oldu\u011funu a\u00e7\u0131klad\u0131. Haberal \u2018\u2019Ye\u015fil kart\u0131n mimar\u0131 benim. 001 numaral\u0131 ilk ye\u015fil kart\u0131 sembolik olarak say\u0131n Demirel\u2019e verdik\u2019\u2019 dedi.<\/p>\n<p style=\"text-align: justify;\">Tedavi g\u00f6rd\u00fc\u011f\u00fc hastanede CHP milletvekilleri ile g\u00f6r\u00fc\u015fen Haberal, Ergenekon davas\u0131nda hangi su\u00e7 iddias\u0131 ile yarg\u0131land\u0131\u011f\u0131n\u0131 bilmedi\u011finden yak\u0131nd\u0131 ve \u015funlar\u0131 s\u00f6yledi:<\/p>\n<p style=\"text-align: justify;\">\u201cBu memlekete borcumuz var. Odun \u0131\u015f\u0131\u011f\u0131nda, yokluk i\u00e7inde ders \u00e7al\u0131\u015f\u0131rken, bug\u00fcn ameliyatlarda lazer \u0131\u015f\u0131\u011f\u0131 kullan\u0131yoruz. Bunun k\u0131ymetini bilece\u011fiz. Hastalar\u0131m\u0131, onlara \u015fifaya kavu\u015fturmay\u0131 \u00e7ok \u00f6zledim. \u00c7ok ki\u015fi bilmez ama bug\u00fcn sa\u011fl\u0131k sisteminden kald\u0131rmaya \u00e7al\u0131\u015f\u0131lan ye\u015fil kart uygulamas\u0131n\u0131n mimar\u0131 benim. Cebimde 13 Ekim 1991 tarihli 002 nolu ye\u015fil kart hala duruyor. Bir nolu kart ise 9\u2019ncu cumhurba\u015fkan\u0131 S\u00fcleyman Demirel\u2019dedir. Kart\u0131 sembolik olarak haz\u0131rlad\u0131k, Demirel\u2019in foto\u011fraf\u0131n\u0131 bile kart\u0131na ben yap\u0131\u015ft\u0131rd\u0131m\u201d<\/p>\n<p style=\"text-align: justify;\"><strong>AKTUNA TANITMI\u015eTI<\/strong><\/p>\n<p style=\"text-align: justify;\">Ye\u015fil kart uygulamas\u0131, T\u00fcrkiye\u2019de ilk kez 1992 y\u0131l\u0131nda, DYP ile SHP\u2019nin olu\u015fturdu\u011fu 7\u2019inci Demirel H\u00fck\u00fcmeti Koalisyon Protokol\u00fc\u2019nde \u201cT\u00fcm vatanda\u015flar sigortalanacak ve hepsine tedavi olma imkan\u0131n\u0131 sa\u011flayan ye\u015fil kart verilecektir\u201d s\u00f6zleri ile ba\u015flad\u0131. Sosyal g\u00fcvencesi olmayan ve maddi durumu yetersiz olan vatanda\u015flar\u0131n sa\u011fl\u0131k giderlerini kar\u015f\u0131lamak i\u00e7in 1992 y\u0131l\u0131nda d\u00f6nemin Sa\u011fl\u0131k Bakan\u0131 Y\u0131ld\u0131r\u0131m Aktuna\u2019n\u0131n tan\u0131t\u0131m\u0131yla ba\u015flat\u0131lan uygulama, fakirli\u011fin yo\u011funla\u015ft\u0131\u011f\u0131 Do\u011fu ve G\u00fcneydo\u011fu\u2019daki illerde b\u00fcy\u00fck ra\u011fbet g\u00f6rd\u00fc. 1995 y\u0131l\u0131nda 1.7 milyon ki\u015fi ye\u015fil kart sahibiyken, bu say\u0131 2010 y\u0131l\u0131nda 10 milyon ki\u015fiyi a\u015ft\u0131. Ancak, gelir \u00f6l\u00e7\u00fct\u00fcn\u00fcn tam tespit edilememesi nedeniyle k\u00f6t\u00fcye kullan\u0131mlar\u0131n artmas\u0131 sonucu h\u00fck\u00fcmetler \u00e7ok say\u0131da ye\u015fil kart\u0131 iptal etti. Genel Sa\u011fl\u0131k Sigortas\u0131\u2019nda yap\u0131lan d\u00fczenlemeler \u00e7er\u00e7evesinde, 1 Ekim 2010\u2019da kald\u0131r\u0131lmas\u0131 \u00f6ng\u00f6r\u00fclen uygulama, genel se\u00e7im sonras\u0131na ve 1 Ocak 2012 tarihine ertelendi.<\/p>\n<p style=\"text-align: justify;\"><a href=\"http:\/\/www.gazeteport.com.tr\/SIYASET\/NEWS\/GP_778435\" target=\"_blank\"><span style=\"color: #888888;\">Kaynak : Yusuf Sahici &#8211; GAZETEPORT<\/span><\/a><\/p>\n","protected":false},"excerpt":{"rendered":"<p id=\"caption-attachment-26366\" class=\"wp-caption-text\">9. Cumhurba\u015fkan\u0131 S\u00fcleyman Demirel<\/p>\n<p style=\"text-align: justify;\">Ergenekon davas\u0131ndan tutuklu bulunan Prof. Mehmet Haberal, 9. Cumhurba\u015fkan\u0131 S\u00fcleyman Demirel\u2019in Ye\u015fil kart\u0131 oldu\u011funu a\u00e7\u0131klad\u0131. Haberal \u2018\u2019Ye\u015fil kart\u0131n mimar\u0131 benim. 001 numaral\u0131 ilk ye\u015fil kart\u0131 Demirel\u2019e verdik\u2019\u2019 dedi.<\/p>\n","protected":false},"author":1,"featured_media":0,"comment_status":"open","ping_status":"closed","sticky":false,"template":"","format":"standard","meta":{"footnotes":""},"categories":[105],"tags":[],"class_list":["post-26365","post","type-post","status-publish","format-standard","hentry","category-gundem","odd"],"_links":{"self":[{"href":"http:\/\/www.korhanyilmaz.com\/index.php?rest_route=\/wp\/v2\/posts\/26365","targetHints":{"allow":["GET"]}}],"collection":[{"href":"http:\/\/www.korhanyilmaz.com\/index.php?rest_route=\/wp\/v2\/posts"}],"about":[{"href":"http:\/\/www.korhanyilmaz.com\/index.php?rest_route=\/wp\/v2\/types\/post"}],"author":[{"embeddable":true,"href":"http:\/\/www.korhanyilmaz.com\/index.php?rest_route=\/wp\/v2\/users\/1"}],"replies":[{"embeddable":true,"href":"http:\/\/www.korhanyilmaz.com\/index.php?rest_route=%2Fwp%2Fv2%2Fcomments&post=26365"}],"version-history":[{"count":0,"href":"http:\/\/www.korhanyilmaz.com\/index.php?rest_route=\/wp\/v2\/posts\/26365\/revisions"}],"wp:attachment":[{"href":"http:\/\/www.korhanyilmaz.com\/index.php?rest_route=%2Fwp%2Fv2%2Fmedia&parent=26365"}],"wp:term":[{"taxonomy":"category","embeddable":true,"href":"http:\/\/www.korhanyilmaz.com\/index.php?rest_route=%2Fwp%2Fv2%2Fcategories&post=26365"},{"taxonomy":"post_tag","embeddable":true,"href":"http:\/\/www.korhanyilmaz.com\/index.php?rest_route=%2Fwp%2Fv2%2Ftags&post=26365"}],"curies":[{"name":"wp","href":"https:\/\/api.w.org\/{rel}","templated":true}]}}