{"id":26360,"date":"2010-10-09T22:12:16","date_gmt":"2010-10-09T19:12:16","guid":{"rendered":"http:\/\/www.korhanyilmaz.com\/?p=26360"},"modified":"2010-10-09T22:12:16","modified_gmt":"2010-10-09T19:12:16","slug":"45-yas-siniri-dursuna-islemiyor","status":"publish","type":"post","link":"http:\/\/www.korhanyilmaz.com\/?p=26360","title":{"rendered":"45 ya\u015f s\u0131n\u0131r\u0131 Dursun&#8217;a i\u015flemiyor&#8230;"},"content":{"rendered":"<p style=\"text-align: justify;\"><a href=\"http:\/\/www.korhanyilmaz.com\/wp-content\/uploads\/2010\/10\/sayistay313.png\"  class=\"lightview\"><img loading=\"lazy\" decoding=\"async\" class=\"aligncenter size-full wp-image-26362\" src=\"http:\/\/www.korhanyilmaz.com\/wp-content\/uploads\/2010\/10\/sayistay313.png\" alt=\"\" width=\"180\" height=\"180\" \/><\/a><\/p>\n<p style=\"text-align: justify;\">Say\u0131\u015ftay kontenjan\u0131ndan Anayasa Mahkemesi \u00fcyeli\u011fine se\u00e7ilebilme ko\u015fullar\u0131 aras\u0131nda 45 ya\u015f ko\u015fulu bulunmad\u0131\u011f\u0131 ve se\u00e7ilen ki\u015finin Say\u0131\u015ftay \u00fcyesi olmas\u0131n\u0131n yeterli oldu\u011fu bildirildi.<!--more--><\/p>\n<p style=\"text-align: justify;\">ANKARA &#8211; Say\u0131\u015ftay&#8217;dan yap\u0131lan yaz\u0131l\u0131 a\u00e7\u0131klamada, bug\u00fcn baz\u0131 bas\u0131n organlar\u0131nda Say\u0131\u015ftay kontenjan\u0131ndan Anayasa Mahkemesi \u00fcyeli\u011fine se\u00e7ilen Hicabi Dursun hakk\u0131nda, &#8221;\u00fcye se\u00e7ilme nitelikleri ile ilgili ger\u00e7ek d\u0131\u015f\u0131 yorumlar i\u00e7eren ve kamuoyunu yanl\u0131\u015f y\u00f6nlendirebilecek haberlere yer verildi\u011fi&#8221; belirtilerek, bu nedenle bir a\u00e7\u0131klama yap\u0131lmas\u0131 gereklili\u011fi duyuldu\u011fu vurguland\u0131.<\/p>\n<p style=\"text-align: justify;\">A\u00e7\u0131klamada, Anayasa&#8217;n\u0131n konuyu d\u00fczenleyen 146. maddesinin be\u015finci f\u0131kras\u0131nda yer alan &#8221;Anayasa Mahkemesine \u00fcye se\u00e7ilebilmek i\u00e7in 45 ya\u015f\u0131n doldurulmu\u015f olmas\u0131 kayd\u0131yla; y\u00fcksek \u00f6\u011fretim kurumlar\u0131 \u00f6\u011fretim \u00fcyelerinin profes\u00f6r veya do\u00e7ent unvan\u0131n\u0131 kazanm\u0131\u015f, avukatlar\u0131n en az yirmi y\u0131l fiilen avukatl\u0131k yapm\u0131\u015f, \u00fcst kademe y\u00f6neticilerinin y\u00fcksek \u00f6\u011frenim g\u00f6rm\u00fc\u015f ve en az yirmi y\u0131l kamu hizmetinde fiilen \u00e7al\u0131\u015fm\u0131\u015f, birinci s\u0131n\u0131f hakim ve savc\u0131lar\u0131n adayl\u0131k dahil en az yirmi y\u0131l \u00e7al\u0131\u015fm\u0131\u015f olmas\u0131 \u015fartt\u0131r&#8221; \u015feklindeki d\u00fczenlemeye yer verilerek, \u015funlar kaydedildi:<\/p>\n<p style=\"text-align: justify;\">&#8221;Madde gerek\u00e7esinde ise bu kuralla ilgili olarak \u015fu a\u00e7\u0131klamalara yer verilmi\u015ftir, &#8216;Mahkeme \u00fcyeli\u011fine, y\u00fcksek \u00f6\u011fretim kurumlar\u0131 \u00f6\u011fretim \u00fcyelerinden se\u00e7ileceklerin profes\u00f6r veya do\u00e7ent unvan\u0131n\u0131 kazanm\u0131\u015f, avukatlardan se\u00e7ileceklerin en az yirmi y\u0131l fiilen avukatl\u0131k yapm\u0131\u015f, \u00fcst kademe y\u00f6neticilerinden se\u00e7ileceklerin y\u00fcksek \u00f6\u011frenim g\u00f6rm\u00fc\u015f ve en az yirmi y\u0131l kamu hizmetinde fiilen \u00e7al\u0131\u015fm\u0131\u015f, birinci s\u0131n\u0131f hakim ve savc\u0131lardan se\u00e7ileceklerin adayl\u0131k dahil en az yirmi y\u0131l \u00e7al\u0131\u015fm\u0131\u015f olmalar\u0131 ve say\u0131lan bu ki\u015filerin k\u0131rk be\u015f ya\u015f\u0131n\u0131 doldurmu\u015f bulunmalar\u0131 gerekir&#8217;<\/p>\n<p style=\"text-align: justify;\">G\u00f6r\u00fcld\u00fc\u011f\u00fc gibi, Anayasa&#8217;da yer alan d\u00fczenleme ve bu d\u00fczenlemenin gerek\u00e7esi birlikte de\u011ferlendirildi\u011finde, Say\u0131\u015ftay kontenjan\u0131ndan Anayasa Mahkemesi \u00fcyeli\u011fine se\u00e7ilebilme ko\u015fullar\u0131 aras\u0131nda 45 ya\u015f ko\u015fulu bulunmamakta, se\u00e7ilen ki\u015finin Say\u0131\u015ftay \u00fcyesi olmas\u0131 yeterli g\u00f6r\u00fclmektedir. Ya\u015f ko\u015fulu \u00f6\u011fretim \u00fcyeleri, \u00fcst kademe y\u00f6neticileri, avukatlar, hakim ve savc\u0131lar y\u00f6n\u00fcnden getirilmi\u015f bulunmaktad\u0131r. Gerek\u00e7edeki &#8216;say\u0131lan bu ki\u015filerin 45 ya\u015f\u0131n\u0131 doldurmu\u015f bulunmalar\u0131 gerekir&#8217; ibaresi bunu ayr\u0131ca vurgulamaktad\u0131r.<\/p>\n<p style=\"text-align: justify;\">Dolay\u0131s\u0131yla Say\u0131\u015ftay kontenjan\u0131ndan Anayasa Mahkemesi \u00fcyeli\u011fine se\u00e7ilen Hicabi Dursun&#8217;un \u00fcye se\u00e7ilme nitelikleri ile ilgili olarak mevzuata ayk\u0131r\u0131 bir durum s\u00f6z konusu de\u011fildir.&#8221;<\/p>\n<p style=\"text-align: justify;\"><a href=\"http:\/\/www.gazeteport.com.tr\/SIYASET\/NEWS\/GP_778432\" target=\"_blank\"><span style=\"color: #888888;\">Kaynak : GAZETEPORT<\/span><\/a><\/p>\n","protected":false},"excerpt":{"rendered":"<p style=\"text-align: justify;\">\n<p style=\"text-align: justify;\">Say\u0131\u015ftay kontenjan\u0131ndan Anayasa Mahkemesi \u00fcyeli\u011fine se\u00e7ilebilme ko\u015fullar\u0131 aras\u0131nda 45 ya\u015f ko\u015fulu bulunmad\u0131\u011f\u0131 ve se\u00e7ilen ki\u015finin Say\u0131\u015ftay \u00fcyesi olmas\u0131n\u0131n yeterli oldu\u011fu bildirildi.<\/p>\n","protected":false},"author":1,"featured_media":0,"comment_status":"open","ping_status":"closed","sticky":false,"template":"","format":"standard","meta":{"footnotes":""},"categories":[105],"tags":[],"class_list":["post-26360","post","type-post","status-publish","format-standard","hentry","category-gundem","odd"],"_links":{"self":[{"href":"http:\/\/www.korhanyilmaz.com\/index.php?rest_route=\/wp\/v2\/posts\/26360","targetHints":{"allow":["GET"]}}],"collection":[{"href":"http:\/\/www.korhanyilmaz.com\/index.php?rest_route=\/wp\/v2\/posts"}],"about":[{"href":"http:\/\/www.korhanyilmaz.com\/index.php?rest_route=\/wp\/v2\/types\/post"}],"author":[{"embeddable":true,"href":"http:\/\/www.korhanyilmaz.com\/index.php?rest_route=\/wp\/v2\/users\/1"}],"replies":[{"embeddable":true,"href":"http:\/\/www.korhanyilmaz.com\/index.php?rest_route=%2Fwp%2Fv2%2Fcomments&post=26360"}],"version-history":[{"count":0,"href":"http:\/\/www.korhanyilmaz.com\/index.php?rest_route=\/wp\/v2\/posts\/26360\/revisions"}],"wp:attachment":[{"href":"http:\/\/www.korhanyilmaz.com\/index.php?rest_route=%2Fwp%2Fv2%2Fmedia&parent=26360"}],"wp:term":[{"taxonomy":"category","embeddable":true,"href":"http:\/\/www.korhanyilmaz.com\/index.php?rest_route=%2Fwp%2Fv2%2Fcategories&post=26360"},{"taxonomy":"post_tag","embeddable":true,"href":"http:\/\/www.korhanyilmaz.com\/index.php?rest_route=%2Fwp%2Fv2%2Ftags&post=26360"}],"curies":[{"name":"wp","href":"https:\/\/api.w.org\/{rel}","templated":true}]}}