{"id":26345,"date":"2010-10-09T20:02:44","date_gmt":"2010-10-09T17:02:44","guid":{"rendered":"http:\/\/www.korhanyilmaz.com\/?p=26345"},"modified":"2010-10-09T20:02:44","modified_gmt":"2010-10-09T17:02:44","slug":"cemil-cicekten-agir-sozler","status":"publish","type":"post","link":"http:\/\/www.korhanyilmaz.com\/?p=26345","title":{"rendered":"Cemil \u00c7i\u00e7ek&#8217;ten a\u011f\u0131r s\u00f6zler"},"content":{"rendered":"<p style=\"text-align: justify;\"><a href=\"http:\/\/www.korhanyilmaz.com\/wp-content\/uploads\/2010\/10\/084.jpg\"  class=\"lightview\"><img loading=\"lazy\" decoding=\"async\" class=\"aligncenter size-full wp-image-26346\" src=\"http:\/\/www.korhanyilmaz.com\/wp-content\/uploads\/2010\/10\/084.jpg\" alt=\"\" width=\"413\" height=\"220\" \/><\/a><\/p>\n<p style=\"text-align: justify;\"><strong>&#8220;Fikir \u00f6zg\u00fcrl\u00fc\u011f\u00fc alt\u0131nda gevezelik yap\u0131l\u0131yor&#8221;<\/strong><\/p>\n<p style=\"text-align: justify;\">\u0130STANBUL &#8211; Devlet Bakan\u0131 ve Ba\u015fbakan Yard\u0131mc\u0131s\u0131 Cemil \u00c7i\u00e7ek, &#8221;G\u00fcn\u00fcm\u00fcz d\u00fcnyas\u0131nda \u00f6ncelik art\u0131k \u00f6zg\u00fcrl\u00fcklerden yanad\u0131r. \u00d6zg\u00fcrl\u00fcklerin varl\u0131\u011f\u0131n\u0131n geni\u015fletilmesi \u00fclkenin g\u00fcvenli\u011fi bak\u0131m\u0131ndan tehlike de\u011fil, tam tersi belki de g\u00fcvenli\u011fi sa\u011flaman\u0131n yolunun da \u00f6zg\u00fcrl\u00fcklerden ge\u00e7ti\u011fi kanaati t\u00fcm d\u00fcnyadaki gibi bizde de var&#8221; dedi. <!--more--><\/p>\n<p style=\"text-align: justify;\">Avrasya Bir Vakf\u0131n\u0131n 2010-2011 y\u0131l\u0131 \u00e7al\u0131\u015fma d\u00f6nemi a\u00e7\u0131l\u0131\u015f\u0131nda konu\u015fan \u00c7i\u00e7ek, milletin 12 Eyl\u00fcldeki halk oylamas\u0131nda \u00f6nemli bir demokratik s\u0131navdan ge\u00e7ti\u011fini s\u00f6yledi.<\/p>\n<p style=\"text-align: justify;\">Milletin bu s\u0131navdan y\u00fcz ak\u0131 ile \u00e7\u0131kt\u0131\u011f\u0131n\u0131 ifade eden \u00c7i\u00e7ek, &#8221;Ne zaman ki \u00e7\u00f6zemedi\u011fimiz sorunlar\u0131 halka g\u00f6t\u00fcrd\u00fck, bizim 40 y\u0131lda \u00e7\u00f6zemedi\u011fimizi vatanda\u015f sand\u0131kta \u00e7\u00f6zd\u00fc. Bu nedenle bu millet b\u00fcy\u00fck bir millettir. Bir k\u0131s\u0131m entelekt\u00fcel \u00e7evreler bak\u0131m\u0131ndan oyun kalitesi ile ilgili de\u011ferlendirme yap\u0131l\u0131yor ama herkes yurt d\u0131\u015f\u0131na \u00e7\u0131kmam\u0131\u015f, herkes \u00fcniversite mezunu olmayabilir. Ancak halk\u0131m\u0131z\u0131n \u00f6yle bir sa\u011fduyusu var ki tart\u0131\u015f\u0131p sonuca ba\u011flayamad\u0131\u011f\u0131m\u0131z konular sand\u0131k \u00f6n\u00fcne gitti\u011finde bunu b\u00fcy\u00fck bir ba\u015far\u0131 ile ger\u00e7ekle\u015ftirmi\u015ftir. B\u00f6yle bir millete sahip olmaktan gurur duyuyoruz&#8221; diye konu\u015ftu.<\/p>\n<p style=\"text-align: justify;\">12 Eyl\u00fcl ile yeni bir sayfa a\u00e7\u0131ld\u0131\u011f\u0131n\u0131, art\u0131k T\u00fcrkiye&#8217;de temsili demokrasi evresinin tamamland\u0131\u011f\u0131n\u0131 belirten \u00c7i\u00e7ek, daha \u00e7ok kat\u0131l\u0131mc\u0131 demokrasi evresine ge\u00e7ildi\u011fini, bunun i\u00e7in meslek kurulu\u015flar\u0131na ve Avrasya Bir Vakf\u0131 gibi d\u00fc\u015f\u00fcnce kurulu\u015flar\u0131na daha da \u00e7ok ihtiya\u00e7 oldu\u011funu belirtti.<\/p>\n<p style=\"text-align: justify;\"><strong>&#8221;F\u0130K\u0130R \u00d6ZG\u00dcRL\u00dc\u011e\u00dc ALTINDA GEVEZEL\u0130K YAPILIYOR&#8221; <\/strong><\/p>\n<p style=\"text-align: justify;\">\u00c7i\u00e7ek, televizyonlarda tart\u0131\u015fmalar\u0131 dinledi\u011fini ve bunlar\u0131n \u00f6nemli bir k\u0131sm\u0131n\u0131n ger\u00e7ek bir bilgiye dayanmad\u0131\u011f\u0131n\u0131 g\u00f6rd\u00fc\u011f\u00fcn\u00fc belirterek, &#8221;Ter\u00f6r meselesinde konu\u015fulanlar\u0131n y\u00fczde 70&#8217;inin T\u00fcrkiye&#8217;nin ger\u00e7e\u011fi ile alakal\u0131 olmad\u0131\u011f\u0131n\u0131 g\u00f6r\u00fcyoruz. Bu tart\u0131\u015fmalar\u0131n \u00f6nemli bir k\u0131sm\u0131 bilimsel temel veya ara\u015ft\u0131rmaya dayanm\u0131yor. Bunun i\u00e7in fikir \u00f6zg\u00fcrl\u00fc\u011f\u00fc ad\u0131 alt\u0131nda gevezelik yap\u0131l\u0131yor. \u0130kisi birbirinden farkl\u0131. Bir veriye dayan\u0131yorsa tamam, dayanm\u0131yorsa kutupla\u015fmaya, sorunun \u00e7\u00f6z\u00fcm\u00fcn\u00fc zorla\u015ft\u0131rmaya yar\u0131yor&#8221; diye konu\u015ftu.<\/p>\n<p style=\"text-align: justify;\">T\u00fcrkiye&#8217;nin meselelerinin yan yana yaz\u0131lmas\u0131 gerekti\u011fini bildiren \u00c7i\u00e7ek, alt alta yaz\u0131ld\u0131\u011f\u0131nda birinin tercih edilmesi gerekece\u011fini, bunlar\u0131n hepsinin \u00e7ok \u00f6nemli sorunlar oldu\u011funu kaydetti.<\/p>\n<p style=\"text-align: justify;\">12 Eyl\u00fcl 1982 Anayasas\u0131&#8217;n\u0131n 28 y\u0131ld\u0131r tart\u0131\u015f\u0131ld\u0131\u011f\u0131n\u0131 ve bu Anayasa&#8217;ya daha yap\u0131l\u0131rken itiraz edildi\u011fini anlatan \u00c7i\u00e7ek, konu\u015fmas\u0131n\u0131 \u015f\u00f6yle s\u00fcrd\u00fcrd\u00fc:<\/p>\n<p style=\"text-align: justify;\">&#8221;Y\u00fcr\u00fcrl\u00fc\u011fe girdi\u011fi andan itibaren bu \u00fclkenin i\u015flerini zorla\u015ft\u0131raca\u011f\u0131 ve de\u011fi\u015fmesi gerekti\u011fi ifade edilmi\u015ftir. Neredeyse toplumun tamam\u0131 &#8216;Bir \u015fey de\u011fi\u015fsin&#8217; diyor ama de\u011fi\u015ftirilemiyorsa ortada ciddi bir anayasal sorun vard\u0131r. \u00c7\u00fcnk\u00fc siyasetteki bir\u00e7ok sorun Anayasa ile ba\u011flant\u0131l\u0131d\u0131r. \u0130\u015fin anas\u0131n\u0131 \u00e7\u00f6zemezseniz, danas\u0131n\u0131 hi\u00e7 \u00e7\u00f6zemezsiniz. Onun i\u00e7in bu 28 y\u0131ld\u0131r tart\u0131\u015f\u0131lan Anayasa T\u00fcrkiye&#8217;nin idaresini ger\u00e7ekten zorla\u015ft\u0131rm\u0131\u015ft\u0131r. Bu 28 y\u0131ll\u0131k s\u00fcre i\u00e7inde Anayasa 17 defa de\u011fi\u015fikli\u011fe maruz kald\u0131. 28 y\u0131l\u0131 17&#8217;ye b\u00f6ld\u00fc\u011f\u00fcn\u00fczde demek ki her 1.5 senede T\u00fcrkiye bir anayasa de\u011fi\u015fikli\u011fini yapmak mecburiyetini duymu\u015ftur.&#8221;<\/p>\n<p style=\"text-align: justify;\"><strong>&#8221;ANAYASA B\u0130R DEVLET\u0130N \u00c7ATISIDIR&#8221; <\/strong><\/p>\n<p style=\"text-align: justify;\">Anayasan\u0131n bir devletin \u00e7at\u0131s\u0131 oldu\u011funu bildiren \u00c7i\u00e7ek, \u015fimdiye kadar tavan\u0131ndan su alm\u0131\u015f, taban\u0131 \u00e7atlam\u0131\u015f, kap\u0131s\u0131, pencereleri gev\u015femi\u015f anayasan\u0131n her 1.5 senede bir tamir edilip \u00fclkenin y\u00f6netilmeye \u00e7al\u0131\u015f\u0131ld\u0131\u011f\u0131n\u0131 bildirdi. 17 de\u011fi\u015fikli\u011fe bak\u0131ld\u0131\u011f\u0131nda T\u00fcrkiye&#8217;de siyasi yelpazenin hemen her kesiminde olan partilerin bu s\u00fcrecin i\u00e7inde bulundu\u011funu ifade eden \u00c7i\u00e7ek, &#8221;Onlar da s\u00f6ylemi\u015fler ki bu de\u011fi\u015fikli\u011fi yapm\u0131\u015flar ve bu belli bir partiye mensup olanlar\u0131n g\u00f6r\u00fc\u015f\u00fc de\u011fil, herkesin talebi&#8221; dedi.<\/p>\n<p style=\"text-align: justify;\">1982 Anayasas\u0131&#8217;n\u0131n o g\u00fcn\u00fcn \u015fartlar\u0131nda bir &#8221;tepki anayasas\u0131&#8221; olarak yap\u0131ld\u0131\u011f\u0131n\u0131 s\u00f6yleyen \u00c7i\u00e7ek, 1982 Anayasas\u0131&#8217;n\u0131n \u00f6nceliklerinin g\u00fcn\u00fcm\u00fcz\u00fcn \u00f6ncelikleriyle \u00f6rt\u00fc\u015fmedi\u011fini kaydetti.<\/p>\n<p style=\"text-align: justify;\">Anayasa&#8217;n\u0131n yap\u0131ld\u0131\u011f\u0131 tarihin, so\u011fuk sava\u015f\u0131n devam etti\u011fi bir tarih oldu\u011funu belirten \u00c7i\u00e7ek, konu\u015fmas\u0131na \u015f\u00f6yle devam etti:<\/p>\n<p style=\"text-align: justify;\">&#8221;\u0130ki kutuplu bir d\u00fcnya, so\u011fuk sava\u015f&#8230; So\u011fuk sava\u015f da her toplumun \u00f6n\u00fcne bir g\u00fcvenlik sorunu koymu\u015ftur. G\u00fcvenlik en \u00f6ncelikli meseledir. Di\u011ferleri onun yerine ikinci, \u00fc\u00e7\u00fcnc\u00fc nitelikli meselelerdir. Dolay\u0131s\u0131yla g\u00fcvenli\u011fi \u00f6ncelemi\u015f, \u00f6zg\u00fcrl\u00fck konusunu ikinci, \u00fc\u00e7\u00fcnc\u00fc derecede hatta baz\u0131 alanlarda &#8216;olmasa da olur&#8217; diye bir anlay\u0131\u015fla bu 1982 Anayasas\u0131 haz\u0131rlanm\u0131\u015ft\u0131r. G\u00fcn\u00fcm\u00fcz d\u00fcnyas\u0131nda art\u0131k &#8221;g\u00fcvenlik mi, \u00f6zg\u00fcrl\u00fck m\u00fc&#8221; de\u011fil, tam tersi bunu dengede tutmak ve e\u011fer m\u00fcmk\u00fcnse bir tarafa a\u011f\u0131rl\u0131k verilecekse \u00f6zg\u00fcrl\u00fc\u011fe daha fazla a\u011f\u0131rl\u0131k vermek laz\u0131m. T\u00fcrkiye, 1959&#8217;da bir devlet politikas\u0131 olarak AB y\u00f6n\u00fcnde bir tercih koymu\u015ftur. \u00d6yle bir tercih yapt\u0131ysak, bunu politik bir tercih haline getirdiysek, elbette \u00f6zg\u00fcrl\u00fckle ilgili standartlar\u0131m\u0131z\u0131 AB seviyesine \u00e7\u0131karmam\u0131z laz\u0131m. Bunu yasal d\u00fczenlemelerle bu seviyeye \u00e7\u0131kartacaks\u0131n\u0131z. Yasalar\u0131 haz\u0131rlarken anayasaya uygun haz\u0131rlaman\u0131z gerekiyor. \u00c7\u00fcnk\u00fc anayasa yarg\u0131s\u0131n\u0131n denetimine tabi. Son 8 senedir kar\u015f\u0131la\u015ft\u0131\u011f\u0131m\u0131z s\u0131k\u0131nt\u0131 \u015fudur; Anayasay\u0131 hesaba katt\u0131\u011f\u0131m\u0131zda AB normlar\u0131na ters d\u00fc\u015f\u00fcyor. AB normlar\u0131n\u0131 esas ald\u0131\u011f\u0131m\u0131zda da Anayasa&#8217;ya ters d\u00fc\u015f\u00fcyor. T\u00fcrkiye bir a\u00e7maz\u0131n i\u00e7indedir. Bu ikilemden T\u00fcrkiye&#8217;nin kurtulmas\u0131 laz\u0131md\u0131r. Kurtulmad\u0131\u011f\u0131 takdirde ayn\u0131 konular\u0131 tekrar tekrar konu\u015fmak ve ayn\u0131 konuyu d\u00fczenlemek gerekiyor. Bu nedenle g\u00fcn\u00fcm\u00fcz d\u00fcnyas\u0131nda \u00f6ncelik art\u0131k \u00f6zg\u00fcrl\u00fcklerden yanad\u0131r. \u00d6zg\u00fcrl\u00fcklerin varl\u0131\u011f\u0131n\u0131n geni\u015fletilmesi \u00fclkenin g\u00fcvenli\u011fi bak\u0131m\u0131ndan tehlike de\u011fil, tam tersi belki de g\u00fcvenli\u011fi sa\u011flaman\u0131n yolunun da \u00f6zg\u00fcrl\u00fcklerden ge\u00e7ti\u011fi kanaati t\u00fcm d\u00fcnyadaki gibi bizde de var. O nedenle bu \u00f6ncelik de\u011fi\u015fmedi\u011fi s\u00fcrece T\u00fcrkiye zaman kaybediyor, imkan kaybediyor. Bir\u00e7ok konuda da s\u0131k\u0131nt\u0131 ya\u015f\u0131yoruz.&#8221;<\/p>\n<p style=\"text-align: justify;\"><strong>ANAYASA DE\u011e\u0130\u015e\u0130KL\u0130\u011e\u0130 <\/strong><\/p>\n<p style=\"text-align: justify;\">\u00c7i\u00e7ek, anayasalar\u0131n, vatanda\u015flar\u0131n beklentilerini kar\u015f\u0131lamas\u0131 gerekti\u011fini s\u00f6yledi.<\/p>\n<p style=\"text-align: justify;\">Devletin millet i\u00e7in var oldu\u011funu, bu nedenle &#8221;insan\u0131 ya\u015fat ki devlet ya\u015fas\u0131n&#8221; anlay\u0131\u015f\u0131n\u0131 benimsediklerini belirten \u00c7i\u00e7ek, &#8221;Buna inan\u0131yorsak anayasada \u00f6ncelik ki\u015fiden yana olacak. Devletin b\u00fct\u00fcn imkanlar\u0131 insanlar\u0131 mutlu etmeye y\u00f6nelik olacak&#8221; diye konu\u015ftu.<\/p>\n<p style=\"text-align: justify;\">Yarg\u0131sal faaliyetlerde bunun \u00e7ok net olarak ortaya \u00e7\u0131kt\u0131\u011f\u0131n\u0131 anlatan \u00c7i\u00e7ek, &#8221;\u00d6zellikle Dan\u0131\u015ftay kararlar\u0131na bakt\u0131\u011f\u0131m\u0131zda, mesela &#8216;Zarar eden bir K\u0130T \u00f6zelle\u015ftirilebilir, kar eden bir kurulu\u015fun \u00f6zelle\u015ftirilmesi kamu yarar\u0131yla ba\u011fda\u015fmaz&#8217; diyor. Bunu kamunun aleyhine bir tasarruf olarak g\u00f6r\u00fcyor ve sonra da y\u00fcr\u00fctmeyi durdurup iptal ediyor. Sonu\u00e7ta da bu memleketin en \u00f6nemli de\u011ferleri 10 edecekken 1&#8217;e iniyor, bundan da millet ve devlet \u00e7ok b\u00fcy\u00fck kay\u0131plara u\u011fruyor. Dolay\u0131s\u0131yla bu Anayasa&#8217;n\u0131n felsefesinde b\u00f6yle g\u00fcn\u00fcm\u00fcz \u015fartlar\u0131na uymayan bir durum var&#8221; \u015feklinde konu\u015ftu.<\/p>\n<p style=\"text-align: justify;\">1982 Anayasas\u0131 haz\u0131rlan\u0131rken siyaset grubuna hep &#8221;\u015fa\u015f\u0131 bak\u0131ld\u0131\u011f\u0131n\u0131&#8221; ifade eden \u00c7i\u00e7ek, \u015f\u00f6yle devam etti:<\/p>\n<p style=\"text-align: justify;\">&#8221;(Bu \u00fclkenin ba\u015f\u0131na ne geldiyse siyaset\u00e7iden gelmi\u015ftir, bu siyaset\u00e7iyi kendi haline b\u0131rakamazs\u0131n\u0131z, kendi haline b\u0131rak\u0131rsan\u0131z her \u015feyi berbat eder, tencereyi kirletir, dolay\u0131s\u0131yla mutlaka siyasetin ba\u015f\u0131na bir vasi tayin etmek gerekecektir) g\u00f6r\u00fc\u015f\u00fc vard\u0131. Asl\u0131nda bu, millete g\u00fcvensizlikten kaynaklan\u0131yor. \u00c7\u00fcnk\u00fc siyaset\u00e7i sopayla de\u011fnekle silahla gelmiyor, halk se\u00e7iyor. (Fark\u0131nda olmadan bu millet kendi kendisini idare edemeyecek adamlar\u0131 se\u00e7er, siyaset\u00e7inin yapt\u0131klar\u0131n\u0131 g\u00f6zetleyecek, denetleyecek, onu muhakkak g\u00f6zlem alt\u0131nda tutacak bir yap\u0131n\u0131n geli\u015fmesine ihtiya\u00e7 var) diye g\u00f6r\u00fcyorlar. Bu siyasete \u015fa\u015f\u0131 bak\u0131\u015f, g\u00fcn\u00fcm\u00fcz d\u00fcnyas\u0131nda kabul edilemez. Demokrasi dedi\u011fimiz, halk iradesinin egemen oldu\u011fu durumu ifade eder. G\u00fcn\u00fcm\u00fcz d\u00fcnyas\u0131na bu Anayasa&#8217;n\u0131n bu manadaki bak\u0131\u015f tarz\u0131 da uymuyor.&#8221;<\/p>\n<p style=\"text-align: justify;\">Bu anayasaya g\u00f6re devlet icraatlar\u0131n\u0131n \u00fc\u00e7 anahtarl\u0131 bir kap\u0131 gibi oldu\u011funu ifade eden \u00c7i\u00e7ek, \u015funlar\u0131 kaydetti:<\/p>\n<p style=\"text-align: justify;\">&#8221;Anahtar\u0131n birisi se\u00e7ilmi\u015flerde, bizde. Temmuz s\u0131ca\u011f\u0131nda ko\u015fuyoruz, ba\u011f\u0131r\u0131yoruz, \u00e7a\u011f\u0131r\u0131yoruz, birbirimizi h\u0131rpal\u0131yoruz. Zar zor bir anahtar\u0131n sahibi oluyoruz. Zannediyoruz ki bu anahtar\u0131 elde etmekle hizmet kap\u0131s\u0131n\u0131 a\u00e7m\u0131\u015f olaca\u011f\u0131z. Anahtar\u0131 sokuyoruz kap\u0131ya, \u00e7eviriyoruz, bir t\u00fcrl\u00fc kap\u0131 a\u00e7\u0131lm\u0131yor. Ne zaman? \u00d6b\u00fcr iki anahtar\u0131n sahipleriyle ya uzla\u015facaks\u0131n\u0131z ya uzla\u015facaks\u0131n\u0131z. \u015eimdi o iki anahtar\u0131n sahipleri de ya k\u0131smen atanm\u0131\u015f ama \u00f6nemli bir k\u0131sm\u0131 da 65 ya\u015f\u0131na kadar orada oturma hakk\u0131n\u0131 ve imtiyaz\u0131n\u0131 elde etmi\u015f insanlar. Ya da \u00fc\u00e7\u00fcnc\u00fc anahtar\u0131n sahibi, 65 ya\u015f\u0131na kadar o anahtar\u0131 elinde tutma imkan\u0131na sahip. E\u011fer g\u00f6r\u00fc\u015f farkl\u0131l\u0131klar\u0131n\u0131z, d\u00fcnya farkl\u0131l\u0131klar\u0131n\u0131z varsa \u00f6b\u00fcr iki anahtar\u0131n sahibini ya da g\u00fc\u00e7leri ikna etmek, imkans\u0131z\u0131 talep etmek gibi bir \u015fey. T\u00fcrkiye&#8217;deki temel sorun buradan \u00e7\u0131k\u0131yor i\u015fte. T\u00fcrkiye&#8217;deki buhranlar\u0131n kayna\u011f\u0131 budur. Sizin 337 olman\u0131z \u00f6nemli de\u011fil. Sabahlara kadar birbirimizi yeriz, yasa \u00e7\u0131kar\u0131r\u0131z, 6&#8217;ya 5 i\u015f biter. Hesap verme durumu yok.&#8221;<\/p>\n<p style=\"text-align: justify;\">\u00c7i\u00e7ek, bunlar\u0131n \u00fclkeye zarar\u0131n\u0131 hesaplayacak hi\u00e7bir iktisat\u00e7\u0131 olmad\u0131\u011f\u0131n\u0131 vurgulayarak, &#8221;Bir ba\u015fsavc\u0131 tutuyor, ger\u00e7ek olmayan bir i\u015ften dolay\u0131 davay\u0131 a\u00e7abiliyor, kimseye hesap vermek durumunda de\u011fil. Meclis&#8217;te \u00e7o\u011funlu\u011fumuz var ama siyasal istikrar yok. Neden, ikinci ve \u00fc\u00e7\u00fcnc\u00fc anahtar oldu\u011fundan. Bu ger\u00e7e\u011fi iyi g\u00f6rmedi\u011fimiz takdirde iktidar da olsan\u0131z, T\u00fcrkiye&#8217;de baz\u0131 \u015feyleri de\u011fi\u015ftirmek m\u00fcmk\u00fcnken bu yanl\u0131\u015f kurgulama sebebiyle i\u015fleri ileri g\u00f6t\u00fcrme imkan\u0131n\u0131z yok&#8221; diye konu\u015ftu.<\/p>\n<p style=\"text-align: justify;\"><strong>ANAYASA MAHKEMES\u0130N\u0130N VERD\u0130\u011e\u0130 KARARLAR <\/strong><\/p>\n<p style=\"text-align: justify;\">Demokrasinin erkler aras\u0131 bir denge meselesi oldu\u011funu s\u00f6yleyen \u00c7i\u00e7ek, e\u011fer bu denge kurulabilirse \u00fclkenin rot balans\u0131n\u0131n da d\u00fczg\u00fcn olaca\u011f\u0131n\u0131 ifade etti.<\/p>\n<p style=\"text-align: justify;\">Bu dengelerin iyi kurulamamas\u0131 halinde \u00fclkeyi y\u00f6netmekte ciddi sorunlar \u00e7\u0131kt\u0131\u011f\u0131n\u0131 belirten \u00c7i\u00e7ek, ba\u015fka \u00fclkelerde de ayn\u0131 \u015feylerin oldu\u011funu ama T\u00fcrkiye&#8217;deki vesayet anlay\u0131\u015f\u0131n\u0131n olmad\u0131\u011f\u0131n\u0131 kaydetti.<\/p>\n<p style=\"text-align: justify;\">Anayasa Mahkemesinin geriye d\u00f6n\u00fck verdi\u011fi kararlarla yasaman\u0131n bir k\u0131s\u0131m yetkisini gasp etti\u011fini ifade eden \u00c7i\u00e7ek, mahkemenin bunu kendi i\u00e7tihatlar\u0131na g\u00f6re yapt\u0131\u011f\u0131n\u0131 anlatt\u0131.<\/p>\n<p style=\"text-align: justify;\">T\u00fcrkiye&#8217;de siyaset\u00e7iler aras\u0131ndaki kriz olarak g\u00f6r\u00fcnen \u015feyin alt\u0131nda Anayasa&#8217;n\u0131n yatt\u0131\u011f\u0131n\u0131 s\u00f6yleyen \u00c7i\u00e7ek, 12 Eyl\u00fclle beraber T\u00fcrkiye&#8217;de anayasa de\u011fi\u015fikli\u011finin bir toplumsal talep haline geldi\u011fini ifade etti.<\/p>\n<p style=\"text-align: justify;\"><strong>2011 SE\u00c7\u0130M\u0130NDEN SONRA \u0130LK G\u00dcNDEM MADDES\u0130 ANAYASA <\/strong><\/p>\n<p style=\"text-align: justify;\">Anayasa de\u011fi\u015fikli\u011fiyle ilgili talebi 2007 se\u00e7imlerine giderken g\u00fcndeme getirdiklerini anlatan \u00c7i\u00e7ek, \u015funlar\u0131 kaydetti:<\/p>\n<p style=\"text-align: justify;\">&#8221;Bir taraftan se\u00e7im yapt\u0131k, bir taraftan da parti olarak alt\u0131 anayasa hukuk\u00e7usuyla beraber bir taslak metin haz\u0131rlad\u0131k. Bu anayasa konusu maalesef hedefinden sapt\u0131r\u0131ld\u0131, 138 maddelik de\u011fi\u015fiklik sonunda bir ba\u015f\u00f6rt\u00fcs\u00fc meselesiyle e\u015fitlendi. Varsa yoksa ba\u015f\u00f6rt\u00fcs\u00fc, parti kapatmaya kadar i\u015f gitti. Geldi\u011fimiz noktada o tart\u0131\u015fmalardan \u015f\u00f6yle bir sonuca vard\u0131k. Bu Anayasa&#8217;n\u0131n de\u011fi\u015fmesi gerekti\u011fini herkes s\u00f6yl\u00fcyor. Dedik ki (Biz bir taslak haz\u0131rlad\u0131k. Bunu kamuoyunun huzuruna sunaca\u011f\u0131z. Sonra oradan da g\u00f6r\u00fc\u015f alaca\u011f\u0131z. Bilim heyetini tekrar toplay\u0131p Meclise g\u00f6nderece\u011fiz) ve burada tart\u0131\u015f\u0131lacakt\u0131. O g\u00fcnk\u00fc itirazlarda (AK Parti kendine kap\u0131lar ard\u0131nda t\u00fcz\u00fck m\u00fc haz\u0131rl\u0131yor?) dendi. B\u00f6yle bir itham kampanyas\u0131 ba\u015flad\u0131. (Biz bu Anayasa&#8217;n\u0131n de\u011fi\u015fmesini istiyoruz) dedik. Biz 2011 se\u00e7imleri sonras\u0131 Anayasay\u0131 birinci g\u00fcndem maddesi olarak T\u00fcrkiye&#8217;nin \u00e7\u00f6zmesi gereken konular\u0131n ba\u015f\u0131nda g\u00f6r\u00fcyoruz. Demirel&#8217;in ge\u00e7mi\u015fte dedi\u011fi 5 kara delik giderek b\u00fcy\u00fcyor. Bu delikler kapanacaksa bunun \u00f6z\u00fcnde anayasa reformlar\u0131 yat\u0131yor.&#8221;<\/p>\n<p style=\"text-align: justify;\"><strong>&#8221;BEN \u00d6ZELLE\u015eT\u0130RMEDEN YANAYIM&#8221; <\/strong><\/p>\n<p style=\"text-align: justify;\">\u00c7i\u00e7ek, \u00f6zelle\u015ftirmeden yana oldu\u011funu belirterek, \u00f6zelle\u015ftirme felsefesine inanmam\u0131\u015f bir m\u00fcste\u015farla program\u0131 y\u00f6netemeyece\u011fini, b\u00f6ylece millete hizmet de g\u00f6t\u00fcr\u00fclemedi\u011fini bildirdi.<\/p>\n<p style=\"text-align: justify;\">PTT&#8217;nin de\u011ferinin 25 milyar dolar oldu\u011funu, 5 milyar dolara bile satamad\u0131klar\u0131n\u0131, 20 milyar dolar\u0131n milletin cebinden gitti\u011fini ifade eden \u00c7i\u00e7ek, bu nedenle T\u00fcrkiye&#8217;nin her ge\u00e7en g\u00fcn \u00f6n\u00fcnde b\u00fcy\u00fcyerek varl\u0131\u011f\u0131n\u0131 s\u00fcrd\u00fcren sorunlar\u0131n iktidarlar\u0131n beceriksizli\u011finden de\u011fil, Anayasa nedeniyle \u00e7\u00f6z\u00fclemedi\u011fini s\u00f6yledi.<\/p>\n<p style=\"text-align: justify;\"><a href=\"http:\/\/www.gazeteport.com.tr\/SIYASET\/NEWS\/GP_778419\" target=\"_blank\"><span style=\"color: #888888;\">Kaynak : GAZETEPORT<\/span><\/a><\/p>\n","protected":false},"excerpt":{"rendered":"<p style=\"text-align: justify;\">\n<p style=\"text-align: justify;\">&#8220;Fikir \u00f6zg\u00fcrl\u00fc\u011f\u00fc alt\u0131nda gevezelik yap\u0131l\u0131yor&#8221;<\/p>\n<p style=\"text-align: justify;\">\u0130STANBUL &#8211; Devlet Bakan\u0131 ve Ba\u015fbakan Yard\u0131mc\u0131s\u0131 Cemil \u00c7i\u00e7ek, &#8221;G\u00fcn\u00fcm\u00fcz d\u00fcnyas\u0131nda \u00f6ncelik art\u0131k \u00f6zg\u00fcrl\u00fcklerden yanad\u0131r. \u00d6zg\u00fcrl\u00fcklerin varl\u0131\u011f\u0131n\u0131n geni\u015fletilmesi \u00fclkenin g\u00fcvenli\u011fi bak\u0131m\u0131ndan tehlike de\u011fil, tam tersi belki de g\u00fcvenli\u011fi sa\u011flaman\u0131n yolunun da \u00f6zg\u00fcrl\u00fcklerden ge\u00e7ti\u011fi kanaati t\u00fcm d\u00fcnyadaki gibi bizde de var&#8221; dedi. <\/p>\n","protected":false},"author":1,"featured_media":0,"comment_status":"open","ping_status":"closed","sticky":false,"template":"","format":"standard","meta":{"footnotes":""},"categories":[105],"tags":[],"class_list":["post-26345","post","type-post","status-publish","format-standard","hentry","category-gundem","odd"],"_links":{"self":[{"href":"http:\/\/www.korhanyilmaz.com\/index.php?rest_route=\/wp\/v2\/posts\/26345","targetHints":{"allow":["GET"]}}],"collection":[{"href":"http:\/\/www.korhanyilmaz.com\/index.php?rest_route=\/wp\/v2\/posts"}],"about":[{"href":"http:\/\/www.korhanyilmaz.com\/index.php?rest_route=\/wp\/v2\/types\/post"}],"author":[{"embeddable":true,"href":"http:\/\/www.korhanyilmaz.com\/index.php?rest_route=\/wp\/v2\/users\/1"}],"replies":[{"embeddable":true,"href":"http:\/\/www.korhanyilmaz.com\/index.php?rest_route=%2Fwp%2Fv2%2Fcomments&post=26345"}],"version-history":[{"count":0,"href":"http:\/\/www.korhanyilmaz.com\/index.php?rest_route=\/wp\/v2\/posts\/26345\/revisions"}],"wp:attachment":[{"href":"http:\/\/www.korhanyilmaz.com\/index.php?rest_route=%2Fwp%2Fv2%2Fmedia&parent=26345"}],"wp:term":[{"taxonomy":"category","embeddable":true,"href":"http:\/\/www.korhanyilmaz.com\/index.php?rest_route=%2Fwp%2Fv2%2Fcategories&post=26345"},{"taxonomy":"post_tag","embeddable":true,"href":"http:\/\/www.korhanyilmaz.com\/index.php?rest_route=%2Fwp%2Fv2%2Ftags&post=26345"}],"curies":[{"name":"wp","href":"https:\/\/api.w.org\/{rel}","templated":true}]}}