{"id":26338,"date":"2010-10-09T14:09:46","date_gmt":"2010-10-09T11:09:46","guid":{"rendered":"http:\/\/www.korhanyilmaz.com\/?p=26338"},"modified":"2010-10-09T14:09:46","modified_gmt":"2010-10-09T11:09:46","slug":"basbakan-ergenekon-savcisiyla-kac-defa-gorustu","status":"publish","type":"post","link":"http:\/\/www.korhanyilmaz.com\/?p=26338","title":{"rendered":"Ba\u015fbakan Ergenekon Savc\u0131s\u0131yla Ka\u00e7 Defa G\u00f6r\u00fc\u015ft\u00fc?"},"content":{"rendered":"<p style=\"text-align: center;\"><a href=\"http:\/\/www.korhanyilmaz.com\/wp-content\/uploads\/2010\/10\/0831.jpg\"  class=\"lightview\"><img loading=\"lazy\" decoding=\"async\" class=\"aligncenter size-full wp-image-26342\" src=\"http:\/\/www.korhanyilmaz.com\/wp-content\/uploads\/2010\/10\/0831.jpg\" alt=\"\" width=\"384\" height=\"203\" \/><\/a><\/p>\n<p style=\"text-align: justify;\">Merkez Emniyet M\u00fcd\u00fcr\u00fc Hanefi Avc\u0131 tutuklan\u0131p, Silivri Cezaevi\u2019ne konduktan sonra kendisini ziyaret eden CHP Milletvekillerine, Fethullah G\u00fclen cemaatinin baz\u0131 bakanlar hakk\u0131nda da bilgi ve belge d\u00fczenledi\u011fini \u00f6ne s\u00fcr\u00fcp, \u201cMesela bir bakan\u0131n Moskova\u2019ya yapt\u0131\u011f\u0131 gezideki al\u0131\u015fveri\u015flerden tutun, \u00f6rt\u00fcl\u00fc \u00f6denekten yapt\u0131\u011f\u0131 harcamalara kadar baz\u0131 bilgiler topland\u0131. <!--more--><\/p>\n<p style=\"text-align: justify;\">Oradaki ili\u015fkilerin hepsi ar\u015five al\u0131nd\u0131. Bunu biliyorum. Bakanlar\u0131 \u00fcrk\u00fcten, korkutan, \u015fantaja varan ortam olu\u015ftu\u201d dedi\u011fi a\u00e7\u0131kland\u0131. Bunun \u00fczerine AKP d\u00f6neminde Rusya\u2019ya giden bakanlar\u0131n listesi \u00e7\u0131kart\u0131l\u0131p, \u201cAcaba kim?\u201d sorusunun cevab\u0131 aranmaya ba\u015fland\u0131.<\/p>\n<p style=\"text-align: justify;\">Tart\u0131\u015fmalara katk\u0131da bulunal\u0131m. Zira Avc\u0131 o iddias\u0131n\u0131, cezaevine konmadan ve CHP milletvekillerinden \u00e7ok \u00f6nce, Ankara Cumhuriyet Ba\u015fsavc\u0131 Vekili Hamza Kele\u015f\u2019e 5 saat ifade verdikten sadece 5 g\u00fcn sonra 3 Eyl\u00fcl\u2019de Odatv\u2019yle payla\u015fm\u0131\u015ft\u0131. Sadece bu de\u011fil, h\u00fck\u00fcmet-cemaat ili\u015fkisi konusunda ba\u015fka detaylar da aktarm\u0131\u015ft\u0131.<\/p>\n<p style=\"text-align: justify;\">Galiba \u00f6ncelikle s\u00f6z konusu iddialar\u0131n bug\u00fcne kadar neden yaz\u0131lmad\u0131\u011f\u0131n\u0131 izah etmemiz gerekiyor. Bir kase dondurma yeme s\u00fcresinden biraz fazla zamana s\u0131\u011fd\u0131rmak zorunda kald\u0131\u011f\u0131m\u0131z sohbette konu\u015fulacak \u00e7ok \u015fey vard\u0131. Mesela o g\u00fcnlerin ana konusu \u201cEmniyet, M\u0130T ve TSK\u2019daki imamlar\u201dd\u0131. Haliyle a\u011f\u0131rl\u0131k ve \u00f6nceli\u011fimiz bu oldu. Ayr\u0131ca kitapta yazd\u0131klar\u0131 \u00e7er\u00e7evesinde bir sohbet oldu\u011fundan, Avc\u0131\u2019dan iddialar\u0131n alt\u0131n\u0131 dolduracak bilgiler al\u0131p, rumuzla belirtilen isimlerin a\u00e7\u0131k kimli\u011fine ula\u015fmaya \u00e7al\u0131\u015ft\u0131k. \u00d6\u011frendiklerimizin b\u00fcy\u00fck b\u00f6l\u00fcm\u00fcn\u00fc de kaynak belirtmeden haberle\u015ftirdik.<\/p>\n<p style=\"text-align: justify;\">\u201c\u00d6zel sohbet\u201dte, elbette \u201c\u00f6zel\u201d sorular\u0131m\u0131z oldu\u2026 Sadece zaman darl\u0131\u011f\u0131 de\u011fil, kaynak belirtmeden yazmak gibi bir s\u0131k\u0131nt\u0131m\u0131z da vard\u0131. Tabir-i caizse iki ara bir dereye s\u0131k\u0131\u015fan baz\u0131 iddialar\u0131, somut bilgi ve belgelerle desteklemeden, \u00fcstelik herhangi bir kaynak g\u00f6steremeden yazmak riskliydi. Bunlar\u0131 daha sonra Ankara\u2019ya ilk geli\u015finde ve daha rahat bir ortamda detayland\u0131rmak \u00fczere Avc\u0131\u2019yla s\u00f6zle\u015ftik. Avc\u0131 bir daha 28 Eyl\u00fcl\u2019de Ankara\u2019ya geldi, muhtemelen de o g\u00fcn veya bir sonraki g\u00fcn g\u00f6r\u00fc\u015fecektik, ancak malum g\u00f6zalt\u0131na al\u0131nd\u0131 ve tutukland\u0131. Yani bize 3 Eyl\u00fcl\u2019de anlatt\u0131\u011f\u0131 baz\u0131 hususlar\u0131 detayland\u0131rma veya kendi a\u011fz\u0131ndan aktarma imkan\u0131 kalmad\u0131.<\/p>\n<p style=\"text-align: justify;\">Peki, \u015fimdi niye yaz\u0131yoruz? Cemaatin takibindeki bakanlar ve \u00f6rt\u00fcl\u00fc \u00f6denek konular\u0131n\u0131 Silivri\u2019de kendisini ziyaret eden CHP milletvekilleri arac\u0131l\u0131\u011f\u0131yla a\u00e7\u0131klad\u0131\u011f\u0131na g\u00f6re, kaynak belirtemeden yazma s\u0131k\u0131nt\u0131m\u0131z, dolay\u0131s\u0131yla bu vahim iddialar\u0131 ispatlama mecburiyetimiz ortadan kalkm\u0131\u015f demektir.<\/p>\n<p style=\"text-align: justify;\"><strong>K\u0130M\u0130N \u00d6RT\u00dcL\u00dc \u00d6DENE\u011e\u0130 VAR? <\/strong><\/p>\n<p style=\"text-align: justify;\">Avc\u0131\u2019n\u0131n o iddialar\u0131na ili\u015fkin olarak bizdeki detaylara gelince; Sohbetin bir yerinde, \u201cBa\u015fbakan Erdo\u011fan\u2019la, cemaatin aras\u0131 nas\u0131l?\u201d \u015feklinde bir soru y\u00f6nelttik. Hat\u0131rlayabildi\u011fimiz kadar\u0131yla Avc\u0131, \u201cOnlar\u0131 da izliyorlar\u201d gibi genel bir cevap verip, Moskova meselesine ge\u00e7ti, \u201cOrada yap\u0131lan al\u0131\u015fveri\u015flerin belgelerinin cemaatin elinde oldu\u011funu\u201d \u00f6ne s\u00fcrd\u00fc. \u201cNe al\u0131\u015fveri\u015fi?\u201d sorumuz \u00fczerine de, \u201c\u00d6rt\u00fcl\u00fc \u00f6denek paras\u0131yla birisine hediye k\u00fcrk al\u0131nm\u0131\u015f\u201d dedi!..Hemen ard\u0131ndan, \u201cCemaatin baz\u0131 bakanlardan hi\u00e7 memnun olmad\u0131\u011f\u0131n\u0131, bunlar\u0131 dikkatle izledi\u011fini\u201d vurgulad\u0131.S\u00f6z konusu bakanlar\u0131 isimlendirmedi, ama yapt\u0131\u011f\u0131m\u0131z tahminlere de itiraz etmedi!..<\/p>\n<p style=\"text-align: justify;\">Avc\u0131\u2019yla konu\u015ftuklar\u0131m\u0131z kabaca b\u00f6yleydi. CHP\u2019li milletvekillerine s\u00f6ylediklerinden ise Moskova\u2019da \u00f6rt\u00fcl\u00fc \u00f6denekten al\u0131\u015fveri\u015f yapan\u0131n bir bakan oldu\u011fu sonucu \u00e7\u0131kar\u0131l\u0131yor. Bu durumda ya bizim sohbetimizde veya milletvekillerinin aktard\u0131klar\u0131nda eksik kalan bir \u015feyler var gibi g\u00f6r\u00fcn\u00fcyor.<\/p>\n<p style=\"text-align: justify;\">Ancak bilebildi\u011fimiz kadar\u0131yla bakanlar\u0131n \u00f6rt\u00fcl\u00fc \u00f6dene\u011fi yok, buna da dikkat \u00e7ekmek gerekiyor!..<\/p>\n<p style=\"text-align: justify;\"><strong>ERDO\u011eAN ERGENEKON SAVCILARIYLA BULU\u015eTU MU? <\/strong><\/p>\n<p style=\"text-align: justify;\">Hanefi Avc\u0131\u2019n\u0131n hi\u00e7 g\u00fcndeme gelmeyen, Odatv\u2019yle payla\u015ft\u0131\u011f\u0131 \u00f6nemli iddialar\u0131ndan birisi de \u015fuydu;<\/p>\n<p style=\"text-align: justify;\">Ba\u015fbakan Erdo\u011fan hem \u0130stanbul\u2019daki Ergenekon Savc\u0131s\u0131 Zekeriya \u00d6z, hem de Erzincan\u2019daki Ergenekon Savc\u0131s\u0131 Osman \u015eanal\u2019la defalarca gizlice g\u00f6r\u00fc\u015fm\u00fc\u015ft\u00fc\u2026 G\u00f6r\u00fc\u015fmeler y\u00fcz y\u00fcze ve Ankara\u2019da ger\u00e7ekle\u015fmi\u015fti!..<\/p>\n<p style=\"text-align: justify;\"><strong>ANKARA \u0130ST\u0130HBARATA M\u00dcDAHALE EDEN AKP\u2019L\u0130 <\/strong><\/p>\n<p style=\"text-align: justify;\">Bilindi\u011fi gibi Avc\u0131, \u201cHali\u00e7\u2019te Ya\u015fayan Simonlar\u201d kitab\u0131nda Ankara Emniyet M\u00fcd\u00fcr\u00fc Orhan \u00d6zdemir\u2019in tutuklanmas\u0131yla sonu\u00e7lanan s\u00fcreci de anlat\u0131yor. \u00d6zdemir\u2019e y\u00f6nelik operasyonun bizzat Ankara Emniyet M\u00fcd\u00fcrl\u00fc\u011f\u00fc \u0130stihbarat \u015eubesi eliyle y\u00fcr\u00fct\u00fcld\u00fc\u011f\u00fcn\u00fc vurgulayan Avc\u0131, bu \u015fubeden Z.G. isimli bir m\u00fcd\u00fcrden bahsedip, operasyonu fark eden \u00d6zdemir\u2019in onu g\u00f6revden almaya \u00e7al\u0131\u015ft\u0131\u011f\u0131n\u0131, ancak engellendi\u011fini \u00f6ne s\u00fcr\u00fcyor.<\/p>\n<p style=\"text-align: justify;\">Avc\u0131, 3 Eyl\u00fcl\u2019deki sohbetimizde bu konuda iki \u00f6nemli detay verdi. 1999\u2019da d\u00f6nemin Ankara Emniyet M\u00fcd\u00fcr Yard\u0131mc\u0131s\u0131 Osman Ak\u2019\u0131n haz\u0131rlad\u0131\u011f\u0131 iddia edilen, ba\u015f s\u0131ralarda kendi isminin de yer ald\u0131\u011f\u0131 \u201cPolisteki Fethullah\u00e7\u0131lar Listesi\u201dni bizzat Z.G. olu\u015fturmu\u015f. Avc\u0131\u2019ya g\u00f6re, Z.G. \u201cCemaatin Truva at\u0131 olarak\u201d Osman Ak\u2019\u0131n yan\u0131na yerle\u015ftirilmi\u015f, o liste \u00fczerinden de Emniyet\u2019teki cemaat kar\u015f\u0131tlar\u0131na y\u00f6nelik tasfiyenin ilki ger\u00e7ekle\u015ftirilmi\u015fti!..<\/p>\n<p style=\"text-align: justify;\">Z.G. hakk\u0131ndaki di\u011fer iddias\u0131na gelince; Avc\u0131\u2019ya g\u00f6re, Ankara Emniyet M\u00fcd\u00fcr\u00fc Orhan \u00d6zdemir, Z.G.\u2019yi g\u00f6revden almaya kalk\u0131\u015ft\u0131\u011f\u0131nda, eski bakanlardan \u00fcst d\u00fczey AKP y\u00f6neticilerinden birisi bizzat devreye sokulmu\u015f ve Z.G.\u2019nin yerinde kalmas\u0131 (Avc\u0131 tutukland\u0131, Z.G. ise halen g\u00f6revinin ba\u015f\u0131nda) sa\u011flanm\u0131\u015ft\u0131.<\/p>\n<p style=\"text-align: justify;\"><strong>TARAF\u2019IN HABER KAYNA\u011eI \u0130MAM MI? <\/strong><\/p>\n<p style=\"text-align: justify;\">TSK aleyhindeki haberleri en \u00e7ok ve ilk kez hep Taraf Gazetesi yay\u0131nlad\u0131. B\u00fcy\u00fck b\u00f6l\u00fcm\u00fc Mehmet Baransu imzal\u0131yd\u0131.<\/p>\n<p style=\"text-align: justify;\">\u0130\u015fte bu konuda da Avc\u0131\u2019n\u0131n Odatv\u2019yle payla\u015ft\u0131\u011f\u0131 bir iddias\u0131 vard\u0131. O\u2019na g\u00f6re Baransu\u2019ya bu haberleri, \u201cTSK\u2019n\u0131n imam\u0131\u201d veriyordu!..<\/p>\n<p style=\"text-align: justify;\"><a href=\"http:\/\/www.odatv.com\/n.php?n=basbakan-ergenekon-savcisiyla-kac-defa-gorustu-0910101200\" target=\"_blank\"><span style=\"color: #888888;\">Kaynak : M\u00fcyesser Y\u0131ld\u0131z &#8211;\u00a0 Odatv.com<\/span><\/a><\/p>\n","protected":false},"excerpt":{"rendered":"<p style=\"text-align: center;\">\n<p style=\"text-align: justify;\">Merkez Emniyet M\u00fcd\u00fcr\u00fc Hanefi Avc\u0131 tutuklan\u0131p, Silivri Cezaevi\u2019ne konduktan sonra kendisini ziyaret eden CHP Milletvekillerine, Fethullah G\u00fclen cemaatinin baz\u0131 bakanlar hakk\u0131nda da bilgi ve belge d\u00fczenledi\u011fini \u00f6ne s\u00fcr\u00fcp, \u201cMesela bir bakan\u0131n Moskova\u2019ya yapt\u0131\u011f\u0131 gezideki al\u0131\u015fveri\u015flerden tutun, \u00f6rt\u00fcl\u00fc \u00f6denekten yapt\u0131\u011f\u0131 harcamalara kadar baz\u0131 bilgiler topland\u0131. <\/p>\n","protected":false},"author":1,"featured_media":0,"comment_status":"open","ping_status":"closed","sticky":false,"template":"","format":"standard","meta":{"footnotes":""},"categories":[105],"tags":[],"class_list":["post-26338","post","type-post","status-publish","format-standard","hentry","category-gundem","odd"],"_links":{"self":[{"href":"http:\/\/www.korhanyilmaz.com\/index.php?rest_route=\/wp\/v2\/posts\/26338","targetHints":{"allow":["GET"]}}],"collection":[{"href":"http:\/\/www.korhanyilmaz.com\/index.php?rest_route=\/wp\/v2\/posts"}],"about":[{"href":"http:\/\/www.korhanyilmaz.com\/index.php?rest_route=\/wp\/v2\/types\/post"}],"author":[{"embeddable":true,"href":"http:\/\/www.korhanyilmaz.com\/index.php?rest_route=\/wp\/v2\/users\/1"}],"replies":[{"embeddable":true,"href":"http:\/\/www.korhanyilmaz.com\/index.php?rest_route=%2Fwp%2Fv2%2Fcomments&post=26338"}],"version-history":[{"count":0,"href":"http:\/\/www.korhanyilmaz.com\/index.php?rest_route=\/wp\/v2\/posts\/26338\/revisions"}],"wp:attachment":[{"href":"http:\/\/www.korhanyilmaz.com\/index.php?rest_route=%2Fwp%2Fv2%2Fmedia&parent=26338"}],"wp:term":[{"taxonomy":"category","embeddable":true,"href":"http:\/\/www.korhanyilmaz.com\/index.php?rest_route=%2Fwp%2Fv2%2Fcategories&post=26338"},{"taxonomy":"post_tag","embeddable":true,"href":"http:\/\/www.korhanyilmaz.com\/index.php?rest_route=%2Fwp%2Fv2%2Ftags&post=26338"}],"curies":[{"name":"wp","href":"https:\/\/api.w.org\/{rel}","templated":true}]}}