{"id":26328,"date":"2010-10-09T12:11:18","date_gmt":"2010-10-09T09:11:18","guid":{"rendered":"http:\/\/www.korhanyilmaz.com\/?p=26328"},"modified":"2010-10-09T12:11:18","modified_gmt":"2010-10-09T09:11:18","slug":"26328","status":"publish","type":"post","link":"http:\/\/www.korhanyilmaz.com\/?p=26328","title":{"rendered":"Konu\u015fursan \u0130\u00e7eri Girersin"},"content":{"rendered":"<p style=\"text-align: justify;\">\n<p style=\"text-align: justify;\"><a href=\"http:\/\/www.korhanyilmaz.com\/wp-content\/uploads\/2010\/10\/0821.jpg\"  class=\"lightview\"><img loading=\"lazy\" decoding=\"async\" class=\"aligncenter size-full wp-image-26330\" src=\"http:\/\/www.korhanyilmaz.com\/wp-content\/uploads\/2010\/10\/0821.jpg\" alt=\"\" width=\"425\" height=\"225\" \/><\/a><\/p>\n<p style=\"text-align: justify;\">Daha \u00f6nce \u201c<strong>demokrasi bir tramvayd\u0131r, istedi\u011fimiz durakta ineriz<\/strong>\u201d diyen Ba\u015fbakan Erdo\u011fan, anayasa de\u011fi\u015fikli\u011finin kabul edildi\u011fi 12 Eyl\u00fcl ak\u015fam\u0131, teorik bir a\u00e7\u0131l\u0131m yapm\u0131\u015f ve \u201cileri demokrasi\u201dye ge\u00e7ildi\u011fini ilan etmi\u015fti.<\/p>\n<p style=\"text-align: justify;\">Yap\u0131lan programlara ve yaz\u0131lan makalelere bak\u0131l\u0131rsa, \u201c<strong>ileri demokrasi<\/strong>\u201d, demokrasinin zirvesiydi\u2026 Peki, \u201cileri demokrasi\u201dnin s\u0131n\u0131rlar\u0131 neresiydi? <!--more--><\/p>\n<p style=\"text-align: justify;\">\u201c\u0130leri demokrasi\u201dnin \u00fcst s\u0131n\u0131r\u0131n\u0131 AKP\u2019nin ilk iki numaras\u0131 \u00e7izdi. Ba\u015fbakan Erdo\u011fan ve Cumhurba\u015fkan\u0131 G\u00fcl, \u0130stanbul \u015eehir \u00dcniversitesi\u2019nin a\u00e7\u0131l\u0131\u015f t\u00f6reninde \u00f6\u011frenciler ad\u0131na konu\u015fan ve \u201c<strong>youtube yasaklanmas\u0131n<\/strong>\u201d diyen \u00f6\u011frencinin konu\u015fmas\u0131n\u0131 \u201c<strong>cesaret dolu<\/strong>\u201d diye de\u011ferlendirdiler!<\/p>\n<p style=\"text-align: justify;\">\u0130ktidar\u0131n belirledi\u011fi muhalefet etme \u00fcst s\u0131n\u0131r\u0131 buydu! Halk ancak \u201cyoutube yasaklanmas\u0131n\u201d diyecek kadar muhalefet edebilirdi; ki bu zaten cesaret isteyen bir muhalefetti!<\/p>\n<p style=\"text-align: justify;\">\u201c\u0130leri demokrasi\u201dnin alt s\u0131n\u0131r\u0131n\u0131 ise AKP\u2019nin \u00fc\u00e7 numaras\u0131, Ba\u015fbakan Yard\u0131mc\u0131s\u0131 B\u00fclent Ar\u0131n\u00e7 \u00e7izdi. Ar\u0131n\u00e7, tahliye olan Ergenekon san\u0131\u011f\u0131, eski T\u00fcrk Metal Sendikas\u0131 Ba\u015fkan\u0131 Mustafa \u00d6zbek\u2019in \u201c<strong>22 ay yatt\u0131m, savunma yapmadan \u00e7\u0131kt\u0131m, \u00fc\u00e7 saat \u00f6nce ter\u00f6risttim, \u015fimdi ne de\u011fi\u015fti<\/strong>\u201d s\u00f6zlerine \u201c<strong>kabaday\u0131l\u0131k yapma<\/strong>\u201d kar\u015f\u0131l\u0131\u011f\u0131 verdi.<\/p>\n<p style=\"text-align: justify;\"><strong>Ya yaparsa? <\/strong><\/p>\n<p style=\"text-align: justify;\">Onun kar\u015f\u0131l\u0131\u011f\u0131n\u0131 da Ar\u0131n\u00e7 \u015f\u00f6yle veriyordu: \u201c\u00c7\u00fcnk\u00fc \u00f6yle kabaday\u0131lar vard\u0131. Tahliye edilip \u00e7\u0131kt\u0131\u011f\u0131nda 1.5 saat kadar televizyon \u00f6n\u00fcnde konu\u015fan, sonra tekrar \u2018<strong>i\u00e7eri buyurun<\/strong>\u2019 dendi\u011finde sesi \u00e7\u0131kmayanlar var\u201d. (NTV, 8 Ekim 2010)<\/p>\n<p style=\"text-align: justify;\">B\u00fclent Ar\u0131n\u00e7, \u201c<strong>konu\u015fursan, tekrar i\u00e7eri girersin<\/strong>\u201d diyerek <span style=\"text-decoration: underline;\">Mustafa \u00d6zbek\u2019i a\u00e7\u0131k a\u00e7\u0131k tehdit etti.<\/span> Demek \u201c<strong>konu\u015fmak<\/strong>\u201d Ergenekon san\u0131\u011f\u0131 olman\u0131n ve i\u00e7eri girmenin gerek\u00e7esiydi! Demek, i\u00e7erdekiler de \u201c<strong>konu\u015ftuklar\u0131<\/strong>\u201d i\u00e7in Ergenekon san\u0131\u011f\u0131yd\u0131!<\/p>\n<p style=\"text-align: justify;\">Bakal\u0131m Ar\u0131n\u00e7\u2019\u0131n bu s\u00f6zleri, \u201c<strong>gak guk, ille de hukuk<\/strong>\u201d diyen liberallerin zihnini ayd\u0131nlatabilecek mi? \u201c<strong>Hukuksuzluk i\u00e7inde hukuk bekleyenlerin<\/strong>\u201d iradesizli\u011fini \u00e7\u00f6zebilecek mi?<\/p>\n<p style=\"text-align: justify;\"><a href=\"http:\/\/www.odatv.com\/n.php?n=konusursan-iceri-girersin-0910101200\" target=\"_blank\"><span style=\"color: #888888;\">Kaynak : Mehmet Ali G\u00fcller- Odatv.com<\/span><\/a><\/p>\n","protected":false},"excerpt":{"rendered":"<p style=\"text-align: justify;\">\n<p style=\"text-align: justify;\">\n<p style=\"text-align: justify;\">Daha \u00f6nce \u201cdemokrasi bir tramvayd\u0131r, istedi\u011fimiz durakta ineriz\u201d diyen Ba\u015fbakan Erdo\u011fan, anayasa de\u011fi\u015fikli\u011finin kabul edildi\u011fi 12 Eyl\u00fcl ak\u015fam\u0131, teorik bir a\u00e7\u0131l\u0131m yapm\u0131\u015f ve \u201cileri demokrasi\u201dye ge\u00e7ildi\u011fini ilan etmi\u015fti.<\/p>\n<p style=\"text-align: justify;\">Yap\u0131lan programlara ve yaz\u0131lan makalelere bak\u0131l\u0131rsa, \u201cileri demokrasi\u201d, demokrasinin zirvesiydi\u2026 Peki, \u201cileri demokrasi\u201dnin s\u0131n\u0131rlar\u0131 neresiydi? <\/p>\n","protected":false},"author":1,"featured_media":0,"comment_status":"open","ping_status":"closed","sticky":false,"template":"","format":"standard","meta":{"footnotes":""},"categories":[105],"tags":[],"class_list":["post-26328","post","type-post","status-publish","format-standard","hentry","category-gundem","odd"],"_links":{"self":[{"href":"http:\/\/www.korhanyilmaz.com\/index.php?rest_route=\/wp\/v2\/posts\/26328","targetHints":{"allow":["GET"]}}],"collection":[{"href":"http:\/\/www.korhanyilmaz.com\/index.php?rest_route=\/wp\/v2\/posts"}],"about":[{"href":"http:\/\/www.korhanyilmaz.com\/index.php?rest_route=\/wp\/v2\/types\/post"}],"author":[{"embeddable":true,"href":"http:\/\/www.korhanyilmaz.com\/index.php?rest_route=\/wp\/v2\/users\/1"}],"replies":[{"embeddable":true,"href":"http:\/\/www.korhanyilmaz.com\/index.php?rest_route=%2Fwp%2Fv2%2Fcomments&post=26328"}],"version-history":[{"count":0,"href":"http:\/\/www.korhanyilmaz.com\/index.php?rest_route=\/wp\/v2\/posts\/26328\/revisions"}],"wp:attachment":[{"href":"http:\/\/www.korhanyilmaz.com\/index.php?rest_route=%2Fwp%2Fv2%2Fmedia&parent=26328"}],"wp:term":[{"taxonomy":"category","embeddable":true,"href":"http:\/\/www.korhanyilmaz.com\/index.php?rest_route=%2Fwp%2Fv2%2Fcategories&post=26328"},{"taxonomy":"post_tag","embeddable":true,"href":"http:\/\/www.korhanyilmaz.com\/index.php?rest_route=%2Fwp%2Fv2%2Ftags&post=26328"}],"curies":[{"name":"wp","href":"https:\/\/api.w.org\/{rel}","templated":true}]}}