{"id":26324,"date":"2010-10-09T15:53:34","date_gmt":"2010-10-09T12:53:34","guid":{"rendered":"http:\/\/www.korhanyilmaz.com\/?p=26324"},"modified":"2010-10-09T15:53:34","modified_gmt":"2010-10-09T12:53:34","slug":"emekli-astsubaylardan-ozluk-haklari-eylemi","status":"publish","type":"post","link":"http:\/\/www.korhanyilmaz.com\/?p=26324","title":{"rendered":"Emekli astsubaylardan &#8220;\u00f6zl\u00fck haklar\u0131&#8221; eylemi"},"content":{"rendered":"<p style=\"text-align: justify;\"><a href=\"http:\/\/www.korhanyilmaz.com\/wp-content\/uploads\/2010\/10\/081.jpg\"  class=\"lightview\"><img loading=\"lazy\" decoding=\"async\" class=\"size-full wp-image-26325 aligncenter\" src=\"http:\/\/www.korhanyilmaz.com\/wp-content\/uploads\/2010\/10\/081.jpg\" alt=\"\" width=\"322\" height=\"241\" \/><\/a><\/p>\n<p style=\"text-align: justify;\">T\u00fcrkiye Emekli Astsubaylar Derne\u011fi (TEMAD) Genel Ba\u015fkan\u0131 Mustafa Erol, &#8221;\u00d6zl\u00fck haklar\u0131m\u0131z\u0131n iyile\u015ftirilmesine y\u00f6nelik verilen s\u00f6zler tutulur umuduyla bug\u00fcne kadar ola\u011fan\u00fcst\u00fc gayret g\u00f6sterdik. Her \u015feyin bir sonu oldu\u011fu gibi sabr\u0131m\u0131z\u0131n ve iyi niyetimizin sonuna geldik&#8221; dedi.<!--more--><\/p>\n<p style=\"text-align: justify;\">Ankara &#8211; Miting \u00f6ncesi TEMAD \u00fcyeleri ve yak\u0131nlar\u0131, Celal Bayar Caddesi&#8217;nde topland\u0131. Ellerinde taleplerini i\u00e7eren pankartlar, T\u00fcrk bayraklar\u0131 ve Atat\u00fcrk foto\u011fraflar\u0131 ta\u015f\u0131yan kalabal\u0131k grup, mar\u015flar e\u015fli\u011finde Abdi \u0130pek\u00e7i Park\u0131&#8217;na kadar y\u00fcr\u00fcd\u00fc.<\/p>\n<p style=\"text-align: justify;\">Burada sayg\u0131 duru\u015fu ve \u0130stiklal Mar\u015f\u0131&#8217;n\u0131n okunmas\u0131 ile ba\u015flayan mitingde konu\u015fan Erol, ya\u015f ortalamas\u0131 60 olan binlerce emekli astsubay ve yak\u0131n\u0131n\u0131n \u00f6zl\u00fck haklar\u0131n\u0131n iyile\u015ftirilmesi talebiyle so\u011fuk havaya ra\u011fmen Ankara&#8217;da bir araya geldi\u011fini belirtti.<\/p>\n<p style=\"text-align: justify;\">Bu sorunlar\u0131na ili\u015fkin kendilerine \u00e7e\u015fitli s\u00f6zler verildi\u011fini bildiren Erol &#8221;\u00d6,zl\u00fck haklar\u0131m\u0131z\u0131n iyile\u015ftirilmesine y\u00f6nelik verilen s\u00f6zler tutulur umuduyla bug\u00fcne kadar ola\u011fan\u00fcst\u00fc gayret g\u00f6sterdik. Her \u015feyin bir sonu oldu\u011fu gibi sabr\u0131m\u0131z\u0131n ve iyi niyetimizin sonuna geldik&#8221; diye konu\u015ftu.<\/p>\n<p style=\"text-align: justify;\">T\u00fcrk Silahl\u0131 Kuvvetleri (TSK) personeline ekonomik s\u0131k\u0131nt\u0131lar\u0131n\u0131n giderilmesi i\u00e7in baz\u0131 tazminatlar verildi\u011fini s\u00f6yleyen Erol, &#8221;Subaylar emekli olduklar\u0131nda maa\u015flar\u0131 y\u00fczde 5 kesilmekte ve s\u0131k\u0131nt\u0131 ya\u015famamaktad\u0131r, ancak astsubaylar\u0131n emekli olduklar\u0131nda maa\u015flar\u0131 y\u00fczde 45 azal\u0131yor. Bu durum adalet ve hakkaniyet \u00f6l\u00e7\u00fcs\u00fcne uymad\u0131\u011f\u0131 gibi emekli astsubaylar\u0131 da a\u00e7l\u0131\u011fa mahkum etmi\u015ftir&#8221; diye konu\u015ftu.<\/p>\n<p style=\"text-align: justify;\">Astsubaylar\u0131n \u00e7ok az bir k\u0131sm\u0131n\u0131n devlet memurlu\u011fundan birinci derecede emekli oldu\u011funu ifade eden Erol, b\u00fcy\u00fck b\u00f6l\u00fcm\u00fcn\u00fcn ikinci dereceden emekli oldu\u011funu ve bu iki derece aras\u0131ndaki maa\u015f fark\u0131n\u0131n 400 lira oldu\u011funu s\u00f6yledi. Bu konuda d\u00fczenleme yap\u0131lmas\u0131n\u0131 isteyen Erol, tazminat alamayan emekli devlet memurlar\u0131na \u00f6denen 100 liral\u0131k tutar\u0131n emekli astsubaylar\u0131n maa\u015flar\u0131na da yans\u0131t\u0131lmas\u0131n\u0131 talep etti.<\/p>\n<p style=\"text-align: justify;\">Astsubaylar\u0131n Ordu Yard\u0131mla\u015fma Kurumunda (OYAK) temsil edilmemesini de ele\u015ftiren Erol, dernek olarak bu kurum aleyhinde A\u0130HM&#8217;de a\u00e7t\u0131klar\u0131 davan\u0131n devam etti\u011fini an\u0131msatt\u0131. Askeri hastanelerde, ba\u015fvuranlar\u0131n r\u00fctbesine g\u00f6re A ve B poliklini\u011fi ayr\u0131m\u0131 yap\u0131ld\u0131\u011f\u0131n\u0131 da ileri s\u00fcren Erol, \u015funlar\u0131 s\u00f6yledi:<\/p>\n<p style=\"text-align: justify;\">&#8221;Bu ayr\u0131m kald\u0131r\u0131lmal\u0131d\u0131r. Hastan\u0131n r\u00fctbesi olmaz. Y\u00fcksek r\u00fctbeli hastaya uzman, kariyer sahibi doktorlarca an\u0131nda m\u00fcdahale ettirilirken, emekli ve k\u00fc\u00e7\u00fck r\u00fctbelilere ayr\u0131mc\u0131 davran\u0131lmas\u0131 vicdanlar\u0131 rahats\u0131z edici bir durumdur.<\/p>\n<p style=\"text-align: justify;\">Ayr\u0131ca eski Genelkurmay Ba\u015fkan\u0131 Orgeneral \u0130lker Ba\u015fbu\u011f, Bal\u0131kesir&#8217;de yapt\u0131\u011f\u0131 bir konu\u015fmada, &#8216;TSK&#8217;da subay ve astsubay asli unsurdur. Bu iki asli unsur ayn\u0131 \u00f6nem derecesine sahiptir&#8217; diyor. Tabii ki &#8216;Astsubaylar ordunun dire\u011fidir&#8217; diyemiyor. \u00d6zl\u00fck haklar\u0131 y\u00f6n\u00fcnden ayn\u0131 olmad\u0131klar\u0131n\u0131 da biliyor. \u00d6zl\u00fck haklar\u0131na gelince asli unsur, tali unsur oluyor.&#8221;<\/p>\n<p style=\"text-align: justify;\">Erol&#8217;dan \u00f6nce 93 ya\u015f\u0131ndaki emekli astsubay Mehmet Ozan ve \u015e\u0131rnak&#8217;\u0131n Silopi il\u00e7esinde may\u0131n patlamas\u0131 sonucu iki kolunu kaybeden Astsubay \u0130brahim Babur da konu\u015fma yapt\u0131. Ozan ve Babur, emekli astsubaylar\u0131n \u00f6zl\u00fck haklar\u0131n\u0131n d\u00fczeltilmesini istedi.<\/p>\n<p style=\"text-align: justify;\">Zaman zaman &#8221;Vur vur inlesin Genelkurmay dinlesin&#8221; \u015feklinde sloganlar atan alandakiler konu\u015fmalar\u0131n ard\u0131ndan olays\u0131z \u015fekilde da\u011f\u0131ld\u0131.<\/p>\n<p style=\"text-align: justify;\">Eylem nedeniyle Celal Bayar Caddesi&#8217;nin S\u0131hhiye y\u00f6n\u00fc k\u0131sa s\u00fcreli ara\u00e7 trafi\u011fine kapat\u0131l\u0131rken, eylem nedeniyle yo\u011fun g\u00fcvenlik \u00f6nlemi al\u0131nd\u0131\u011f\u0131 g\u00f6zlendi.<\/p>\n<p style=\"text-align: justify;\"><strong>An\u0131tkabir&#8217;i ziyaret ettiler<\/strong><\/p>\n<p style=\"text-align: justify;\">Erol ve beraberindekiler An\u0131tkabir&#8217;i de ziyaret etti. Aslanl\u0131 Yol&#8217;dan ellerindeki T\u00fcrk bayraklar\u0131 ile y\u00fcr\u00fcyen emekli astsubaylar ve yak\u0131nlar\u0131, Atat\u00fcrk&#8217;\u00fcn mozolesine \u00e7elenk b\u0131rakt\u0131. Sayg\u0131 duru\u015funda bulunan heyet, An\u0131tkabir&#8217;in merdivenlerinde hat\u0131ra foto\u011fraf\u0131 \u00e7ektirdi.<\/p>\n<p style=\"text-align: justify;\">Ard\u0131ndan Misak-\u0131 Milli Kulesine ge\u00e7en emekli astsubaylar ad\u0131na TEMAD Ba\u015fkan\u0131 Erol, An\u0131tkabir \u00d6zel Defteri&#8217;ne \u015funlar\u0131 yazd\u0131:<\/p>\n<p style=\"text-align: justify;\">&#8221;Ebedi ba\u015fkomutan\u0131m\u0131z Atat\u00fcrk, T\u00fcrkiye Emekli Astsubaylar Derne\u011fi mensuplar\u0131 u\u011frad\u0131klar\u0131 haks\u0131zl\u0131klar\u0131 dile getirmek i\u00e7in huzurunuzda. Vatan savunmas\u0131nda g\u00f6rev alan emekli astsubaylar, vatan ve millet u\u011fruna en fazla \u015fehit ve gaziyi vererek vatan sevgisini sembol\u00fc olmu\u015flard\u0131r. \u015eu anda da vatan i\u00e7in canlar\u0131n\u0131 feda etmeye haz\u0131rlard\u0131r. Emekli astsubaylar bug\u00fcn unutulmu\u015flard\u0131r. Maddi ve manevi olarak muhta\u00e7 duruma d\u00fc\u015f\u00fcr\u00fclm\u00fc\u015flerdir. Bu \u015fartlarda bile cumhuriyetin kazan\u0131mlar\u0131n\u0131 ve \u00fclke b\u00fct\u00fcnl\u00fc\u011f\u00fcn\u00fc her \u015feyin \u00fczerinde tuttuk, tutmaya da devam edece\u011fiz. Bizler \u00fcst\u00fcnlerin hukuku de\u011fil, hukukun \u00fcst\u00fcnl\u00fc\u011f\u00fc ile adalet ve hakkaniyet \u00f6l\u00e7\u00fclerinde yap\u0131lan yanl\u0131\u015f uygulamalar giderilinceye kadar eylemlerimize devam edece\u011fiz. \u0130lke ve devrimlerinin savunucusuyuz. Rahat uyuyunuz. Huzurunuzda sayg\u0131 ile e\u011filiyoruz. Ruhunuz \u015fad olsun.&#8221;<\/p>\n<p style=\"text-align: justify;\"><a href=\"http:\/\/www.cumhuriyet.com.tr\/?hn=180756&amp;kw=Emekli+astsubaylardan+%22%F6zl%FCk+haklar%FD%22+eylemi+\" target=\"_blank\"><span style=\"color: #888888;\">Kaynak : Cumhuriyet Haber Portal\u0131<\/span><\/a><\/p>\n","protected":false},"excerpt":{"rendered":"<p style=\"text-align: justify;\">\n<p style=\"text-align: justify;\">T\u00fcrkiye Emekli Astsubaylar Derne\u011fi (TEMAD) Genel Ba\u015fkan\u0131 Mustafa Erol, &#8221;\u00d6zl\u00fck haklar\u0131m\u0131z\u0131n iyile\u015ftirilmesine y\u00f6nelik verilen s\u00f6zler tutulur umuduyla bug\u00fcne kadar ola\u011fan\u00fcst\u00fc gayret g\u00f6sterdik. Her \u015feyin bir sonu oldu\u011fu gibi sabr\u0131m\u0131z\u0131n ve iyi niyetimizin sonuna geldik&#8221; dedi.<\/p>\n","protected":false},"author":1,"featured_media":0,"comment_status":"open","ping_status":"closed","sticky":false,"template":"","format":"standard","meta":{"footnotes":""},"categories":[105],"tags":[],"class_list":["post-26324","post","type-post","status-publish","format-standard","hentry","category-gundem","odd"],"_links":{"self":[{"href":"http:\/\/www.korhanyilmaz.com\/index.php?rest_route=\/wp\/v2\/posts\/26324","targetHints":{"allow":["GET"]}}],"collection":[{"href":"http:\/\/www.korhanyilmaz.com\/index.php?rest_route=\/wp\/v2\/posts"}],"about":[{"href":"http:\/\/www.korhanyilmaz.com\/index.php?rest_route=\/wp\/v2\/types\/post"}],"author":[{"embeddable":true,"href":"http:\/\/www.korhanyilmaz.com\/index.php?rest_route=\/wp\/v2\/users\/1"}],"replies":[{"embeddable":true,"href":"http:\/\/www.korhanyilmaz.com\/index.php?rest_route=%2Fwp%2Fv2%2Fcomments&post=26324"}],"version-history":[{"count":0,"href":"http:\/\/www.korhanyilmaz.com\/index.php?rest_route=\/wp\/v2\/posts\/26324\/revisions"}],"wp:attachment":[{"href":"http:\/\/www.korhanyilmaz.com\/index.php?rest_route=%2Fwp%2Fv2%2Fmedia&parent=26324"}],"wp:term":[{"taxonomy":"category","embeddable":true,"href":"http:\/\/www.korhanyilmaz.com\/index.php?rest_route=%2Fwp%2Fv2%2Fcategories&post=26324"},{"taxonomy":"post_tag","embeddable":true,"href":"http:\/\/www.korhanyilmaz.com\/index.php?rest_route=%2Fwp%2Fv2%2Ftags&post=26324"}],"curies":[{"name":"wp","href":"https:\/\/api.w.org\/{rel}","templated":true}]}}