{"id":26311,"date":"2010-10-08T21:39:55","date_gmt":"2010-10-08T18:39:55","guid":{"rendered":"http:\/\/www.korhanyilmaz.com\/?p=26311"},"modified":"2010-10-08T21:39:55","modified_gmt":"2010-10-08T18:39:55","slug":"anayasa-mahkemesi-secimi-davalik-oluyor","status":"publish","type":"post","link":"http:\/\/www.korhanyilmaz.com\/?p=26311","title":{"rendered":"Anayasa Mahkemesi se\u00e7imi daval\u0131k oluyor"},"content":{"rendered":"<div id=\"attachment_26312\" style=\"width: 302px\" class=\"wp-caption aligncenter\"><a href=\"http:\/\/www.korhanyilmaz.com\/wp-content\/uploads\/2010\/10\/073.jpg\"  class=\"lightview\"><img loading=\"lazy\" decoding=\"async\" aria-describedby=\"caption-attachment-26312\" class=\"size-full wp-image-26312  \" src=\"http:\/\/www.korhanyilmaz.com\/wp-content\/uploads\/2010\/10\/073.jpg\" alt=\"\" width=\"292\" height=\"278\" \/><\/a><p id=\"caption-attachment-26312\" class=\"wp-caption-text\">CHP Tunceli Milletvekili Kamer Gen\u00e7<\/p><\/div>\n<p style=\"text-align: justify;\">CHP, Meclis&#8217;in Anayasa Mahkemesi \u00fcyeli\u011fine se\u00e7ti\u011fi Hicabi Dursun&#8217;un \u00fcyelik i\u00e7in gerekli olan ko\u015fullar\u0131 ta\u015f\u0131mad\u0131\u011f\u0131n\u0131 iddia etti. Chp, se\u00e7imin iptali i\u00e7in pazartesi g\u00fcn\u00fc Meclis ba\u015fkanl\u0131\u011f\u0131na ve Anayasa Mahkemesi&#8217;ne ba\u015fvuracak. <!--more--><\/p>\n<p style=\"text-align: justify;\">CNN T\u00dcRK Sema Ecer&#8217;in haberine g\u00f6re, CHP Tunceli Milletvekili Kamer Gen\u00e7, <strong>Hicabi Dursun&#8217;un 20 Ekim 1965 do\u011fumlu oldu\u011funu dikkat \u00e7ekerek, hen\u00fcz 45 ya\u015f\u0131n\u0131 doldurmad\u0131\u011f\u0131na <\/strong>vurgu yapt\u0131.<\/p>\n<p style=\"text-align: justify;\">Gen\u00e7, Anayasa&#8217;n\u0131n 146. maddesine g\u00f6re 45 ya\u015f\u0131n\u0131 doldurmu\u015f olman\u0131n Anayasa Mahkemesi&#8217;ne se\u00e7ilmek i\u00e7in \u00f6n ko\u015ful oldu\u011funu belirtti.<\/p>\n<p style=\"text-align: justify;\">Gen\u00e7, &#8220;se\u00e7im yok h\u00fckm\u00fcndedir. Hem Say\u0131\u015ftay hem de AKP kendisine yak\u0131n oldu\u011fu i\u00e7in Hicabi Dursun&#8217;u bu g\u00f6reve se\u00e7ti&#8221; dedi.<\/p>\n<p style=\"text-align: justify;\">CHP&#8217;li Gen\u00e7&#8217;in yan\u0131s\u0131ra CHP MYK \u00fcyesi ve Anayasa Profes\u00f6r\u00fc S\u00fcheyl Batum da Meclis&#8217;in yapt\u0131\u011f\u0131 se\u00e7imin yok h\u00fckm\u00fcnde oldu\u011funu savundu.<\/p>\n<p style=\"text-align: justify;\">CHP, pazartesi g\u00fcn\u00fc se\u00e7imin iptali i\u00e7in Meclis ba\u015fkanl\u0131\u011f\u0131na ba\u015fvuraca\u011f\u0131n\u0131 a\u00e7\u0131klad\u0131.<\/p>\n<p style=\"text-align: justify;\">Ana muhalefet partisi, Dursun&#8217;un yemin ettirilip g\u00f6reve ba\u015flat\u0131lmamas\u0131 i\u00e7in de Anayasa Mahkemesi&#8217;ne ba\u015fvuracak.<\/p>\n<p style=\"text-align: justify;\">CHP MYK \u00fcyesi \u015eahin Meng\u00fc de Say\u0131\u015ftay&#8217;\u0131n yeterli ko\u015fullar\u0131 ta\u015f\u0131mayan birisini Meclis&#8217;e aday g\u00f6sterdi\u011fi iddias\u0131yla Dan\u0131\u015ftay&#8217;a dava a\u00e7acak.<\/p>\n<p style=\"text-align: justify;\"><a href=\"http:\/\/www.cnnturk.com\/2010\/turkiye\/10\/08\/anayasa.mahkemesi.secimi.davalik.oluyor\/592369.0\/index.html\" target=\"_blank\"><span style=\"color: #888888;\">Kaynak : Sema Ecer &#8211; CNN T\u00dcRK<\/span><\/a><\/p>\n","protected":false},"excerpt":{"rendered":"<p id=\"caption-attachment-26312\" class=\"wp-caption-text\">CHP Tunceli Milletvekili Kamer Gen\u00e7<\/p>\n<p style=\"text-align: justify;\">CHP, Meclis&#8217;in Anayasa Mahkemesi \u00fcyeli\u011fine se\u00e7ti\u011fi Hicabi Dursun&#8217;un \u00fcyelik i\u00e7in gerekli olan ko\u015fullar\u0131 ta\u015f\u0131mad\u0131\u011f\u0131n\u0131 iddia etti. Chp, se\u00e7imin iptali i\u00e7in pazartesi g\u00fcn\u00fc Meclis ba\u015fkanl\u0131\u011f\u0131na ve Anayasa Mahkemesi&#8217;ne ba\u015fvuracak. <\/p>\n","protected":false},"author":1,"featured_media":0,"comment_status":"open","ping_status":"closed","sticky":false,"template":"","format":"standard","meta":{"footnotes":""},"categories":[105],"tags":[],"class_list":["post-26311","post","type-post","status-publish","format-standard","hentry","category-gundem","odd"],"_links":{"self":[{"href":"http:\/\/www.korhanyilmaz.com\/index.php?rest_route=\/wp\/v2\/posts\/26311","targetHints":{"allow":["GET"]}}],"collection":[{"href":"http:\/\/www.korhanyilmaz.com\/index.php?rest_route=\/wp\/v2\/posts"}],"about":[{"href":"http:\/\/www.korhanyilmaz.com\/index.php?rest_route=\/wp\/v2\/types\/post"}],"author":[{"embeddable":true,"href":"http:\/\/www.korhanyilmaz.com\/index.php?rest_route=\/wp\/v2\/users\/1"}],"replies":[{"embeddable":true,"href":"http:\/\/www.korhanyilmaz.com\/index.php?rest_route=%2Fwp%2Fv2%2Fcomments&post=26311"}],"version-history":[{"count":0,"href":"http:\/\/www.korhanyilmaz.com\/index.php?rest_route=\/wp\/v2\/posts\/26311\/revisions"}],"wp:attachment":[{"href":"http:\/\/www.korhanyilmaz.com\/index.php?rest_route=%2Fwp%2Fv2%2Fmedia&parent=26311"}],"wp:term":[{"taxonomy":"category","embeddable":true,"href":"http:\/\/www.korhanyilmaz.com\/index.php?rest_route=%2Fwp%2Fv2%2Fcategories&post=26311"},{"taxonomy":"post_tag","embeddable":true,"href":"http:\/\/www.korhanyilmaz.com\/index.php?rest_route=%2Fwp%2Fv2%2Ftags&post=26311"}],"curies":[{"name":"wp","href":"https:\/\/api.w.org\/{rel}","templated":true}]}}