{"id":26307,"date":"2010-10-08T22:35:31","date_gmt":"2010-10-08T19:35:31","guid":{"rendered":"http:\/\/www.korhanyilmaz.com\/?p=26307"},"modified":"2010-10-08T22:35:31","modified_gmt":"2010-10-08T19:35:31","slug":"abant-toplantisinda-baykal-ve-turban-krizi","status":"publish","type":"post","link":"http:\/\/www.korhanyilmaz.com\/?p=26307","title":{"rendered":"Abant toplant\u0131s\u0131nda Baykal ve t\u00fcrban krizi"},"content":{"rendered":"<p><a href=\"http:\/\/www.korhanyilmaz.com\/wp-content\/uploads\/2010\/10\/072.jpg\"  class=\"lightview\"><img loading=\"lazy\" decoding=\"async\" class=\"size-full wp-image-26308 aligncenter\" src=\"http:\/\/www.korhanyilmaz.com\/wp-content\/uploads\/2010\/10\/072.jpg\" alt=\"\" width=\"307\" height=\"236\" \/><\/a><\/p>\n<p style=\"text-align: justify;\">CHP&#8217;nin Abant kamp\u0131nda ilk g\u00fcn bas\u0131na kapal\u0131 yap\u0131lan toplant\u0131da milletvekilleri parti politikalar\u0131n\u0131 ele\u015ftirdi. \u00d6zellikle eski genel ba\u015fkan Deniz Baykal&#8217;a yak\u0131n isimler partiden d\u0131\u015fland\u0131klar\u0131n\u0131 savunarak &#8220;partide siyasi yasakl\u0131 grup mu olu\u015fturuluyor&#8221; sorusunu y\u00f6neltti. Baz\u0131 milletvekilleri de \u00fcniversitede t\u00fcrban\u0131 serbest b\u0131rakman\u0131n kamuda da t\u00fcrban\u0131n \u00f6n\u00fcn\u00fc a\u00e7aca\u011f\u0131n\u0131 savundu.<!--more--><\/p>\n<p style=\"text-align: justify;\">\u00dcniversitelerde t\u00fcrban\u0131n serbest b\u0131rak\u0131lmas\u0131na ili\u015fkin tart\u0131\u015fmalar CHP&#8217;nin Abant kamp\u0131na da damgas\u0131n\u0131 vurdu.<\/p>\n<p style=\"text-align: justify;\">\u0130lk g\u00fcn bas\u0131na kapal\u0131 yap\u0131lan toplant\u0131da 11 milletvekili s\u00f6z ald\u0131. Eski genel ba\u015fkan Deniz Baykal&#8217;a yak\u0131n isimler parti politikalar\u0131n\u0131 ele\u015ftirdi.<\/p>\n<p style=\"text-align: justify;\">CHP Ankara Milletvekili Zekeriya Ak\u0131nc\u0131, t\u00fcrban konusunda CHP&#8217;den yap\u0131lan a\u00e7\u0131klamalar\u0131 ele\u015ftirdi: &#8220;Her tart\u0131\u015fmaya neden bal\u0131klama atl\u0131yoruz. T\u00fcrban s\u00fcr\u00fcden sar\u0131 \u00f6k\u00fcz\u00fc vermek gibidir. 30-40 y\u0131ll\u0131k kararl\u0131 m\u00fccadelenin ard\u0131ndan \u015fimdi \u00fcniversitelerde t\u00fcrban\u0131 serbest b\u0131rakma noktas\u0131na geldiler. \u00dcniversitede t\u00fcrbanl\u0131 bir \u015fekilde okuyup, doktor hakim olan birisi i\u015fe ba\u015flad\u0131ktan sonra &#8220;ben neden t\u00fcrban\u0131m\u0131 a\u00e7mak zorunday\u0131m&#8221; demez mi? 10 y\u0131ll\u0131k bir m\u00fccadelenin ard\u0131ndan kamuda da t\u00fcrban\u0131 serbest b\u0131rakt\u0131r\u0131rlar. Bu b\u00f6yle olmaz. Biz iddialar\u0131m\u0131z\u0131n arkas\u0131nda sa\u011flam bir \u015fekilde durmak zorunday\u0131z.&#8221;<\/p>\n<p style=\"text-align: justify;\">Ak\u0131nc\u0131, referandum kampanyas\u0131 s\u00fcrecinde Deniz Baykal&#8217;dan yeterince yararlan\u0131lmad\u0131\u011f\u0131n\u0131 da belirterek &#8220;onlar mezardakileri bile kald\u0131r\u0131p oy verin dediler biz kendi de\u011ferlerimize sahip \u00e7\u0131kamad\u0131k&#8221; dedi.<\/p>\n<p style=\"text-align: justify;\">Ak\u0131nc\u0131, bir kesimin partiden d\u0131\u015fland\u0131\u011f\u0131n\u0131 savunarak &#8220;partide siyasi yasakl\u0131 bir grup mu olu\u015fturuluyor?&#8221; diye sordu.<\/p>\n<p style=\"text-align: justify;\">CHP \u0130zmir Milletvekili Canan Ar\u0131tman da &#8220;\u00fcniversitede t\u00fcrban\u0131 serbest b\u0131rakmak kamuda da t\u00fcrban\u0131n \u00f6n\u00fcn\u00fc a\u00e7ar&#8221; dedi, t\u00fcrban ve genel af konusundaki a\u00e7\u0131klamalar\u0131n CHP taban\u0131nda rahats\u0131z yaratt\u0131\u011f\u0131n\u0131 s\u00f6yledi.<\/p>\n<p style=\"text-align: justify;\">Benzer ele\u015ftirileri CHP \u0130stanbul Milletvekili Esfender Korkmaz da dile getirdi. Baz\u0131 milletvekileri t\u00fcz\u00fck kurultay\u0131n\u0131n toplan\u0131p t\u00fcz\u00fck de\u011fi\u015fikli\u011finin hayata ge\u00e7irilmesini de savundu.<\/p>\n<p style=\"text-align: justify;\">Konya Milletvekili Atilla Kart, kurultayda t\u00fcz\u00fc\u011f\u00fcn uygulanmas\u0131n\u0131n ertelenmesinin hukuk ihlali oldu\u011funu savundu.<\/p>\n<p style=\"text-align: justify;\">Baykal&#8217;a yak\u0131n isimler partide \u00f6tekile\u015ftirmeler yap\u0131ld\u0131\u011f\u0131n\u0131 belirterek, &#8220;baz\u0131 g\u00f6revlere yap\u0131lacak se\u00e7imlerde birilerine yak\u0131nl\u0131k \u00f6l\u00e7\u00fcs\u00fc aranmamal\u0131&#8221; dediler.<\/p>\n<p style=\"text-align: justify;\"><a href=\"http:\/\/www.cnnturk.com\/2010\/turkiye\/10\/08\/abant.toplantisinda.baykal.ve.turban.krizi\/592368.0\/index.html\" target=\"_blank\"><span style=\"color: #888888;\">Kaynak : Sema Ecer &#8211; CNNT\u00dcRK<\/span><\/a><\/p>\n","protected":false},"excerpt":{"rendered":"<\/p>\n<p style=\"text-align: justify;\">CHP&#8217;nin Abant kamp\u0131nda ilk g\u00fcn bas\u0131na kapal\u0131 yap\u0131lan toplant\u0131da milletvekilleri parti politikalar\u0131n\u0131 ele\u015ftirdi. \u00d6zellikle eski genel ba\u015fkan Deniz Baykal&#8217;a yak\u0131n isimler partiden d\u0131\u015fland\u0131klar\u0131n\u0131 savunarak &#8220;partide siyasi yasakl\u0131 grup mu olu\u015fturuluyor&#8221; sorusunu y\u00f6neltti. Baz\u0131 milletvekilleri de \u00fcniversitede t\u00fcrban\u0131 serbest b\u0131rakman\u0131n kamuda da t\u00fcrban\u0131n \u00f6n\u00fcn\u00fc a\u00e7aca\u011f\u0131n\u0131 savundu.<\/p>\n","protected":false},"author":1,"featured_media":0,"comment_status":"open","ping_status":"closed","sticky":false,"template":"","format":"standard","meta":{"footnotes":""},"categories":[105],"tags":[],"class_list":["post-26307","post","type-post","status-publish","format-standard","hentry","category-gundem","odd"],"_links":{"self":[{"href":"http:\/\/www.korhanyilmaz.com\/index.php?rest_route=\/wp\/v2\/posts\/26307","targetHints":{"allow":["GET"]}}],"collection":[{"href":"http:\/\/www.korhanyilmaz.com\/index.php?rest_route=\/wp\/v2\/posts"}],"about":[{"href":"http:\/\/www.korhanyilmaz.com\/index.php?rest_route=\/wp\/v2\/types\/post"}],"author":[{"embeddable":true,"href":"http:\/\/www.korhanyilmaz.com\/index.php?rest_route=\/wp\/v2\/users\/1"}],"replies":[{"embeddable":true,"href":"http:\/\/www.korhanyilmaz.com\/index.php?rest_route=%2Fwp%2Fv2%2Fcomments&post=26307"}],"version-history":[{"count":0,"href":"http:\/\/www.korhanyilmaz.com\/index.php?rest_route=\/wp\/v2\/posts\/26307\/revisions"}],"wp:attachment":[{"href":"http:\/\/www.korhanyilmaz.com\/index.php?rest_route=%2Fwp%2Fv2%2Fmedia&parent=26307"}],"wp:term":[{"taxonomy":"category","embeddable":true,"href":"http:\/\/www.korhanyilmaz.com\/index.php?rest_route=%2Fwp%2Fv2%2Fcategories&post=26307"},{"taxonomy":"post_tag","embeddable":true,"href":"http:\/\/www.korhanyilmaz.com\/index.php?rest_route=%2Fwp%2Fv2%2Ftags&post=26307"}],"curies":[{"name":"wp","href":"https:\/\/api.w.org\/{rel}","templated":true}]}}