{"id":26299,"date":"2010-10-08T16:10:18","date_gmt":"2010-10-08T13:10:18","guid":{"rendered":"http:\/\/www.korhanyilmaz.com\/?p=26299"},"modified":"2010-10-08T16:10:18","modified_gmt":"2010-10-08T13:10:18","slug":"mhp-koalisyona-kapilari-kapatti","status":"publish","type":"post","link":"http:\/\/www.korhanyilmaz.com\/?p=26299","title":{"rendered":"MHP koalisyona kap\u0131lar\u0131 kapatt\u0131"},"content":{"rendered":"<p style=\"text-align: justify;\"><a href=\"http:\/\/www.korhanyilmaz.com\/wp-content\/uploads\/2010\/10\/071.jpg\"  class=\"lightview\"><img loading=\"lazy\" decoding=\"async\" class=\"size-full wp-image-26301 aligncenter\" src=\"http:\/\/www.korhanyilmaz.com\/wp-content\/uploads\/2010\/10\/071.jpg\" alt=\"\" width=\"309\" height=\"236\" \/><\/a><\/p>\n<p style=\"text-align: justify;\">MHP lideri Bah\u00e7eli yakla\u015fan se\u00e7im \u00f6ncesi bir genelge yay\u0131nlayarak il te\u015fkilatlar\u0131na \u00f6nemli uyar\u0131larda bulundu.<\/p>\n<p style=\"text-align: justify;\">MHP Genel Ba\u015fkan\u0131 Say\u0131n Devlet Bah\u00e7eli Haziran ay\u0131nda yap\u0131lacak genel se\u00e7im \u00f6ncesi parti te\u015fkilatlar\u0131na uyacaklar\u0131 kurallar\u0131 i\u00e7eren bir genelge g\u00f6nderdi. <!--more--><\/p>\n<p style=\"text-align: justify;\">Hedefe tek ba\u015f\u0131na iktidar\u0131 koyan Bah\u00e7eli \u00fclk\u00fcc\u00fclerin bu inan\u00e7la se\u00e7imlere haz\u0131rlanmas\u0131 \u00e7a\u011fr\u0131s\u0131 yaparken &#8220;Hi\u00e7bir partiyle koalisyon, pazarl\u0131k ve dayan\u0131\u015fma gibi konular dillendirilmeyecek ve konusu dahi g\u00fcndeme getirilmeyecektir&#8221; talimat\u0131 verdi.<\/p>\n<p style=\"text-align: justify;\">Genelgede MHP \u00fczerinde oynanacak tezgahlara dikkat edilmesi, sokaklarda ya\u015fanacak gerilimlerden uzak durulmas\u0131 istendi. Se\u00e7im s\u00fcrecinde vatanda\u015fa ula\u015fmak i\u00e7in bostandan cemevine her yere gidilmesi istenen genelgede ayr\u0131ca milletvekili olmak isteyenlere de \u00f6nemli uyar\u0131lar vard\u0131.<\/p>\n<p style=\"text-align: justify;\">\u0130\u015fte MHP il te\u015fkilatlar\u0131na g\u00f6nderilen genelgeden sat\u0131r ba\u015flar\u0131:<\/p>\n<p style=\"text-align: justify;\"><strong><a href=\"http:\/\/www.korhanyilmaz.com\/wp-content\/uploads\/2010\/10\/070.jpg\"  class=\"lightview\"><img loading=\"lazy\" decoding=\"async\" class=\"alignleft size-full wp-image-26300\" style=\"margin-left: 10px; margin-right: 10px;\" src=\"http:\/\/www.korhanyilmaz.com\/wp-content\/uploads\/2010\/10\/070.jpg\" alt=\"\" width=\"254\" height=\"498\" \/><\/a>KOAL\u0130SYON YOK HEDEF TEK BA\u015eINA \u0130KT\u0130DAR <\/strong><\/p>\n<p style=\"text-align: justify;\">Mazisi on y\u0131l\u0131 bile bulmayan bir siyasi partinin sekiz y\u0131ld\u0131r iktidar oldu\u011fu d\u00fc\u015f\u00fcn\u00fcld\u00fc\u011f\u00fcnde, gelecek y\u0131l itibariyle k\u0131rkikinci y\u0131l\u0131n\u0131 geride b\u0131rakacak olan partimizin tek ba\u015f\u0131na y\u00f6netim sorumlulu\u011funu \u00fcstlenmemesi i\u00e7in hi\u00e7bir neden yoktur ve olmayacakt\u0131r. Gelecek y\u0131lki tarihi randevuya tam bir inanm\u0131\u015fl\u0131kla haz\u0131rlan\u0131lacak; hi\u00e7bir partiyle koalisyon, pazarl\u0131k ve dayan\u0131\u015fma gibi konular dillendirilmeyecek ve konusu dahi g\u00fcndeme getirilmeyecektir. Hedef mutlaka tek ba\u015f\u0131na iktidar olmakt\u0131r ve yap\u0131lacak olan Genel Se\u00e7imler T\u00fcrkiye\u2019nin son \u015fans\u0131d\u0131r.<\/p>\n<p style=\"text-align: justify;\"><strong>MHP \u00dcZER\u0130NE TEZGAHLARA D\u0130KKAT<\/strong><\/p>\n<p style=\"text-align: justify;\">T\u0131pk\u0131 Referandum \u00f6ncesinde oldu\u011fu gibi, bundan sonra da, AKP iktidar\u0131n\u0131n Milliyet\u00e7i-\u00dclk\u00fcc\u00fcler \u00fczerinden siyaset yapmas\u0131, oyunlar tezg\u00e2hlamas\u0131 kuvvetli ihtimaldir. AKP\u2019nin kalle\u015f\u00e7e y\u00fcr\u00fctt\u00fc\u011f\u00fc siyasi propagandas\u0131na dikkat edilecek; T\u00fcrkiye\u2019yi b\u00f6lmeye \u00e7al\u0131\u015fan, e\u015fk\u0131yaya ilgi g\u00f6steren, \u0130mral\u0131\u2019yla kol kola giren ve k\u00fcresel g\u00fc\u00e7lerin merhametine milletimizin gelece\u011fini teslim eden siyasi zihniyetin tuza\u011f\u0131na d\u00fc\u015f\u00fclmeyecektir.<\/p>\n<p style=\"text-align: justify;\">\n<p style=\"text-align: justify;\"><strong>M\u0130LLETVEK\u0130L\u0130 OLMAK \u0130STEYENLERE UYARI <\/strong><\/p>\n<p style=\"text-align: justify;\">T\u00fcrkiye\u2019nin ve T\u00fcrk milletinin beka d\u00fczeyinde sorunlarla bo\u011fu\u015ftu\u011fu b\u00f6ylesine hayati bir d\u00f6neminde, te\u015fkilatlar\u0131m\u0131zda milletvekilli\u011fi adayl\u0131\u011f\u0131 i\u00e7in yap\u0131lacak do\u011fal rekabetin d\u0131\u015f\u0131nda; \u00e7eki\u015fmelerin, \u00e7at\u0131\u015fmalar\u0131n, k\u00fcsl\u00fcklerin olmas\u0131; isimlerin, hedeflerimizin ve \u00fclk\u00fclerimizin \u00fczerine ve \u00f6n\u00fcne \u00e7\u0131kar\u0131lmas\u0131 hem milletimize hem de partimize zarar verebilecek ve te\u015fkilatlar\u0131m\u0131z\u0131n hizip i\u00e7ine girmesine yol a\u00e7abilecektir. B\u00fct\u00fcn te\u015fkilat y\u00f6neticilerimiz ve mensuplar\u0131m\u0131z, milletvekilli\u011fi adayl\u0131\u011f\u0131 konusunda ya\u015fanabilecek huzursuzluk ve anla\u015fmazl\u0131klara m\u00fcsaade etmeyecekler, tek ba\u015f\u0131na iktidar hedefimizi zedeleyecek tav\u0131r ve davran\u0131\u015flara f\u0131rsat vermeyeceklerdir. Bu \u00e7er\u00e7evede, te\u015fkilat i\u00e7i gerilimler an\u0131nda \u00e7\u00f6z\u00fclecek, e\u011fer daha farkl\u0131 bir boyut kazanm\u0131\u015fsa Genel Merkez mutlaka bilgilendirilecektir.<\/p>\n<p style=\"text-align: justify;\"><strong>GER\u0130L\u0130MDEN UZAK DURULACAK <\/strong><\/p>\n<p style=\"text-align: justify;\">T\u00fcrkiye her alanda tahribat\u0131n yo\u011funla\u015ft\u0131\u011f\u0131, bunal\u0131m\u0131n yayg\u0131nla\u015ft\u0131\u011f\u0131 ve \u00e7at\u0131\u015fma riskinin artt\u0131\u011f\u0131 bir ortamda se\u00e7im s\u00fcrecine girmi\u015ftir. \u00d6zellikle, h\u00fck\u00fcmetle s\u00fcren pazarl\u0131klar\u0131n sonu\u00e7 almamas\u0131 halinde, ter\u00f6r \u00f6rg\u00fct\u00fcn\u00fcn eylemlerini art\u0131raca\u011f\u0131 bir d\u00f6nem \u00f6n\u00fcm\u00fczde durmaktad\u0131r. Se\u00e7im kampanyas\u0131 esnas\u0131nda, b\u00f6l\u00fcc\u00fcl\u00fc\u011f\u00fcn, taraftarlar\u0131n\u0131 ayr\u0131\u015ft\u0131rmak ve saflar\u0131n\u0131 s\u0131k\u0131la\u015ft\u0131rmak amac\u0131yla \u015fiddet eylemlerine ba\u015fvurmas\u0131 g\u00fc\u00e7l\u00fc bir ihtimaldir. Her ne sebeple olursa olsun, hi\u00e7bir tart\u0131\u015fman\u0131n, \u00e7at\u0131\u015fman\u0131n, kavgan\u0131n taraf\u0131 olunmayacak; herhangi bir kanunsuz eylem kar\u015f\u0131s\u0131nda da g\u00fcvenlik birimlerinin harekete ge\u00e7mesi i\u00e7in azami \u00f6zen ve sab\u0131r g\u00f6sterilecektir.<\/p>\n<p style=\"text-align: justify;\"><strong>31 EK\u0130M\u2019DE ANKARA BULU\u015eMASI <\/strong><\/p>\n<p style=\"text-align: justify;\">MHP 31 Ekim 2010 tarihinde, Ankara Atat\u00fcrk Kapal\u0131 Spor Salonu\u2019nda \u2018Millet ve Devlet Bekas\u0131 \u0130\u00e7in G\u00fc\u00e7 Birli\u011fi\u2019 isimli bir toplant\u0131 yapacak. Toplant\u0131ya milletvekilleri, MYK \u00fcyeleri, il ve il\u00e7e ba\u015fkanlar\u0131, belediye ba\u015fkan ve belediye meclis \u00fcyeleri, il genel meclis \u00fcyeleri kat\u0131lacak.<\/p>\n<p style=\"text-align: justify;\"><a href=\"http:\/\/www.internethaber.com\/mhp-koalisyona-kapilari-kapatti--300064h.htm\" target=\"_blank\"><span style=\"color: #888888;\">Kaynak : \u0130nternetHaber.com<\/span><\/a><\/p>\n","protected":false},"excerpt":{"rendered":"<p style=\"text-align: justify;\">\n<p style=\"text-align: justify;\">MHP lideri Bah\u00e7eli yakla\u015fan se\u00e7im \u00f6ncesi bir genelge yay\u0131nlayarak il te\u015fkilatlar\u0131na \u00f6nemli uyar\u0131larda bulundu.<\/p>\n<p style=\"text-align: justify;\">MHP Genel Ba\u015fkan\u0131 Say\u0131n Devlet Bah\u00e7eli Haziran ay\u0131nda yap\u0131lacak genel se\u00e7im \u00f6ncesi parti te\u015fkilatlar\u0131na uyacaklar\u0131 kurallar\u0131 i\u00e7eren bir genelge g\u00f6nderdi. <\/p>\n","protected":false},"author":1,"featured_media":0,"comment_status":"open","ping_status":"closed","sticky":false,"template":"","format":"standard","meta":{"footnotes":""},"categories":[105],"tags":[],"class_list":["post-26299","post","type-post","status-publish","format-standard","hentry","category-gundem","odd"],"_links":{"self":[{"href":"http:\/\/www.korhanyilmaz.com\/index.php?rest_route=\/wp\/v2\/posts\/26299","targetHints":{"allow":["GET"]}}],"collection":[{"href":"http:\/\/www.korhanyilmaz.com\/index.php?rest_route=\/wp\/v2\/posts"}],"about":[{"href":"http:\/\/www.korhanyilmaz.com\/index.php?rest_route=\/wp\/v2\/types\/post"}],"author":[{"embeddable":true,"href":"http:\/\/www.korhanyilmaz.com\/index.php?rest_route=\/wp\/v2\/users\/1"}],"replies":[{"embeddable":true,"href":"http:\/\/www.korhanyilmaz.com\/index.php?rest_route=%2Fwp%2Fv2%2Fcomments&post=26299"}],"version-history":[{"count":0,"href":"http:\/\/www.korhanyilmaz.com\/index.php?rest_route=\/wp\/v2\/posts\/26299\/revisions"}],"wp:attachment":[{"href":"http:\/\/www.korhanyilmaz.com\/index.php?rest_route=%2Fwp%2Fv2%2Fmedia&parent=26299"}],"wp:term":[{"taxonomy":"category","embeddable":true,"href":"http:\/\/www.korhanyilmaz.com\/index.php?rest_route=%2Fwp%2Fv2%2Fcategories&post=26299"},{"taxonomy":"post_tag","embeddable":true,"href":"http:\/\/www.korhanyilmaz.com\/index.php?rest_route=%2Fwp%2Fv2%2Ftags&post=26299"}],"curies":[{"name":"wp","href":"https:\/\/api.w.org\/{rel}","templated":true}]}}