{"id":26296,"date":"2010-10-08T18:32:59","date_gmt":"2010-10-08T15:32:59","guid":{"rendered":"http:\/\/www.korhanyilmaz.com\/?p=26296"},"modified":"2010-10-08T18:32:59","modified_gmt":"2010-10-08T15:32:59","slug":"basbakandan-kamusal-alan-cikisi","status":"publish","type":"post","link":"http:\/\/www.korhanyilmaz.com\/?p=26296","title":{"rendered":"Ba\u015fbakan&#8217;dan kamusal alan \u00e7\u0131k\u0131\u015f\u0131"},"content":{"rendered":"<p style=\"text-align: center;\"><a href=\"http:\/\/www.korhanyilmaz.com\/wp-content\/uploads\/2010\/10\/069.jpg\"  class=\"lightview\"><img loading=\"lazy\" decoding=\"async\" class=\"aligncenter size-full wp-image-26297\" src=\"http:\/\/www.korhanyilmaz.com\/wp-content\/uploads\/2010\/10\/069.jpg\" alt=\"\" width=\"307\" height=\"236\" \/><\/a><\/p>\n<p style=\"text-align: justify;\">Ba\u015fbakan Erdo\u011fan, &#8220;Kamusal alan kamusal alan kamusal alan Allah a\u015fk\u0131na yani bu \u00fclkede 7 y\u0131l \u00f6ncesine kadar bu \u00fclkede kamusal alan yok muydu? 7 senedir literat\u00fcre kamusal alan\u0131 soktular&#8221; dedi. <!--more--><\/p>\n<p style=\"text-align: justify;\">Erdo\u011fan, Almanya&#8217;ya hareketinden \u00f6nce, Esenbo\u011fa Havaliman\u0131&#8217;nda a\u00e7\u0131klamalarda bulundu ve sorular\u0131 yan\u0131tlad\u0131.<\/p>\n<p style=\"text-align: justify;\">Bir gazetecinin, &#8220;Hen\u00fcz Anamuhalefet Partisi taraf\u0131ndan kesinle\u015fmedi\u011fi s\u00f6yleniyor ama bir ba\u015f\u00f6rt\u00fcs\u00fc konusunda bir rapor haz\u0131rl\u0131\u011f\u0131 vard\u0131. Bu rapora g\u00f6re t\u00fcrban sorununun kamusal alana yans\u0131t\u0131lmayaca\u011f\u0131, yani yasa\u011f\u0131n devam ettirilmesi gerekti\u011fi, \u00fcniversiteler i\u00e7in de Avrupa \u0130nsan Haklar\u0131 Mahkemesi, Anayasa Mahkemesi kararlar\u0131n\u0131n ge\u00e7erli olmas\u0131 gerekti\u011fi belirtiliyor bu \u00e7er\u00e7evede bir \u00e7\u00f6z\u00fcm olabilir mi? M\u00fcmk\u00fcn g\u00f6r\u00fcyor musunuz?&#8221; \u015feklindeki soru \u00fczerine Ba\u015fbakan Erdo\u011fan, \u015funlar\u0131 s\u00f6yledi:<\/p>\n<p style=\"text-align: justify;\">&#8220;Ben \u00e7ok a\u00e7\u0131k ve net sizlere tekrar bir \u015fey daha s\u00f6yleyeyim. Bak\u0131n s\u00fcreci sizler yaz\u0131l\u0131 ve g\u00f6rsel medyan\u0131n temsilcileri olarak yak\u0131ndan takip ediyorsunuz. \u00d6yle zannediyorum ki bu konuyla ilgili sizlerin bu soruyu sormaktan her halde yorgun d\u00fc\u015fm\u00fc\u015f olman\u0131z laz\u0131m. Biz de bu soruya cevap vermekten hakikaten yorulduk. Sadece ben de\u011fil arkada\u015flar\u0131m\u0131n hepsine bu sorular soruluyor.<\/p>\n<p style=\"text-align: justify;\">Fakat, ben sadece bir \u015feyi sizlere s\u00f6yleyeyim yasama organ\u0131 ne i\u015f yapar? Veyahut da yasama organ\u0131ndan bir karar, bir kanun \u00e7\u0131kt\u0131ysa ve bu kanun \u00e7\u0131kt\u0131ktan sonra da e\u011fer uygulama alan\u0131 bulam\u0131yorsa ki Anayasa Mahkemesi&#8217;nin bir m\u00fcdahalesi olmak suretiyle daha \u00f6nce b\u00f6yle bir m\u00fcdahalede bulunuldu. Fakat \u015fu anda anamuhalefetin lideri halkoylamas\u0131 esnas\u0131nda olumlu bir yakla\u015f\u0131m ortaya koydu.<\/p>\n<p style=\"text-align: justify;\">Fakat, \u015fimdi g\u00f6r\u00fcyorum ki farkl\u0131 baz\u0131 geli\u015fmeler var, bug\u00fcnk\u00fc a\u00e7\u0131klamalar bu \u015fekilde. Diyoruz ki bu konuda ger\u00e7ekten anamuhalefet partisi de kararl\u0131ysa, di\u011fer muhalefet partileri de bu konuda kararl\u0131ysa hemen arkada\u015flar\u0131m\u0131za talimatlar\u0131 verelim, g\u00f6revlendirelim. Ve bu konuda e\u011fer yasal bir zemin gerekiyorsa, yani &#8216;bu i\u015fi sa\u011flama ba\u011flayal\u0131m&#8217; diyorsak, buna b\u00f6yle inan\u0131yorsak, o zaman hemen ad\u0131m\u0131 atal\u0131m, gerekli olan neyse. \u00c7\u00fcnk\u00fc fazla bir \u015fey de\u011fil \u00fc\u00e7 maddede halolacak bir\u015fey. Hemen bu i\u015fi bitirelim, kim samimi, kim de\u011fil ortaya \u00e7\u0131ks\u0131n.&#8221;<\/p>\n<p style=\"text-align: justify;\">&#8220;(Ben inanc\u0131m sebebiyle ba\u015f\u0131m\u0131 \u00f6rt\u00fcyorum) diyen insanlarla ilgili Cumhuriyetin bug\u00fcn en \u00f6nemli kurumu bu alanda hangi kurumdur?&#8221; diye soran Ba\u015fbakan Erdo\u011fan, konu\u015fmas\u0131n\u0131 \u015f\u00f6yle s\u00fcrd\u00fcrd\u00fc:<\/p>\n<p style=\"text-align: justify;\"><strong>&#8220;7 sene \u00f6nce bir kamusal alan literat\u00fcre sokuldu&#8221; <\/strong><\/p>\n<p style=\"text-align: justify;\">&#8220;Herhalde siyasi partiler de\u011fil, siyasi partilerin i\u00e7indeki elamanlar da de\u011fil. Neresidir? Diyanet \u0130\u015fleri Ba\u015fkanl\u0131\u011f\u0131d\u0131r. Diyanet \u0130\u015fleri Ba\u015fkanl\u0131\u011f\u0131 bu konuda \u00e7al\u0131\u015fmas\u0131n\u0131 yapar. Fakat, ben bunu say\u0131n genel ba\u015fkana da s\u00f6yledim. &#8216;E\u011fer siz bunun yan\u0131nda da ba\u015fka \u00e7al\u0131\u015fma yapt\u0131rmak istiyorsan\u0131z, siz o \u00e7al\u0131\u015fman\u0131z\u0131 da yapt\u0131r\u0131n, biz de gerekirse yapt\u0131ral\u0131m. Bir havuz olu\u015fsun ve ondan sonra da haz\u0131rl\u0131klar\u0131m\u0131z\u0131 yapt\u0131ral\u0131m ve bu i\u015fi bitirelim&#8217;. Yani bu g\u00fcndemden art\u0131k kalks\u0131n. \u00c7\u00fcnk\u00fc bu bir inan\u00e7 meselesi, inan\u00e7 \u00f6zg\u00fcrl\u00fc\u011f\u00fcyle alakal\u0131 bir konu. \u0130nan\u00e7 \u00f6zg\u00fcrl\u00fc\u011f\u00fcne, e\u011fitim, \u00f6\u011fretim \u00f6zg\u00fcrl\u00fc\u011f\u00fcne art\u0131k bu perdeyi koymayal\u0131m.<\/p>\n<p style=\"text-align: justify;\">Art\u0131k ortadan kald\u0131ral\u0131m ve bu \u00fclkede bu gen\u00e7 yavrular\u0131m\u0131z art\u0131k bir huzur bulsunlar, anneler, babalar huzur bulsunlar ve problemleri ortadan tek tek kald\u0131ral\u0131m. Kamusal alan kamusal alan kamusal alan Allah a\u015fk\u0131na yani bu \u00fclkede 7 y\u0131l \u00f6ncesine kadar bu \u00fclkede kamusal alan yok muydu? 7 senedir literat\u00fcre kamusal alan\u0131 soktular. \u00c7ankaya&#8217;ya 7 sene \u00f6ncesine kadar rahatl\u0131kla herkes giriyordu, ama 7 sene \u00f6nce bir kamusal alan literat\u00fcre sokuldu ve ondan sonra ba\u015f\u00f6rt\u00fcl\u00fcler \u00c7ankaya&#8217;ya da al\u0131nmaz olundu. Ayn\u0131 \u015fekilde farkl\u0131 yerlere de sokulmaz hale getirildi. Ya bu \u00fclke kimin, bu \u00fclkenin kamu binalar\u0131 kimin?<\/p>\n<p style=\"text-align: justify;\">Bunlar halk\u0131n, kamunun de\u011fil mi? Buralara rahatl\u0131kla benim vatanda\u015f\u0131m giremeyecek mi? Baz\u0131 yerlerde bak\u0131yorsunuz anneler, babalar, han\u0131mlar testten ge\u00e7iriliyor. &#8216;\u015e\u00f6yle olursa olur, b\u00f6yle olursa olmaz&#8217; gibi sa\u00e7ma sapan \u015feyler ortaya konuldu. Yani bunlar \u00f6zg\u00fcrl\u00fck\u00e7\u00fc \u00fclkelerde, demokratik, laik, sosyal hukuk devletinde asl\u0131nda olacak \u015feyler de\u011fil. Ama ne yaz\u0131k ki bu \u00fclkede zorla buna al\u0131\u015ft\u0131r\u0131lmaya \u00e7al\u0131\u015f\u0131l\u0131yor.<\/p>\n<p style=\"text-align: justify;\">Zorla bir yere gitmek m\u00fcmk\u00fcn de\u011fil. B\u0131rakal\u0131m \u015fu halk\u0131m\u0131z, \u00f6zg\u00fcrl\u00fck \u00e7er\u00e7evesi i\u00e7erisinde buna en g\u00fczel \u015fekilde herkes ya\u015fas\u0131n \u015fu \u00f6zg\u00fcrl\u00fc\u011f\u00fc herkes yudumlas\u0131n. Ve bu \u00fclkede de kimse birbirine \u015f\u00fcpheyle bakmas\u0131n, \u00f6zg\u00fcven i\u00e7erisinde y\u00fcr\u00fcs\u00fcn, birbirine sayg\u0131yla sevgiyle muamele etsin b\u00fct\u00fcn derdimiz bu&#8221;<\/p>\n<p style=\"text-align: justify;\"><a href=\"http:\/\/www.cnnturk.com\/2010\/turkiye\/10\/08\/basbakandan.kamusal.alan.cikisi\/592359.0\/index.html\" target=\"_blank\"><span style=\"color: #888888;\">CNN T\u00dcRK<\/span><\/a><\/p>\n","protected":false},"excerpt":{"rendered":"<p style=\"text-align: center;\">\n<p style=\"text-align: justify;\">Ba\u015fbakan Erdo\u011fan, &#8220;Kamusal alan kamusal alan kamusal alan Allah a\u015fk\u0131na yani bu \u00fclkede 7 y\u0131l \u00f6ncesine kadar bu \u00fclkede kamusal alan yok muydu? 7 senedir literat\u00fcre kamusal alan\u0131 soktular&#8221; dedi. <\/p>\n","protected":false},"author":1,"featured_media":0,"comment_status":"open","ping_status":"closed","sticky":false,"template":"","format":"standard","meta":{"footnotes":""},"categories":[105],"tags":[],"class_list":["post-26296","post","type-post","status-publish","format-standard","hentry","category-gundem","odd"],"_links":{"self":[{"href":"http:\/\/www.korhanyilmaz.com\/index.php?rest_route=\/wp\/v2\/posts\/26296","targetHints":{"allow":["GET"]}}],"collection":[{"href":"http:\/\/www.korhanyilmaz.com\/index.php?rest_route=\/wp\/v2\/posts"}],"about":[{"href":"http:\/\/www.korhanyilmaz.com\/index.php?rest_route=\/wp\/v2\/types\/post"}],"author":[{"embeddable":true,"href":"http:\/\/www.korhanyilmaz.com\/index.php?rest_route=\/wp\/v2\/users\/1"}],"replies":[{"embeddable":true,"href":"http:\/\/www.korhanyilmaz.com\/index.php?rest_route=%2Fwp%2Fv2%2Fcomments&post=26296"}],"version-history":[{"count":0,"href":"http:\/\/www.korhanyilmaz.com\/index.php?rest_route=\/wp\/v2\/posts\/26296\/revisions"}],"wp:attachment":[{"href":"http:\/\/www.korhanyilmaz.com\/index.php?rest_route=%2Fwp%2Fv2%2Fmedia&parent=26296"}],"wp:term":[{"taxonomy":"category","embeddable":true,"href":"http:\/\/www.korhanyilmaz.com\/index.php?rest_route=%2Fwp%2Fv2%2Fcategories&post=26296"},{"taxonomy":"post_tag","embeddable":true,"href":"http:\/\/www.korhanyilmaz.com\/index.php?rest_route=%2Fwp%2Fv2%2Ftags&post=26296"}],"curies":[{"name":"wp","href":"https:\/\/api.w.org\/{rel}","templated":true}]}}